{"id":36637,"date":"2015-09-06T16:06:54","date_gmt":"2015-09-06T23:06:54","guid":{"rendered":"http:\/\/www.tvmasmagazine.com\/?p=36637"},"modified":"2015-09-06T16:07:22","modified_gmt":"2015-09-06T23:07:22","slug":"br-day-new-york-31a-edicion-de-la-fiesta-verde-y-amarilla","status":"publish","type":"post","link":"https:\/\/tvmasmagazine.com\/en\/2015\/09\/06\/br-day-new-york-31a-edicion-de-la-fiesta-verde-y-amarilla\/","title":{"rendered":"BR Day New York\u2019s press conference.  31st edition of this special event"},"content":{"rendered":"<p><div id=\"attachment_35988\" style=\"width: 610px\" class=\"wp-caption aligncenter\"><a href=\"http:\/\/www.tvmasmagazine.com\/wp-content\/uploads\/2015\/09\/Coletiva-de-imprensa-BR-Day-NY-2015-1.jpg\"><img loading=\"lazy\" decoding=\"async\" aria-describedby=\"caption-attachment-35988\" class=\"aligncenter size-full wp-image-36638\" src=\"http:\/\/www.tvmasmagazine.com\/wp-content\/uploads\/2015\/09\/Coletiva-de-imprensa-BR-Day-NY-2015-1.jpg\" alt=\"Coletiva de imprensa BR Day NY 2015 - 1\" width=\"600\" height=\"353\" srcset=\"https:\/\/tvmasmagazine.com\/wp-content\/uploads\/2015\/09\/Coletiva-de-imprensa-BR-Day-NY-2015-1.jpg 600w, https:\/\/tvmasmagazine.com\/wp-content\/uploads\/2015\/09\/Coletiva-de-imprensa-BR-Day-NY-2015-1-150x88.jpg 150w, https:\/\/tvmasmagazine.com\/wp-content\/uploads\/2015\/09\/Coletiva-de-imprensa-BR-Day-NY-2015-1-350x206.jpg 350w\" sizes=\"auto, (max-width: 600px) 100vw, 600px\" \/><\/a><p id=\"caption-attachment-35988\" class=\"wp-caption-text\">The group<\/p><\/div><\/p>\n<p style=\"text-align: justify;\">On this Saturday, September 5<sup>th<\/sup>, Globo gathered the press at the Andaz Hotel, in Manhattan, to introduce the attractions of BR Day New York 2015. Actor Bruno Gagliasso, who will be the MC of this year\u2019s show, as well as singers Paula Fernandes; F\u00e1bio Jr.; Olodum\u2019s vocalists, S\u00e1tyra Carvalho and Mateus Vidal; and musician\u00a0Pretinho da Serrinha,\u00a0spoke about their expectations for\u00a0the 31<sup>st<\/sup>\u00a0edition of this special event taking place\u00a0tomorrow, September 6<sup>th<\/sup>, on Sixth Avenue. The event was also attended by Globo\u2019s Director of Special Projects, Andr\u00e9 Dias, as well as the founder of the event, Jo\u00e3o de Matos.<\/p>\n<p style=\"text-align: justify;\">Andr\u00e9 began the press conference, thanking the artists and journalists for their presence, while recalling the great celebration held last year, when the event was re-branded as &#8220;BR Day New York&#8221;.\u00a0\u00a0\u201cThe\u00a0BR Day is a celebration that is possible thanks to the efforts of a large team. Last year, a heavy rain began during the party, and it was exciting to see that the crowd didn\u2019t leave the event, making the celebration even more beautiful. I\u2019m sure that the show\u00a0tomorrow\u00a0will be another success, which is assured by the participation of these great representatives of the Brazilian music,\u201d he commented.<\/p>\n<p style=\"text-align: justify;\">\u00a0The Director also explained this year\u2019s intent to celebrate the 30<sup>th<\/sup>Anniversary of famous Ax\u00e9 rhythm, which will be guaranteed by the presence of two\u00a0unrivaled\u00a0performers\u00a0from Bahia: Durval Leys and the Olodum. The show will have the romantic notes of the Brazilian country as well as songs considered Brazilian classics.<\/p>\n<p style=\"text-align: justify;\">\u00a0Next, a video about BR Day New York offered a preview of\u00a0tomorrow\u2019s\u00a0party, with scenes of behind the scenes event production required for an event of this magnitude. \u201cI\u2019m really happy to be representing Globo TV at this event and this \u00a0is a huge responsibility to me. The Brazilian public who come to the event really miss their home country\u201d\u00a0said Bruno Gagliasso, this year\u2019s event host. An enthusiastic Paula Fernandes also celebrated her participation in the event. \u201cIt\u2019s a huge privilege to be part of this team,\u201d she celebrated. \u201cI hope people will remember my songs,\u201d joked F\u00e1bio Jr., who will also bring classic songs from his career to Sixth Avenue, so that Brazilians living abroad can experience the emotions from their home country.<\/p>\n<p style=\"text-align: justify;\">In order to celebrate the 30<sup>th<\/sup>\u00a0Anniversary of Ax\u00e9, which took the music of the Brazilian state of Bahia to the world, Olodum, along with singer Durval Lelys, promise to represent the rhythm.<\/p>\n<p style=\"text-align: justify;\">\u201cWe chose to bring some of the Olodum\u2019s classics hits to New York,\u201d\u00a0said Mateus Vidal, singer for Olodum.\u00a0 \u201cThis is the band\u2019s first participation at the BR Day and we couldn\u2019t be happier,\u201d celebrated S\u00e1tyra Carvalho, also a singer.\u00a0Pretinho da Serrinha, responsible for the event\u2019s band, also showed a lot of enthusiasm.\u00a0\u201cI had an amazing rehearsal with Paula and F\u00e1bio Jr., we really connected.\u201d<\/p>\n<p style=\"text-align: justify;\">BR Day starts\u00a0today at\u00a01:00 pm\u00a0featuring\u00a0DJ\u00a0Boris to\u00a0warm up the event. Bruno Gagliasso will take the helm at\u00a02:00 pm, kicking off the show, which will end at\u00a06:00 pm. Plasma screens will be positioned along the Avenue to bring the audience even closer to the stage. The screens will also display Globo\u2019s international channel clips with special messages, and live images of the event. BR Day NY, produced by Globo, promises to shake the audience in a big show that once again celebrates the Brazilian spirit, the famous \u2018GreenYellow Mood\u2019.<\/p>\n<p><div id=\"attachment_35988\" style=\"width: 610px\" class=\"wp-caption aligncenter\"><a href=\"http:\/\/www.tvmasmagazine.com\/wp-content\/uploads\/2015\/09\/Coletiva-de-imprensa-BR-Day-NY-2015-2.jpg\"><img loading=\"lazy\" decoding=\"async\" aria-describedby=\"caption-attachment-35988\" class=\"aligncenter size-full wp-image-36639\" src=\"http:\/\/www.tvmasmagazine.com\/wp-content\/uploads\/2015\/09\/Coletiva-de-imprensa-BR-Day-NY-2015-2.jpg\" alt=\"Coletiva de imprensa BR Day NY 2015 - 2\" width=\"600\" height=\"398\" srcset=\"https:\/\/tvmasmagazine.com\/wp-content\/uploads\/2015\/09\/Coletiva-de-imprensa-BR-Day-NY-2015-2.jpg 600w, https:\/\/tvmasmagazine.com\/wp-content\/uploads\/2015\/09\/Coletiva-de-imprensa-BR-Day-NY-2015-2-150x100.jpg 150w, https:\/\/tvmasmagazine.com\/wp-content\/uploads\/2015\/09\/Coletiva-de-imprensa-BR-Day-NY-2015-2-350x232.jpg 350w\" sizes=\"auto, (max-width: 600px) 100vw, 600px\" \/><\/a><p id=\"caption-attachment-35988\" class=\"wp-caption-text\">Andr\u00e9 Dias, Globo\u2019s diretor of Special Projects; Jo\u00e3o de Matos, the BR Day founder; singer Paula Fernandes; Olodum singers Mateus Vidal and S\u00e1tyra Carvalho; actor Bruno Gagliasso; singer F\u00e1bio Jr.; and Pretinho da Serrinha.<\/p><\/div><\/p>","protected":false},"excerpt":{"rendered":"<p>On this Saturday, September 5th, Globo gathered the press at the Andaz Hotel, in Manhattan, to introduce the attractions of <a class=\"more-link\" href=\"https:\/\/tvmasmagazine.com\/en\/2015\/09\/06\/br-day-new-york-31a-edicion-de-la-fiesta-verde-y-amarilla\/\">&#8230;<\/a><\/p>\n","protected":false},"author":1,"featured_media":36639,"comment_status":"closed","ping_status":"closed","sticky":false,"template":"","format":"standard","meta":{"footnotes":""},"categories":[32,11,13],"tags":[],"class_list":["post-36637","post","type-post","status-publish","format-standard","has-post-thumbnail","hentry","category-festival","category-negocios","category-ultimas-noticias"],"_links":{"self":[{"href":"https:\/\/tvmasmagazine.com\/en\/wp-json\/wp\/v2\/posts\/36637","targetHints":{"allow":["GET"]}}],"collection":[{"href":"https:\/\/tvmasmagazine.com\/en\/wp-json\/wp\/v2\/posts"}],"about":[{"href":"https:\/\/tvmasmagazine.com\/en\/wp-json\/wp\/v2\/types\/post"}],"author":[{"embeddable":true,"href":"https:\/\/tvmasmagazine.com\/en\/wp-json\/wp\/v2\/users\/1"}],"replies":[{"embeddable":true,"href":"https:\/\/tvmasmagazine.com\/en\/wp-json\/wp\/v2\/comments?post=36637"}],"version-history":[{"count":1,"href":"https:\/\/tvmasmagazine.com\/en\/wp-json\/wp\/v2\/posts\/36637\/revisions"}],"predecessor-version":[{"id":36640,"href":"https:\/\/tvmasmagazine.com\/en\/wp-json\/wp\/v2\/posts\/36637\/revisions\/36640"}],"wp:featuredmedia":[{"embeddable":true,"href":"https:\/\/tvmasmagazine.com\/en\/wp-json\/wp\/v2\/media\/36639"}],"wp:attachment":[{"href":"https:\/\/tvmasmagazine.com\/en\/wp-json\/wp\/v2\/media?parent=36637"}],"wp:term":[{"taxonomy":"category","embeddable":true,"href":"https:\/\/tvmasmagazine.com\/en\/wp-json\/wp\/v2\/categories?post=36637"},{"taxonomy":"post_tag","embeddable":true,"href":"https:\/\/tvmasmagazine.com\/en\/wp-json\/wp\/v2\/tags?post=36637"}],"curies":[{"name":"wp","href":"https:\/\/api.w.org\/{rel}","templated":true}]}}