{"id":37081,"date":"2015-12-07T22:36:00","date_gmt":"2015-12-08T06:36:00","guid":{"rendered":"http:\/\/www.tvmasmagazine.com\/?p=37081"},"modified":"2015-12-07T22:36:00","modified_gmt":"2015-12-08T06:36:00","slug":"pelicula-documental-sobre-gabo-es-nominado-a-premios-goya","status":"publish","type":"post","link":"https:\/\/tvmasmagazine.com\/en\/2015\/12\/07\/pelicula-documental-sobre-gabo-es-nominado-a-premios-goya\/","title":{"rendered":"Gabo documentary film is nominated for Goya Awards"},"content":{"rendered":"<p><div id=\"attachment_35988\" style=\"width: 764px\" class=\"wp-caption aligncenter\"><a href=\"http:\/\/www.tvmasmagazine.com\/wp-content\/uploads\/2015\/12\/Gabriel-Garcia-Marquez.jpg\"><img loading=\"lazy\" decoding=\"async\" aria-describedby=\"caption-attachment-35988\" class=\"aligncenter size-large wp-image-37082\" src=\"http:\/\/www.tvmasmagazine.com\/wp-content\/uploads\/2015\/12\/Gabriel-Garcia-Marquez-1024x576.jpg\" alt=\"Gabriel Garcia Marquez\" width=\"754\" height=\"424\" srcset=\"https:\/\/tvmasmagazine.com\/wp-content\/uploads\/2015\/12\/Gabriel-Garcia-Marquez-1024x576.jpg 1024w, https:\/\/tvmasmagazine.com\/wp-content\/uploads\/2015\/12\/Gabriel-Garcia-Marquez-150x84.jpg 150w, https:\/\/tvmasmagazine.com\/wp-content\/uploads\/2015\/12\/Gabriel-Garcia-Marquez-350x197.jpg 350w, https:\/\/tvmasmagazine.com\/wp-content\/uploads\/2015\/12\/Gabriel-Garcia-Marquez.jpg 1920w\" sizes=\"auto, (max-width: 754px) 100vw, 754px\" \/><\/a><p id=\"caption-attachment-35988\" class=\"wp-caption-text\"><em>La creaci\u00f3n de Gabriel Garc\u00eda M\u00e1rquez<\/em><\/p><\/div><\/p>\n<p style=\"text-align: justify;\">The documentary film &#8220;The creation of Gabriel Garc\u00eda M\u00e1rquez,&#8221; which chronicles the life of the Nobel Prize for Literature is one of the titles nominated for the Goya Awards in Spain.<\/p>\n<p style=\"text-align: justify;\">Under the direction of Justin Webster, the film participates in six categories, including best documentary film.<\/p>\n<p style=\"text-align: justify;\">The film premiered this Tuesday in Barcelona with an exhausted box office and is expected to repeat this event in cities such as Madrid and Catalonia.<\/p>\n<p style=\"text-align: justify;\">The nominations for the Goya Awards will be officially announced next December 14.<\/p>\n<p><\/p>","protected":false},"excerpt":{"rendered":"<p>The documentary film &#8220;The creation of Gabriel Garc\u00eda M\u00e1rquez,&#8221; which chronicles the life of the Nobel Prize for Literature is <a class=\"more-link\" href=\"https:\/\/tvmasmagazine.com\/en\/2015\/12\/07\/pelicula-documental-sobre-gabo-es-nominado-a-premios-goya\/\">&#8230;<\/a><\/p>\n","protected":false},"author":1,"featured_media":37082,"comment_status":"closed","ping_status":"closed","sticky":false,"template":"","format":"standard","meta":{"footnotes":""},"categories":[15,13],"tags":[],"class_list":["post-37081","post","type-post","status-publish","format-standard","has-post-thumbnail","hentry","category-cine","category-ultimas-noticias"],"_links":{"self":[{"href":"https:\/\/tvmasmagazine.com\/en\/wp-json\/wp\/v2\/posts\/37081","targetHints":{"allow":["GET"]}}],"collection":[{"href":"https:\/\/tvmasmagazine.com\/en\/wp-json\/wp\/v2\/posts"}],"about":[{"href":"https:\/\/tvmasmagazine.com\/en\/wp-json\/wp\/v2\/types\/post"}],"author":[{"embeddable":true,"href":"https:\/\/tvmasmagazine.com\/en\/wp-json\/wp\/v2\/users\/1"}],"replies":[{"embeddable":true,"href":"https:\/\/tvmasmagazine.com\/en\/wp-json\/wp\/v2\/comments?post=37081"}],"version-history":[{"count":1,"href":"https:\/\/tvmasmagazine.com\/en\/wp-json\/wp\/v2\/posts\/37081\/revisions"}],"predecessor-version":[{"id":37083,"href":"https:\/\/tvmasmagazine.com\/en\/wp-json\/wp\/v2\/posts\/37081\/revisions\/37083"}],"wp:featuredmedia":[{"embeddable":true,"href":"https:\/\/tvmasmagazine.com\/en\/wp-json\/wp\/v2\/media\/37082"}],"wp:attachment":[{"href":"https:\/\/tvmasmagazine.com\/en\/wp-json\/wp\/v2\/media?parent=37081"}],"wp:term":[{"taxonomy":"category","embeddable":true,"href":"https:\/\/tvmasmagazine.com\/en\/wp-json\/wp\/v2\/categories?post=37081"},{"taxonomy":"post_tag","embeddable":true,"href":"https:\/\/tvmasmagazine.com\/en\/wp-json\/wp\/v2\/tags?post=37081"}],"curies":[{"name":"wp","href":"https:\/\/api.w.org\/{rel}","templated":true}]}}