{"id":38465,"date":"2018-02-12T00:32:07","date_gmt":"2018-02-12T08:32:07","guid":{"rendered":"http:\/\/www.tvmasmagazine.com\/?p=38465"},"modified":"2018-02-12T07:41:14","modified_gmt":"2018-02-12T15:41:14","slug":"kara-para-ask-de-ay-yapim-de-turquia-estrena-el-14-de-febrero-en-telefe","status":"publish","type":"post","link":"https:\/\/tvmasmagazine.com\/en\/2018\/02\/12\/kara-para-ask-de-ay-yapim-de-turquia-estrena-el-14-de-febrero-en-telefe\/","title":{"rendered":"Kara para Ask of Ay Yapim from Turkey premieres on February 14 on Telefe"},"content":{"rendered":"<p><\/p>\n<div><a href=\"http:\/\/www.tvmasmagazine.com\/wp-content\/uploads\/2018\/02\/download-2.jpg\"><img loading=\"lazy\" decoding=\"async\" class=\" wp-image-38466 aligncenter\" src=\"http:\/\/www.tvmasmagazine.com\/wp-content\/uploads\/2018\/02\/download-2.jpg\" alt=\"\" width=\"291\" height=\"246\" \/><\/a>This compelling story is produced by\u00a0<b>Ay Yap\u0131m<\/b>\u00a0and distributed by\u00a0<b>Inter Medya<\/b>, was broadcast\u00a0through ATV in 2014. The series was sold to more than 107 global territories, 20 of them in Latin America.<\/div>\n<div><\/div>\n<div>Now the turn is for Telefe of Argentina that with its premiere hopes to engage the audiences of this country.<\/div>\n<div><\/div>\n<div><i>Kara para\u00a0Ask<\/i>\u00a0is the story Omar Demir a handsome, honest and full of ambitions commissioner. He is engaged to Sibel, a young teacher with whom he decides to travel to Istanbul to organize the final details of his wedding. However, Omar&#8217;s life will change radically when an unexpected tragedy happens.<\/div>\n<div><\/div>\n<p class=\"m_-7011342312855133595x_MsoNormal\">Starring Engin Akyurek\u00a0<i>(What&#8217;s wrong with\u00a0Fatmagul?<\/i>),\u00a0whose performance earned him several awards in Turkey and a nomination as best Actor in the International Emmy Awards. Tuba B\u00fcy\u00fck\u00fcst\u00fcn, Nebahat \u00c7ehre, Ayta\u00e7 Arman, Erkan Can, Emre Kizilirmak, Saygin Soysal, Burak Tamdogan, Tuvana T\u00fcrkay, complete the cast.<\/p>\n<p><\/p>","protected":false},"excerpt":{"rendered":"<p>This compelling story is produced by\u00a0Ay Yap\u0131m\u00a0and distributed by\u00a0Inter Medya, was broadcast\u00a0through ATV in 2014. The series was sold to <a class=\"more-link\" href=\"https:\/\/tvmasmagazine.com\/en\/2018\/02\/12\/kara-para-ask-de-ay-yapim-de-turquia-estrena-el-14-de-febrero-en-telefe\/\">&#8230;<\/a><\/p>\n","protected":false},"author":1,"featured_media":0,"comment_status":"closed","ping_status":"closed","sticky":false,"template":"","format":"standard","meta":{"footnotes":""},"categories":[74,80,73,47,13],"tags":[],"class_list":["post-38465","post","type-post","status-publish","format-standard","hentry","category-estrenos-telenovelas-series","category-ott","category-telenovelas-series","category-tv-de-pagp","category-ultimas-noticias"],"_links":{"self":[{"href":"https:\/\/tvmasmagazine.com\/en\/wp-json\/wp\/v2\/posts\/38465","targetHints":{"allow":["GET"]}}],"collection":[{"href":"https:\/\/tvmasmagazine.com\/en\/wp-json\/wp\/v2\/posts"}],"about":[{"href":"https:\/\/tvmasmagazine.com\/en\/wp-json\/wp\/v2\/types\/post"}],"author":[{"embeddable":true,"href":"https:\/\/tvmasmagazine.com\/en\/wp-json\/wp\/v2\/users\/1"}],"replies":[{"embeddable":true,"href":"https:\/\/tvmasmagazine.com\/en\/wp-json\/wp\/v2\/comments?post=38465"}],"version-history":[{"count":1,"href":"https:\/\/tvmasmagazine.com\/en\/wp-json\/wp\/v2\/posts\/38465\/revisions"}],"predecessor-version":[{"id":38467,"href":"https:\/\/tvmasmagazine.com\/en\/wp-json\/wp\/v2\/posts\/38465\/revisions\/38467"}],"wp:attachment":[{"href":"https:\/\/tvmasmagazine.com\/en\/wp-json\/wp\/v2\/media?parent=38465"}],"wp:term":[{"taxonomy":"category","embeddable":true,"href":"https:\/\/tvmasmagazine.com\/en\/wp-json\/wp\/v2\/categories?post=38465"},{"taxonomy":"post_tag","embeddable":true,"href":"https:\/\/tvmasmagazine.com\/en\/wp-json\/wp\/v2\/tags?post=38465"}],"curies":[{"name":"wp","href":"https:\/\/api.w.org\/{rel}","templated":true}]}}