{"id":41209,"date":"2019-06-01T05:19:41","date_gmt":"2019-06-01T12:19:41","guid":{"rendered":"http:\/\/www.tvmasmagazine.com\/?p=41209"},"modified":"2019-06-14T20:31:12","modified_gmt":"2019-06-15T03:31:12","slug":"rtve-cerro-con-exito-su-ii-showcase-en-madrid","status":"publish","type":"post","link":"https:\/\/tvmasmagazine.com\/en\/2019\/06\/01\/rtve-cerro-con-exito-su-ii-showcase-en-madrid\/","title":{"rendered":"RTVE successfully closed its II Showcase in Madrid"},"content":{"rendered":"<p>EVENTS \/ CONTENTS<\/p>\n<p><strong>&#8220;The interest is to improve our audiences, but always with a characteristic, the hallmark of quality with which we broadcast,&#8221; said at the opening ceremony RTVE&#8217;s CEO, Federico Montero.<\/strong><\/p>\n<div id=\"attachment_41210\" style=\"width: 499px\" class=\"wp-caption aligncenter\"><img loading=\"lazy\" decoding=\"async\" aria-describedby=\"caption-attachment-41210\" class=\"wp-image-41210\" src=\"http:\/\/www.tvmasmagazine.com\/wp-content\/uploads\/2019\/06\/Malaka-01-350x119.jpg\" alt=\"\" width=\"489\" height=\"177\" \/><p id=\"caption-attachment-41210\" class=\"wp-caption-text\">\u00a0 \u00a0 \u00a0 \u00a0 \u00a0 \u00a0 \u00a0 \u00a0 \u00a0 \u00a0 \u00a0 \u00a0 \u00a0 \u00a0 \u00a0 \u00a0 \u00a0 \u00a0 \u00a0 \u00a0 \u00a0 \u00a0 \u00a0 \u00a0 \u00a0 \u00a0 \u00a0 \u00a0 \u00a0 Malaka<\/p><\/div>\n<p style=\"font-weight: 400;\">From May 26 to 28 at the Puerta de Am\u00e9rica Hotel in Madrid and under the slogan &#8216;A world of emotions&#8217; RTVE received more than 300 representatives of pay-TV broadcasting from Europe, America and Asia. With the presence of the only Provisional Administrator Rosa Mar\u00eda Mateo, Rodolfo Dominguez Commercial Director of the corporation, Eladio Jare\u00f1o, Director of TVE, Fran Llorente, Director of Projects and Strategy, Mar\u00eda Escario, Director of Communication, Institutional Relations and Mar\u00eda Jes\u00fas P\u00e9rez, Director of International Sales, among other important delegates of the corporation, the event exceeded expectations.<\/p>\n<p style=\"font-weight: 400;\">It is about a space for creators, content directors and acquisitions. To debate and participate in round tables, to analyze the state of fiction, the importance of music in audiovisual productions and adaptations for film and TV.<\/p>\n<div id=\"attachment_41211\" style=\"width: 360px\" class=\"wp-caption aligncenter\"><img loading=\"lazy\" decoding=\"async\" aria-describedby=\"caption-attachment-41211\" class=\"wp-image-41211 size-medium\" src=\"http:\/\/www.tvmasmagazine.com\/wp-content\/uploads\/2019\/06\/Hospital-Valle-Norte-01-350x233.jpg\" alt=\"\" width=\"350\" height=\"233\" srcset=\"https:\/\/tvmasmagazine.com\/wp-content\/uploads\/2019\/06\/Hospital-Valle-Norte-01-350x233.jpg 350w, https:\/\/tvmasmagazine.com\/wp-content\/uploads\/2019\/06\/Hospital-Valle-Norte-01-150x100.jpg 150w, https:\/\/tvmasmagazine.com\/wp-content\/uploads\/2019\/06\/Hospital-Valle-Norte-01-768x512.jpg 768w, https:\/\/tvmasmagazine.com\/wp-content\/uploads\/2019\/06\/Hospital-Valle-Norte-01-1024x683.jpg 1024w\" sizes=\"auto, (max-width: 350px) 100vw, 350px\" \/><p id=\"caption-attachment-41211\" class=\"wp-caption-text\">\u00a0 \u00a0 \u00a0 \u00a0 \u00a0 \u00a0 \u00a0 \u00a0 \u00a0 \u00a0 \u00a0 \u00a0 \u00a0 \u00a0 \u00a0 \u00a0 \u00a0 Hospital Valle Norte<\/p><\/div>\n<p>A key announcement was the second season of the\u00a0<em>La caza.<\/em>\u00a0<em>Monteperdido<\/em>\u00a0eight-episode series that already has several internationally committed sales. The fiction\u00a0<em>La Otra Mirada<\/em>\u00a0has been licensed for a broadcaster from Finland and will have its second season,\u00a0<em>Sabuesos<\/em>\u00a0for Japan and\u00a0<em>Ay, Carmen<\/em>\u00a0to the Czech Republic.<\/p>\n<p>Globomedia showed the first images of Malaka, the thriller in full recording in M\u00e1laga, &#8220;We will show the M\u00e1laga that nobody knows&#8221; said its creator Daniel Corpas Hansen.\u00a0<em>Estoy Vivo<\/em>\u00a0prepares its third season, according to its creator Daniel Escija.<\/p>\n<div id=\"attachment_41212\" style=\"width: 492px\" class=\"wp-caption aligncenter\"><img loading=\"lazy\" decoding=\"async\" aria-describedby=\"caption-attachment-41212\" class=\"wp-image-41212 \" src=\"http:\/\/www.tvmasmagazine.com\/wp-content\/uploads\/2019\/06\/Sabuesos-350x111.jpg\" alt=\"\" width=\"482\" height=\"153\" srcset=\"https:\/\/tvmasmagazine.com\/wp-content\/uploads\/2019\/06\/Sabuesos-350x111.jpg 350w, https:\/\/tvmasmagazine.com\/wp-content\/uploads\/2019\/06\/Sabuesos-150x48.jpg 150w, https:\/\/tvmasmagazine.com\/wp-content\/uploads\/2019\/06\/Sabuesos-768x244.jpg 768w, https:\/\/tvmasmagazine.com\/wp-content\/uploads\/2019\/06\/Sabuesos-1024x325.jpg 1024w\" sizes=\"auto, (max-width: 482px) 100vw, 482px\" \/><p id=\"caption-attachment-41212\" class=\"wp-caption-text\">\u00a0 \u00a0 \u00a0 \u00a0 \u00a0 \u00a0 \u00a0 \u00a0 \u00a0 \u00a0 \u00a0 \u00a0 \u00a0 \u00a0 \u00a0 \u00a0 \u00a0 \u00a0 \u00a0 Sabuesos &#8211; La otra mirada<\/p><\/div>\n<p><em>&#8220;<strong>Creating fiction for global consumption<\/strong>&#8220;<\/em>\u00a0a debate among experts of the stature of Ramon Campos, Daniel Ecija, Jose Manuel Lorenzo, Tedy Villaba and Joaquin Oristell, opened highways to attendees.<\/p>\n<p><strong><em>&#8220;Literary adaptations for film and TV&#8221;<\/em><\/strong>\u00a0debated novelists Laura Garz\u00f3n and Agustina Martinez, screenwriter Ignasi Rubio, RTVE Director of the Film area Maite Lopez Pisonero, the Commercial Director of the corporation Rodolfo Dominguez and Paco Mateo.<\/p>\n<p>The event was closed by Jare\u00f1o who mentioned that in 2019 Televisi\u00f3n Espa\u00f1ola will premiere eleven national production series and reviewed the most powerful documentary bets such as<em>\u00a0&#8216;Hundidos&#8217;, &#8216;Los Cielos Espa\u00f1oles&#8217;\u00a0<\/em>and\u00a0<em>&#8216;Imprescindibles.&#8217;<\/em><\/p>\n<div id=\"attachment_41213\" style=\"width: 360px\" class=\"wp-caption aligncenter\"><img loading=\"lazy\" decoding=\"async\" aria-describedby=\"caption-attachment-41213\" class=\"wp-image-41213 size-medium\" src=\"http:\/\/www.tvmasmagazine.com\/wp-content\/uploads\/2019\/06\/La-caza.-Monteperdido-350x226.jpg\" alt=\"\" width=\"350\" height=\"226\" srcset=\"https:\/\/tvmasmagazine.com\/wp-content\/uploads\/2019\/06\/La-caza.-Monteperdido-350x226.jpg 350w, https:\/\/tvmasmagazine.com\/wp-content\/uploads\/2019\/06\/La-caza.-Monteperdido-150x97.jpg 150w, https:\/\/tvmasmagazine.com\/wp-content\/uploads\/2019\/06\/La-caza.-Monteperdido-768x496.jpg 768w, https:\/\/tvmasmagazine.com\/wp-content\/uploads\/2019\/06\/La-caza.-Monteperdido-1024x661.jpg 1024w\" sizes=\"auto, (max-width: 350px) 100vw, 350px\" \/><p id=\"caption-attachment-41213\" class=\"wp-caption-text\">\u00a0 \u00a0 \u00a0 \u00a0 \u00a0 \u00a0 \u00a0 \u00a0 \u00a0 \u00a0 \u00a0 \u00a0 \u00a0 \u00a0La caza. Monteperdidos.<\/p><\/div>\n<p>Very happy the organizers announced their third showcase for May or June 2020 and the participants promised to return.<\/p>","protected":false},"excerpt":{"rendered":"<p>EVENTS \/ CONTENTS &#8220;The interest is to improve our audiences, but always with a characteristic, the hallmark of quality with <a class=\"more-link\" href=\"https:\/\/tvmasmagazine.com\/en\/2019\/06\/01\/rtve-cerro-con-exito-su-ii-showcase-en-madrid\/\">&#8230;<\/a><\/p>\n","protected":false},"author":1,"featured_media":0,"comment_status":"closed","ping_status":"closed","sticky":false,"template":"","format":"standard","meta":{"footnotes":""},"categories":[80,73,79,47],"tags":[],"class_list":["post-41209","post","type-post","status-publish","format-standard","hentry","category-ott","category-telenovelas-series","category-tv-abierta","category-tv-de-pagp"],"_links":{"self":[{"href":"https:\/\/tvmasmagazine.com\/en\/wp-json\/wp\/v2\/posts\/41209","targetHints":{"allow":["GET"]}}],"collection":[{"href":"https:\/\/tvmasmagazine.com\/en\/wp-json\/wp\/v2\/posts"}],"about":[{"href":"https:\/\/tvmasmagazine.com\/en\/wp-json\/wp\/v2\/types\/post"}],"author":[{"embeddable":true,"href":"https:\/\/tvmasmagazine.com\/en\/wp-json\/wp\/v2\/users\/1"}],"replies":[{"embeddable":true,"href":"https:\/\/tvmasmagazine.com\/en\/wp-json\/wp\/v2\/comments?post=41209"}],"version-history":[{"count":1,"href":"https:\/\/tvmasmagazine.com\/en\/wp-json\/wp\/v2\/posts\/41209\/revisions"}],"predecessor-version":[{"id":41214,"href":"https:\/\/tvmasmagazine.com\/en\/wp-json\/wp\/v2\/posts\/41209\/revisions\/41214"}],"wp:attachment":[{"href":"https:\/\/tvmasmagazine.com\/en\/wp-json\/wp\/v2\/media?parent=41209"}],"wp:term":[{"taxonomy":"category","embeddable":true,"href":"https:\/\/tvmasmagazine.com\/en\/wp-json\/wp\/v2\/categories?post=41209"},{"taxonomy":"post_tag","embeddable":true,"href":"https:\/\/tvmasmagazine.com\/en\/wp-json\/wp\/v2\/tags?post=41209"}],"curies":[{"name":"wp","href":"https:\/\/api.w.org\/{rel}","templated":true}]}}