{"id":54066,"date":"2021-06-15T15:12:43","date_gmt":"2021-06-15T22:12:43","guid":{"rendered":"https:\/\/www.tvmasmagazine.com\/?p=54066"},"modified":"2021-06-15T15:12:43","modified_gmt":"2021-06-15T22:12:43","slug":"wawa-una-ventana-para-generar-alianzas-e-incentivar-la-produccion","status":"publish","type":"post","link":"https:\/\/tvmasmagazine.com\/en\/2021\/06\/15\/wawa-una-ventana-para-generar-alianzas-e-incentivar-la-produccion\/","title":{"rendered":"WAWA a window to generate alliances and incentivize production"},"content":{"rendered":"<p>ASSOCIATIONS \/ EVENTS<\/p>\n<p><span style=\"color: #333399;\"><strong>All set for the holding of the event to promote alliances and business between professionals from around the world by the Worldwide Audiovisual Women\u2019s Association this June 17<\/strong><\/span><\/p>\n<div id=\"attachment_54067\" style=\"width: 360px\" class=\"wp-caption alignnone\"><img loading=\"lazy\" decoding=\"async\" aria-describedby=\"caption-attachment-54067\" class=\"size-medium wp-image-54067\" src=\"https:\/\/www.tvmasmagazine.com\/wp-content\/uploads\/2021\/06\/FOTO-350x240.jpg\" alt=\"Carolina Cordero y Francesca Ib\u00e1\u00f1ez Vilar\u00f3\" width=\"350\" height=\"240\" srcset=\"https:\/\/tvmasmagazine.com\/wp-content\/uploads\/2021\/06\/FOTO-350x240.jpg 350w, https:\/\/tvmasmagazine.com\/wp-content\/uploads\/2021\/06\/FOTO-1024x702.jpg 1024w, https:\/\/tvmasmagazine.com\/wp-content\/uploads\/2021\/06\/FOTO-150x103.jpg 150w, https:\/\/tvmasmagazine.com\/wp-content\/uploads\/2021\/06\/FOTO-768x527.jpg 768w, https:\/\/tvmasmagazine.com\/wp-content\/uploads\/2021\/06\/FOTO.jpg 1458w\" sizes=\"auto, (max-width: 350px) 100vw, 350px\" \/><p id=\"caption-attachment-54067\" class=\"wp-caption-text\">Carolina Cordero y Francesca Ib\u00e1\u00f1ez Vilar\u00f3<\/p><\/div>\n<p>Text Aimed at more than 400 partners around the world, and all those involved in the audiovisual industry, this event will serve as a platform for participants to present projects with which they seek an ally to co-produce, either as a partner or as an investor, this being a great opportunity for &#8220;networking&#8221; and development.<\/p>\n<p>\u201cThis event responds to the need of the members themselves to establish action bridges to develop more and better productions. Our organization is growing rapidly, and these initiatives are platforms that provide great support to our associates\u201d, says Carolina Cordero, general manager of the organization, who adds that the event via Zoom will consist of presentations of approximately three minutes.<\/p>\n<p>She also highlights those men are not excluded from WAWA&#8217;s innovative proposals and to promote their participation, the \u201cEvent Pass\u201d has been designed, an investment model with which they can be part of the organization.<\/p>\n<p>After having produced WAWA Business Forum 2021 and WAWA First Look Turkey, the organization faces this new challenge to continue generating business opportunities and success for all its associates.<\/p>\n<p>Testimony of the first Business Forum. &#8220;Thanks to the presentation of DERANGED GRANNY, IMOTO PRODUCTIONS of Los Angeles has just signed a license agreement for the premiere of the title on Lifetime Latin America.&#8221; Francesca Ib\u00e1\u00f1ez from CESCA Films.<\/p>\n<p><a href=\"http:\/\/wawaassociation.com\">http:\/\/wawaassociation.com<\/a><\/p>","protected":false},"excerpt":{"rendered":"<p>ASSOCIATIONS \/ EVENTS All set for the holding of the event to promote alliances and business between professionals from around <a class=\"more-link\" href=\"https:\/\/tvmasmagazine.com\/en\/2021\/06\/15\/wawa-una-ventana-para-generar-alianzas-e-incentivar-la-produccion\/\">&#8230;<\/a><\/p>\n","protected":false},"author":1,"featured_media":0,"comment_status":"closed","ping_status":"closed","sticky":false,"template":"","format":"standard","meta":{"footnotes":""},"categories":[80,1,79,47],"tags":[],"class_list":["post-54066","post","type-post","status-publish","format-standard","hentry","category-ott","category-sin-categoria","category-tv-abierta","category-tv-de-pagp"],"_links":{"self":[{"href":"https:\/\/tvmasmagazine.com\/en\/wp-json\/wp\/v2\/posts\/54066","targetHints":{"allow":["GET"]}}],"collection":[{"href":"https:\/\/tvmasmagazine.com\/en\/wp-json\/wp\/v2\/posts"}],"about":[{"href":"https:\/\/tvmasmagazine.com\/en\/wp-json\/wp\/v2\/types\/post"}],"author":[{"embeddable":true,"href":"https:\/\/tvmasmagazine.com\/en\/wp-json\/wp\/v2\/users\/1"}],"replies":[{"embeddable":true,"href":"https:\/\/tvmasmagazine.com\/en\/wp-json\/wp\/v2\/comments?post=54066"}],"version-history":[{"count":2,"href":"https:\/\/tvmasmagazine.com\/en\/wp-json\/wp\/v2\/posts\/54066\/revisions"}],"predecessor-version":[{"id":54069,"href":"https:\/\/tvmasmagazine.com\/en\/wp-json\/wp\/v2\/posts\/54066\/revisions\/54069"}],"wp:attachment":[{"href":"https:\/\/tvmasmagazine.com\/en\/wp-json\/wp\/v2\/media?parent=54066"}],"wp:term":[{"taxonomy":"category","embeddable":true,"href":"https:\/\/tvmasmagazine.com\/en\/wp-json\/wp\/v2\/categories?post=54066"},{"taxonomy":"post_tag","embeddable":true,"href":"https:\/\/tvmasmagazine.com\/en\/wp-json\/wp\/v2\/tags?post=54066"}],"curies":[{"name":"wp","href":"https:\/\/api.w.org\/{rel}","templated":true}]}}