{"id":60768,"date":"2022-04-20T08:42:38","date_gmt":"2022-04-20T11:42:38","guid":{"rendered":"https:\/\/tvmasmagazine.com\/?p=60768"},"modified":"2022-07-20T21:59:29","modified_gmt":"2022-07-21T00:59:29","slug":"univision-estrenara-el-ultimo-rey-el-hijo-del-pueblo","status":"publish","type":"post","link":"https:\/\/tvmasmagazine.com\/en\/2022\/04\/20\/univision-estrenara-el-ultimo-rey-el-hijo-del-pueblo\/","title":{"rendered":"Univision will Premiere \u201cEl \u00daltimo Rey: El Hijo del Pueblo\u201d"},"content":{"rendered":"<p><span style=\"color: #ff6600;\">BIOSERIES \/ SOAP OPERA \/ PREMIERE<\/span><\/p>\n<p><img loading=\"lazy\" decoding=\"async\" class=\"size-full wp-image-60771 aligncenter\" src=\"https:\/\/tvmasmagazine.com\/wp-content\/uploads\/2022\/04\/EL-ULTIMO-REY-EL-HIJO-DEL-PUEBLO.jpg\" alt=\"\" width=\"1430\" height=\"953\" srcset=\"https:\/\/tvmasmagazine.com\/wp-content\/uploads\/2022\/04\/EL-ULTIMO-REY-EL-HIJO-DEL-PUEBLO.jpg 1430w, https:\/\/tvmasmagazine.com\/wp-content\/uploads\/2022\/04\/EL-ULTIMO-REY-EL-HIJO-DEL-PUEBLO-350x233.jpg 350w, https:\/\/tvmasmagazine.com\/wp-content\/uploads\/2022\/04\/EL-ULTIMO-REY-EL-HIJO-DEL-PUEBLO-1024x682.jpg 1024w, https:\/\/tvmasmagazine.com\/wp-content\/uploads\/2022\/04\/EL-ULTIMO-REY-EL-HIJO-DEL-PUEBLO-150x100.jpg 150w, https:\/\/tvmasmagazine.com\/wp-content\/uploads\/2022\/04\/EL-ULTIMO-REY-EL-HIJO-DEL-PUEBLO-768x512.jpg 768w\" sizes=\"auto, (max-width: 1430px) 100vw, 1430px\" \/><\/p>\n<p><strong><span style=\"color: #000080;\">The Series Features an All-Star Cast Including Pablo Montero, Ang\u00e9lica Arag\u00f3n, Salvador S\u00e1nchez, Iliana Fox, Jes\u00fas Mor\u00e9, Iv\u00e1n Arana, Emilio Osorio, and Vince Miranda.<\/span><\/strong><\/p>\n<p><a href=\"https:\/\/www.univision.com\/\">Univision<\/a> announced the premiere date for \u201cEl \u00daltimo Rey: El Hijo del Pueblo,\u201d the anticipated bioseries about music legend Vicente Fern\u00e1ndez starring Mexican singer and actor Pablo Montero. \u201cEl \u00daltimo Rey: El Hijo del Pueblo,\u201d by the renowned TV producer Juan Osorio, will premiere in the U.S. on May 17 at 10 p.m. ET on Univision.<\/p>\n<p>From his humble beginnings to his rise to fame and everything in between, \u201cEl \u00daltimo Rey: El Hijo del Pueblo\u201d tells the aspirational story of the life and legacy of Vicente Fern\u00e1ndez, the King of Ranchera music. Audiences will relive Fernandez\u2019s most important moments in life, including events that defined him, his great love story, personal tragedies, and the sacrifices he made that turned him into the beloved cultural icon he became.<\/p>\n<p>\u201cIt is a privilege and an honor to bring Vicente Fern\u00e1ndez\u2019s life and legacy to the screen with a compelling story in a way that only TelevisaUnivision can tell,\u201d <strong>said Juan Osorio, executive producer.<\/strong> \u201cThis aspirational story features exclusive content and moments that will evoke feelings of nostalgia and admiration for the man behind the idol that captivated Mexico and the world.\u201d<\/p>\n<p>Osorio has produced more than 27 series and melodramas including \u201cSoltero con hijas\u201d (Single with Daughters), \u201cMi marido tiene familia\u201d (My Husband Has a Family), \u201c\u00bfQu\u00e9 le pasa a mi familia?\u201d (What Happens to My Family?), and more.<\/p>\n<p>The star-studded cast includes Ang\u00e9lica Arag\u00f3n, Iv\u00e1n Arana, Iliana Fox, Pablo Montero, Jes\u00fas Mor\u00e9, Emilio Osorio, Salvador S\u00e1nchez, and Vince Miranda.<\/p>\n<p>ADDITIONAL INFORMATION:<\/p>\n<p>The first season of \u201cEl \u00daltimo Rey, El Hijo del Pueblo\u201d reached a record-breaking 33 million viewers in Mexico.*Source: Nielsen Ibope Mexico.<\/p>\n<p>Viewers can join the conversation using the hashtag #ElUltimoReyUS and follow Univision on Facebook, Instagram, and Twitter.<\/p>\n<p>Visit\u202f<a href=\"https:\/\/corporate.televisaunivision.com\/\">televisaunivision.com<\/a>\u202ffor more information on TelevisaUnivision and follow @UnivisionPRTeam on\u202fTwitter\u202fand\u202fInstagram.<\/p>","protected":false},"excerpt":{"rendered":"<p>BIOSERIES \/ SOAP OPERA \/ PREMIERE The Series Features an All-Star Cast Including Pablo Montero, Ang\u00e9lica Arag\u00f3n, Salvador S\u00e1nchez, Iliana <a class=\"more-link\" href=\"https:\/\/tvmasmagazine.com\/en\/2022\/04\/20\/univision-estrenara-el-ultimo-rey-el-hijo-del-pueblo\/\">&#8230;<\/a><\/p>\n","protected":false},"author":1,"featured_media":60771,"comment_status":"closed","ping_status":"closed","sticky":false,"template":"","format":"standard","meta":{"footnotes":""},"categories":[40,256,73,79],"tags":[],"class_list":["post-60768","post","type-post","status-publish","format-standard","has-post-thumbnail","hentry","category-estrenos-old","category-series","category-telenovelas-series","category-tv-abierta"],"_links":{"self":[{"href":"https:\/\/tvmasmagazine.com\/en\/wp-json\/wp\/v2\/posts\/60768","targetHints":{"allow":["GET"]}}],"collection":[{"href":"https:\/\/tvmasmagazine.com\/en\/wp-json\/wp\/v2\/posts"}],"about":[{"href":"https:\/\/tvmasmagazine.com\/en\/wp-json\/wp\/v2\/types\/post"}],"author":[{"embeddable":true,"href":"https:\/\/tvmasmagazine.com\/en\/wp-json\/wp\/v2\/users\/1"}],"replies":[{"embeddable":true,"href":"https:\/\/tvmasmagazine.com\/en\/wp-json\/wp\/v2\/comments?post=60768"}],"version-history":[{"count":2,"href":"https:\/\/tvmasmagazine.com\/en\/wp-json\/wp\/v2\/posts\/60768\/revisions"}],"predecessor-version":[{"id":63325,"href":"https:\/\/tvmasmagazine.com\/en\/wp-json\/wp\/v2\/posts\/60768\/revisions\/63325"}],"wp:featuredmedia":[{"embeddable":true,"href":"https:\/\/tvmasmagazine.com\/en\/wp-json\/wp\/v2\/media\/60771"}],"wp:attachment":[{"href":"https:\/\/tvmasmagazine.com\/en\/wp-json\/wp\/v2\/media?parent=60768"}],"wp:term":[{"taxonomy":"category","embeddable":true,"href":"https:\/\/tvmasmagazine.com\/en\/wp-json\/wp\/v2\/categories?post=60768"},{"taxonomy":"post_tag","embeddable":true,"href":"https:\/\/tvmasmagazine.com\/en\/wp-json\/wp\/v2\/tags?post=60768"}],"curies":[{"name":"wp","href":"https:\/\/api.w.org\/{rel}","templated":true}]}}