{"id":64898,"date":"2022-09-06T23:00:29","date_gmt":"2022-09-07T02:00:29","guid":{"rendered":"https:\/\/tvmasmagazine.com\/?p=64898"},"modified":"2022-09-07T21:42:54","modified_gmt":"2022-09-08T00:42:54","slug":"el-talk-show-con-carmen-estrena-2a-temporada-en-e-entertainment","status":"publish","type":"post","link":"https:\/\/tvmasmagazine.com\/en\/2022\/09\/06\/el-talk-show-con-carmen-estrena-2a-temporada-en-e-entertainment\/","title":{"rendered":"The Talk show &#8216;Con Carmen&#8217; premieres its 2nd season on E! Entertainment"},"content":{"rendered":"<p><span style=\"color: #ff0000;\">Premieres | Talk Show<\/span><\/p>\n<p><img loading=\"lazy\" decoding=\"async\" class=\"size-full wp-image-64901 aligncenter\" src=\"https:\/\/tvmasmagazine.com\/wp-content\/uploads\/2022\/09\/NBC-UNI-CARMEN-TEMPORADA-2A-APAISADA-scaled.jpeg\" alt=\"\" width=\"2560\" height=\"1792\" srcset=\"https:\/\/tvmasmagazine.com\/wp-content\/uploads\/2022\/09\/NBC-UNI-CARMEN-TEMPORADA-2A-APAISADA-scaled.jpeg 2560w, https:\/\/tvmasmagazine.com\/wp-content\/uploads\/2022\/09\/NBC-UNI-CARMEN-TEMPORADA-2A-APAISADA-350x245.jpeg 350w, https:\/\/tvmasmagazine.com\/wp-content\/uploads\/2022\/09\/NBC-UNI-CARMEN-TEMPORADA-2A-APAISADA-1024x717.jpeg 1024w, https:\/\/tvmasmagazine.com\/wp-content\/uploads\/2022\/09\/NBC-UNI-CARMEN-TEMPORADA-2A-APAISADA-150x105.jpeg 150w, https:\/\/tvmasmagazine.com\/wp-content\/uploads\/2022\/09\/NBC-UNI-CARMEN-TEMPORADA-2A-APAISADA-768x538.jpeg 768w, https:\/\/tvmasmagazine.com\/wp-content\/uploads\/2022\/09\/NBC-UNI-CARMEN-TEMPORADA-2A-APAISADA-1536x1075.jpeg 1536w, https:\/\/tvmasmagazine.com\/wp-content\/uploads\/2022\/09\/NBC-UNI-CARMEN-TEMPORADA-2A-APAISADA-2048x1434.jpeg 2048w\" sizes=\"auto, (max-width: 2560px) 100vw, 2560px\" \/><\/p>\n<p><strong><span style=\"color: #000080;\">Under the creativity of the successful creative and disruptive Brazilian producer Marcello Coltro, the Mexican actress Carmen Aub (The Lord of the Skies, El Chema, Nobody&#8217;s Woman) returns with the premiere of the second season of her show.<\/span><\/strong><\/p>\n<p><strong><span style=\"color: #000080;\">The premiere is tomorrow, Wednesday, September 7 at 8 pm LatAm on E! Entertainment.<\/span><\/strong><\/p>\n<p>The original production bets with an offer on the competitive Latin American television. It is a format in which celebrities and experts reflect on the importance of breaking down stereotypes and promoting an increasingly inclusive society with female empowerment as the main axis.<\/p>\n<p>Innovative topics that cover mental health, an example is &#8216;how to train emotions as if they were muscles&#8217;, learn to choose oneself, the absence of self-love as a trigger for toxic relationships, love without ties, modern motherhood, life with pets etc. These are just some of the great debates that will be put on the table in this 2nd season.<\/p>\n<p><span style=\"color: #ff0000;\">With the presentation of Carmen Aub<\/span>, the program invites reflection based on life stories, successes, struggles and the points of view of experts, celebrities and special guests who share their experiences and great learning in a very intimate and personal way, without censures.<\/p>\n<div id=\"attachment_64899\" style=\"width: 2570px\" class=\"wp-caption aligncenter\"><img loading=\"lazy\" decoding=\"async\" aria-describedby=\"caption-attachment-64899\" class=\"size-full wp-image-64899\" src=\"https:\/\/tvmasmagazine.com\/wp-content\/uploads\/2022\/09\/NBC-UNI-CARMEN-ABUD-FOTO-UNO-scaled.jpeg\" alt=\"\" width=\"2560\" height=\"1707\" srcset=\"https:\/\/tvmasmagazine.com\/wp-content\/uploads\/2022\/09\/NBC-UNI-CARMEN-ABUD-FOTO-UNO-scaled.jpeg 2560w, https:\/\/tvmasmagazine.com\/wp-content\/uploads\/2022\/09\/NBC-UNI-CARMEN-ABUD-FOTO-UNO-350x233.jpeg 350w, https:\/\/tvmasmagazine.com\/wp-content\/uploads\/2022\/09\/NBC-UNI-CARMEN-ABUD-FOTO-UNO-1024x683.jpeg 1024w, https:\/\/tvmasmagazine.com\/wp-content\/uploads\/2022\/09\/NBC-UNI-CARMEN-ABUD-FOTO-UNO-150x100.jpeg 150w, https:\/\/tvmasmagazine.com\/wp-content\/uploads\/2022\/09\/NBC-UNI-CARMEN-ABUD-FOTO-UNO-768x512.jpeg 768w, https:\/\/tvmasmagazine.com\/wp-content\/uploads\/2022\/09\/NBC-UNI-CARMEN-ABUD-FOTO-UNO-1536x1024.jpeg 1536w, https:\/\/tvmasmagazine.com\/wp-content\/uploads\/2022\/09\/NBC-UNI-CARMEN-ABUD-FOTO-UNO-2048x1365.jpeg 2048w\" sizes=\"auto, (max-width: 2560px) 100vw, 2560px\" \/><p id=\"caption-attachment-64899\" class=\"wp-caption-text\">Fernanda Castillo (Enemigo \u00edntimo, Monarca), Felicia Mercado (La Casa del Aldo), Johanna Fadul (Sin Senos S\u00ed Hay Para\u00edso), Juli\u00e1n Gil (La Herencia) among many other Latin American stars, are some of the guests in each episode.<\/p><\/div>\n<p>&#8220;<strong>E! Entertainment amplifies the program on social networks<\/strong> and in a podcast, version seeking to promote empowerment and diversity, giving a voice to women and leaders who are agents of change beyond their race, age, gender identity and beauty patterns,\u201d said the actress and producer Marcello Coltro in the online presentation to the media.<\/p>\n<p>The premiere of this new season is tomorrow, Wednesday, September 7 at 8 pm LatAm.<\/p>\n<div id=\"attachment_64938\" style=\"width: 910px\" class=\"wp-caption aligncenter\"><img loading=\"lazy\" decoding=\"async\" aria-describedby=\"caption-attachment-64938\" class=\"wp-image-64938 size-full\" src=\"https:\/\/tvmasmagazine.com\/wp-content\/uploads\/2022\/09\/WhatsApp-Image-2022-09-06-at-19.26.09.jpg\" alt=\"\" width=\"900\" height=\"600\" srcset=\"https:\/\/tvmasmagazine.com\/wp-content\/uploads\/2022\/09\/WhatsApp-Image-2022-09-06-at-19.26.09.jpg 900w, https:\/\/tvmasmagazine.com\/wp-content\/uploads\/2022\/09\/WhatsApp-Image-2022-09-06-at-19.26.09-350x233.jpg 350w, https:\/\/tvmasmagazine.com\/wp-content\/uploads\/2022\/09\/WhatsApp-Image-2022-09-06-at-19.26.09-150x100.jpg 150w, https:\/\/tvmasmagazine.com\/wp-content\/uploads\/2022\/09\/WhatsApp-Image-2022-09-06-at-19.26.09-768x512.jpg 768w\" sizes=\"auto, (max-width: 900px) 100vw, 900px\" \/><p id=\"caption-attachment-64938\" class=\"wp-caption-text\">During oficial presentation<\/p><\/div>\n<p><div style=\"width: 640px;\" class=\"wp-video\"><video class=\"wp-video-shortcode\" id=\"video-64898-2\" width=\"640\" height=\"352\" preload=\"metadata\" controls=\"controls\"><source type=\"video\/mp4\" src=\"https:\/\/tvmasmagazine.com\/wp-content\/uploads\/2022\/09\/VID-20220906-WA0008.mp4?_=2\" \/><a href=\"https:\/\/tvmasmagazine.com\/wp-content\/uploads\/2022\/09\/VID-20220906-WA0008.mp4\">https:\/\/tvmasmagazine.com\/wp-content\/uploads\/2022\/09\/VID-20220906-WA0008.mp4<\/a><\/video><\/div><\/p>","protected":false},"excerpt":{"rendered":"<p>Premieres | Talk Show Under the creativity of the successful creative and disruptive Brazilian producer Marcello Coltro, the Mexican actress <a class=\"more-link\" href=\"https:\/\/tvmasmagazine.com\/en\/2022\/09\/06\/el-talk-show-con-carmen-estrena-2a-temporada-en-e-entertainment\/\">&#8230;<\/a><\/p>\n","protected":false},"author":1,"featured_media":64901,"comment_status":"closed","ping_status":"closed","sticky":false,"template":"","format":"standard","meta":{"footnotes":""},"categories":[40,84,80,47],"tags":[],"class_list":["post-64898","post","type-post","status-publish","format-standard","has-post-thumbnail","hentry","category-estrenos-old","category-innovadores","category-ott","category-tv-de-pagp"],"_links":{"self":[{"href":"https:\/\/tvmasmagazine.com\/en\/wp-json\/wp\/v2\/posts\/64898","targetHints":{"allow":["GET"]}}],"collection":[{"href":"https:\/\/tvmasmagazine.com\/en\/wp-json\/wp\/v2\/posts"}],"about":[{"href":"https:\/\/tvmasmagazine.com\/en\/wp-json\/wp\/v2\/types\/post"}],"author":[{"embeddable":true,"href":"https:\/\/tvmasmagazine.com\/en\/wp-json\/wp\/v2\/users\/1"}],"replies":[{"embeddable":true,"href":"https:\/\/tvmasmagazine.com\/en\/wp-json\/wp\/v2\/comments?post=64898"}],"version-history":[{"count":3,"href":"https:\/\/tvmasmagazine.com\/en\/wp-json\/wp\/v2\/posts\/64898\/revisions"}],"predecessor-version":[{"id":64942,"href":"https:\/\/tvmasmagazine.com\/en\/wp-json\/wp\/v2\/posts\/64898\/revisions\/64942"}],"wp:featuredmedia":[{"embeddable":true,"href":"https:\/\/tvmasmagazine.com\/en\/wp-json\/wp\/v2\/media\/64901"}],"wp:attachment":[{"href":"https:\/\/tvmasmagazine.com\/en\/wp-json\/wp\/v2\/media?parent=64898"}],"wp:term":[{"taxonomy":"category","embeddable":true,"href":"https:\/\/tvmasmagazine.com\/en\/wp-json\/wp\/v2\/categories?post=64898"},{"taxonomy":"post_tag","embeddable":true,"href":"https:\/\/tvmasmagazine.com\/en\/wp-json\/wp\/v2\/tags?post=64898"}],"curies":[{"name":"wp","href":"https:\/\/api.w.org\/{rel}","templated":true}]}}