{"id":67428,"date":"2023-11-06T15:39:45","date_gmt":"2023-11-06T18:39:45","guid":{"rendered":"https:\/\/tvmasmagazine.com\/?p=67428"},"modified":"2023-12-09T19:36:50","modified_gmt":"2023-12-09T22:36:50","slug":"entrevista-rtve-este-2023-hizo-grandes-apuestas-en-contenido","status":"publish","type":"post","link":"https:\/\/tvmasmagazine.com\/en\/2023\/11\/06\/entrevista-rtve-este-2023-hizo-grandes-apuestas-en-contenido\/","title":{"rendered":"INTERVIEW RTVE made big bets on content in 2023"},"content":{"rendered":"<p><strong><span style=\"color: #ff0000;\">SERIES | INTERNATIONAL EVENTS | CONTENTS | BUSINESS<\/span><\/strong><\/p>\n<p><img loading=\"lazy\" decoding=\"async\" class=\"aligncenter size-full wp-image-67429\" src=\"https:\/\/tvmasmagazine.com\/wp-content\/uploads\/2023\/11\/LA-PROMESA-RTVE-OK-OK-.jpg\" alt=\"\" width=\"1600\" height=\"1045\" srcset=\"https:\/\/tvmasmagazine.com\/wp-content\/uploads\/2023\/11\/LA-PROMESA-RTVE-OK-OK-.jpg 1600w, https:\/\/tvmasmagazine.com\/wp-content\/uploads\/2023\/11\/LA-PROMESA-RTVE-OK-OK--350x229.jpg 350w, https:\/\/tvmasmagazine.com\/wp-content\/uploads\/2023\/11\/LA-PROMESA-RTVE-OK-OK--1024x669.jpg 1024w, https:\/\/tvmasmagazine.com\/wp-content\/uploads\/2023\/11\/LA-PROMESA-RTVE-OK-OK--150x98.jpg 150w, https:\/\/tvmasmagazine.com\/wp-content\/uploads\/2023\/11\/LA-PROMESA-RTVE-OK-OK--768x502.jpg 768w, https:\/\/tvmasmagazine.com\/wp-content\/uploads\/2023\/11\/LA-PROMESA-RTVE-OK-OK--1536x1003.jpg 1536w\" sizes=\"auto, (max-width: 1600px) 100vw, 1600px\" \/><\/p>\n<p><strong><span style=\"color: #000080;\">Mar\u00eda Jes\u00fas P\u00e9rez, International Commercial Director of RTVE, in this conversation with TV<span style=\"color: #ff0000;\">MAS<\/span> said that the announcement of the co-production of <em>&#8216;Cicatriz&#8217;<\/em>, an action thriller at MIPCOM, has been very popular.<\/span><\/strong><\/p>\n<div id=\"attachment_67430\" style=\"width: 1218px\" class=\"wp-caption aligncenter\"><img loading=\"lazy\" decoding=\"async\" aria-describedby=\"caption-attachment-67430\" class=\"size-full wp-image-67430\" src=\"https:\/\/tvmasmagazine.com\/wp-content\/uploads\/2023\/11\/Captura-de-Pantalla-2023-11-06-a-las-10.47.19.png\" alt=\"\" width=\"1208\" height=\"760\" srcset=\"https:\/\/tvmasmagazine.com\/wp-content\/uploads\/2023\/11\/Captura-de-Pantalla-2023-11-06-a-las-10.47.19.png 1208w, https:\/\/tvmasmagazine.com\/wp-content\/uploads\/2023\/11\/Captura-de-Pantalla-2023-11-06-a-las-10.47.19-350x220.png 350w, https:\/\/tvmasmagazine.com\/wp-content\/uploads\/2023\/11\/Captura-de-Pantalla-2023-11-06-a-las-10.47.19-1024x644.png 1024w, https:\/\/tvmasmagazine.com\/wp-content\/uploads\/2023\/11\/Captura-de-Pantalla-2023-11-06-a-las-10.47.19-150x94.png 150w, https:\/\/tvmasmagazine.com\/wp-content\/uploads\/2023\/11\/Captura-de-Pantalla-2023-11-06-a-las-10.47.19-768x483.png 768w\" sizes=\"auto, (max-width: 1208px) 100vw, 1208px\" \/><p id=\"caption-attachment-67430\" class=\"wp-caption-text\">Mar\u00eda Jes\u00fas P\u00e9rez<\/p><\/div>\n<p>The renowned executive says that this co-production \u201cis different news about the adaptation of a work that includes countries like Mexico, Spain, and Serbia. It is a story that happens in Serbia and Spain. This action thriller, without a doubt, is an ambitious project that opens a new path in international collaborations and will be a great fiction with an impact on the global market\u201d said the <strong>Director Mar\u00eda Jes\u00fas P\u00e9rez.\u00a0\u00a0\u00a0 <\/strong><\/p>\n<p>The eight-episode series will be filmed between Serbia and Spain and filming begins in early November. It has the collaboration of the pan-European production studio <strong>Asacha Media Group<\/strong>. The Serbian production company <strong>Adrenalin <\/strong>will handle the service in Serbia and <strong>RTVE<\/strong> has joined, as well as <strong>Amazon Prime Video<\/strong> and <strong>Telekom Srbija<\/strong>. This international adaptation will be produced by <strong>Plano a Plano<\/strong>, <strong>Asacha <\/strong>and <strong>Dopamine<\/strong>.<\/p>\n<p><strong>Mar\u00eda Jes\u00fas P\u00e9rez, expert executive<\/strong>, also highlighted several high-caliber series such as <em>&#8216;<span style=\"color: #ff0000;\">La Promesa<\/span>&#8216;<\/em> and <em>&#8216;<span style=\"color: #ff0000;\">Dos Vidas<\/span>&#8216;<\/em> signed and closed for LATAM. Among the new features she mentions <em>&#8216;<span style=\"color: #ff0000;\">4 Estrellas&#8217;<\/span><\/em>, a daily family series that has aroused a lot of interest, as well as <em>&#8216;<span style=\"color: #ff0000;\">Operaci\u00f3n Vaduples<\/span>&#8216;<\/em>, a story set during the Second World War in Huelva. And several series in the post-production phase, including <em>&#8216;<span style=\"color: #ff0000;\">Sal\u00f3n de Te La Moderna<\/span>&#8216;<\/em>, and we trust that this range of programming will continue to excite consumers who are looking for the best entertainment.&#8221;<\/p>\n<p><iframe loading=\"lazy\" style=\"display: block; margin: auto;\" title=\"YouTube video player\" src=\"https:\/\/www.youtube.com\/embed\/eRCEFH-GX0w?si=eyhPl3gsQ28zJicN\" width=\"560\" height=\"315\" frameborder=\"0\" allowfullscreen=\"allowfullscreen\"><\/iframe><\/p>\n<p>Redacci\u00f3n TVMAS<\/p>","protected":false},"excerpt":{"rendered":"<p>SERIES | INTERNATIONAL EVENTS | CONTENTS | BUSINESS Mar\u00eda Jes\u00fas P\u00e9rez, International Commercial Director of RTVE, in this conversation with <a class=\"more-link\" href=\"https:\/\/tvmasmagazine.com\/en\/2023\/11\/06\/entrevista-rtve-este-2023-hizo-grandes-apuestas-en-contenido\/\">&#8230;<\/a><\/p>\n","protected":false},"author":1,"featured_media":67429,"comment_status":"open","ping_status":"closed","sticky":false,"template":"","format":"standard","meta":{"footnotes":""},"categories":[15,49,80,256,79,47],"tags":[],"class_list":["post-67428","post","type-post","status-publish","format-standard","has-post-thumbnail","hentry","category-cine","category-entrevistas","category-ott","category-series","category-tv-abierta","category-tv-de-pagp"],"_links":{"self":[{"href":"https:\/\/tvmasmagazine.com\/en\/wp-json\/wp\/v2\/posts\/67428","targetHints":{"allow":["GET"]}}],"collection":[{"href":"https:\/\/tvmasmagazine.com\/en\/wp-json\/wp\/v2\/posts"}],"about":[{"href":"https:\/\/tvmasmagazine.com\/en\/wp-json\/wp\/v2\/types\/post"}],"author":[{"embeddable":true,"href":"https:\/\/tvmasmagazine.com\/en\/wp-json\/wp\/v2\/users\/1"}],"replies":[{"embeddable":true,"href":"https:\/\/tvmasmagazine.com\/en\/wp-json\/wp\/v2\/comments?post=67428"}],"version-history":[{"count":3,"href":"https:\/\/tvmasmagazine.com\/en\/wp-json\/wp\/v2\/posts\/67428\/revisions"}],"predecessor-version":[{"id":67435,"href":"https:\/\/tvmasmagazine.com\/en\/wp-json\/wp\/v2\/posts\/67428\/revisions\/67435"}],"wp:featuredmedia":[{"embeddable":true,"href":"https:\/\/tvmasmagazine.com\/en\/wp-json\/wp\/v2\/media\/67429"}],"wp:attachment":[{"href":"https:\/\/tvmasmagazine.com\/en\/wp-json\/wp\/v2\/media?parent=67428"}],"wp:term":[{"taxonomy":"category","embeddable":true,"href":"https:\/\/tvmasmagazine.com\/en\/wp-json\/wp\/v2\/categories?post=67428"},{"taxonomy":"post_tag","embeddable":true,"href":"https:\/\/tvmasmagazine.com\/en\/wp-json\/wp\/v2\/tags?post=67428"}],"curies":[{"name":"wp","href":"https:\/\/api.w.org\/{rel}","templated":true}]}}