{"id":67492,"date":"2023-11-24T18:25:40","date_gmt":"2023-11-24T21:25:40","guid":{"rendered":"https:\/\/tvmasmagazine.com\/?p=67492"},"modified":"2023-11-25T18:25:52","modified_gmt":"2023-11-25T21:25:52","slug":"rtve-empezara-a-emitir-en-ultra-alta-definicion-el-7-de-febrero-de-2024","status":"publish","type":"post","link":"https:\/\/tvmasmagazine.com\/en\/2023\/11\/24\/rtve-empezara-a-emitir-en-ultra-alta-definicion-el-7-de-febrero-de-2024\/","title":{"rendered":"RTVE WILL START BROADCASTING IN ULTRA HIGH DEFINITION ON FEBRUARY 7, 2024"},"content":{"rendered":"<p><strong><span style=\"color: #ff0000;\">EVENTS | TECHNOLOGY | AUDIOVISUAL CONTENTS | AWARD<\/span><\/strong><\/p>\n<div id=\"attachment_67495\" style=\"width: 810px\" class=\"wp-caption aligncenter\"><img loading=\"lazy\" decoding=\"async\" aria-describedby=\"caption-attachment-67495\" class=\"size-full wp-image-67495\" src=\"https:\/\/tvmasmagazine.com\/wp-content\/uploads\/2023\/11\/ANGEL-GARCIA-CASTILLEJO-RTVE-OK.jpg\" alt=\"\" width=\"800\" height=\"450\" srcset=\"https:\/\/tvmasmagazine.com\/wp-content\/uploads\/2023\/11\/ANGEL-GARCIA-CASTILLEJO-RTVE-OK.jpg 800w, https:\/\/tvmasmagazine.com\/wp-content\/uploads\/2023\/11\/ANGEL-GARCIA-CASTILLEJO-RTVE-OK-350x197.jpg 350w, https:\/\/tvmasmagazine.com\/wp-content\/uploads\/2023\/11\/ANGEL-GARCIA-CASTILLEJO-RTVE-OK-150x84.jpg 150w, https:\/\/tvmasmagazine.com\/wp-content\/uploads\/2023\/11\/ANGEL-GARCIA-CASTILLEJO-RTVE-OK-768x432.jpg 768w\" sizes=\"auto, (max-width: 800px) 100vw, 800px\" \/><p id=\"caption-attachment-67495\" class=\"wp-caption-text\">\u00c1ngel Garc\u00eda Castillejo<\/p><\/div>\n<p><span style=\"color: #000080;\"><strong>\u00c1ngel Garc\u00eda Castillejo, Director of Audiovisual Policies at RTVE said in the ninth edition of the 4K HDR held in Malaga extended in hybrid format until last November 16. \u201cWe will begin broadcasting in Ultra High Definition starting next February 7, 2024, thus beginning a new era: better image, sound and, therefore, better service.\u201d<\/strong><\/span><\/p>\n<p>The event organized by <a href=\"https:\/\/www.medinamediaevents.com\/\">Medina Media Events<\/a> with the presence of the most important multinationals and associations in everything related to Ultra High Definition and the participation of more than 40 speakers from America, Europe and Asia was attended by personalities from the 4K world and 8K, as well as entities, companies and producers in the audiovisual and technological fields.<\/p>\n<p><a href=\"https:\/\/www.france24.com\/es\/\"><img loading=\"lazy\" decoding=\"async\" class=\"aligncenter wp-image-66805 size-full\" src=\"https:\/\/tvmasmagazine.com\/wp-content\/uploads\/2023\/05\/unnamed-1-1.jpg\" alt=\"\" width=\"345\" height=\"100\" srcset=\"https:\/\/tvmasmagazine.com\/wp-content\/uploads\/2023\/05\/unnamed-1-1.jpg 345w, https:\/\/tvmasmagazine.com\/wp-content\/uploads\/2023\/05\/unnamed-1-1-150x43.jpg 150w\" sizes=\"auto, (max-width: 345px) 100vw, 345px\" \/><\/a><\/p>\n<p>One of the important announcements was made by Spanish Public Radio Television (RTVE), which will begin broadcasting in Ultra High Definition starting on February 7, 2024. \u201cWe are starting a new era: the beginning of free-to-air broadcasts in Ultra High Definition: better image, sound and, therefore, better service,\u201d said <strong>\u00c1ngel Garc\u00eda Castillejo,<\/strong> Director of Audiovisual Policies, public and international service at RTVE.<\/p>\n<div id=\"attachment_67496\" style=\"width: 1930px\" class=\"wp-caption aligncenter\"><img loading=\"lazy\" decoding=\"async\" aria-describedby=\"caption-attachment-67496\" class=\"wp-image-67496 size-full\" src=\"https:\/\/tvmasmagazine.com\/wp-content\/uploads\/2023\/11\/VICTOR-SANCHEZ-DE-RTVE.jpg\" alt=\"\" width=\"1920\" height=\"1080\" srcset=\"https:\/\/tvmasmagazine.com\/wp-content\/uploads\/2023\/11\/VICTOR-SANCHEZ-DE-RTVE.jpg 1920w, https:\/\/tvmasmagazine.com\/wp-content\/uploads\/2023\/11\/VICTOR-SANCHEZ-DE-RTVE-350x197.jpg 350w, https:\/\/tvmasmagazine.com\/wp-content\/uploads\/2023\/11\/VICTOR-SANCHEZ-DE-RTVE-1024x576.jpg 1024w, https:\/\/tvmasmagazine.com\/wp-content\/uploads\/2023\/11\/VICTOR-SANCHEZ-DE-RTVE-150x84.jpg 150w, https:\/\/tvmasmagazine.com\/wp-content\/uploads\/2023\/11\/VICTOR-SANCHEZ-DE-RTVE-768x432.jpg 768w, https:\/\/tvmasmagazine.com\/wp-content\/uploads\/2023\/11\/VICTOR-SANCHEZ-DE-RTVE-1536x864.jpg 1536w\" sizes=\"auto, (max-width: 1920px) 100vw, 1920px\" \/><p id=\"caption-attachment-67496\" class=\"wp-caption-text\">V\u00edctor S\u00e1nchez<\/p><\/div>\n<p>&#8220;From the first day there will be maximum coverage and 100% of the population will be able to reach this channel&#8221; which &#8220;will be born simultaneously with the shutdown of the SD so that the migration of channels occurs on its own in a &#8216;Retuning&#8217; Garc\u00eda Castillejo said about a milestone in public television whose technical aspects have been explained by <strong>V\u00edctor S\u00e1nchez, Director of Media and Operations at TVE.<\/strong><\/p>\n<p>\u201cFrom an engineering point of view, it will be one of the great advances of the coming years, even superior to IP, since UHD will be able to be appreciated by the viewer,\u201d said S\u00e1nchez, who predicts that \u201conce the viewer &#8220;You get used to UHD, if you go back to HD you will see it blurry, just as it happened when you went from SD to HD.&#8221;<\/p>\n<p><img loading=\"lazy\" decoding=\"async\" class=\"aligncenter size-full wp-image-67494\" src=\"https:\/\/tvmasmagazine.com\/wp-content\/uploads\/2023\/11\/MARIA-MEDINA-EN-TREGA-PREMIOS-A-RTVE-2023.jpg\" alt=\"Mar\u00eda Medina\" width=\"1920\" height=\"1080\" srcset=\"https:\/\/tvmasmagazine.com\/wp-content\/uploads\/2023\/11\/MARIA-MEDINA-EN-TREGA-PREMIOS-A-RTVE-2023.jpg 1920w, https:\/\/tvmasmagazine.com\/wp-content\/uploads\/2023\/11\/MARIA-MEDINA-EN-TREGA-PREMIOS-A-RTVE-2023-350x197.jpg 350w, https:\/\/tvmasmagazine.com\/wp-content\/uploads\/2023\/11\/MARIA-MEDINA-EN-TREGA-PREMIOS-A-RTVE-2023-1024x576.jpg 1024w, https:\/\/tvmasmagazine.com\/wp-content\/uploads\/2023\/11\/MARIA-MEDINA-EN-TREGA-PREMIOS-A-RTVE-2023-150x84.jpg 150w, https:\/\/tvmasmagazine.com\/wp-content\/uploads\/2023\/11\/MARIA-MEDINA-EN-TREGA-PREMIOS-A-RTVE-2023-768x432.jpg 768w, https:\/\/tvmasmagazine.com\/wp-content\/uploads\/2023\/11\/MARIA-MEDINA-EN-TREGA-PREMIOS-A-RTVE-2023-1536x864.jpg 1536w\" sizes=\"auto, (max-width: 1920px) 100vw, 1920px\" \/><\/p>\n<p>At this point, <strong>Mar\u00eda Medina, manager of Medina Media Events<\/strong>, along with the entire UHD Spain board present at the event, recognized RTVE for her work and its commitment to Ultra High Definition. An award received by \u00c1ngel Garc\u00eda Castillejo, who took advantage of the occasion to highlight RTVE&#8217;s vocation for public service and transferred this recognition to the hundreds and thousands of people for their work on public television.<\/p>\n<p><img loading=\"lazy\" decoding=\"async\" class=\"aligncenter size-full wp-image-67515\" src=\"https:\/\/tvmasmagazine.com\/wp-content\/uploads\/2023\/11\/image001-1.png\" alt=\"\" width=\"565\" height=\"377\" srcset=\"https:\/\/tvmasmagazine.com\/wp-content\/uploads\/2023\/11\/image001-1.png 565w, https:\/\/tvmasmagazine.com\/wp-content\/uploads\/2023\/11\/image001-1-350x234.png 350w, https:\/\/tvmasmagazine.com\/wp-content\/uploads\/2023\/11\/image001-1-150x100.png 150w\" sizes=\"auto, (max-width: 565px) 100vw, 565px\" \/><\/p>\n<p><a href=\"https:\/\/welove-entertainment.com\/\"><img loading=\"lazy\" decoding=\"async\" class=\"aligncenter wp-image-66801 size-full\" src=\"https:\/\/tvmasmagazine.com\/wp-content\/uploads\/2023\/05\/unnamed-4.gif\" alt=\"\" width=\"345\" height=\"100\" \/><\/a><\/p>\n<p>Redacci\u00f3n TVMAS<\/p>","protected":false},"excerpt":{"rendered":"<p>EVENTS | TECHNOLOGY | AUDIOVISUAL CONTENTS | AWARD \u00c1ngel Garc\u00eda Castillejo, Director of Audiovisual Policies at RTVE said in the <a class=\"more-link\" href=\"https:\/\/tvmasmagazine.com\/en\/2023\/11\/24\/rtve-empezara-a-emitir-en-ultra-alta-definicion-el-7-de-febrero-de-2024\/\">&#8230;<\/a><\/p>\n","protected":false},"author":1,"featured_media":67495,"comment_status":"open","ping_status":"closed","sticky":false,"template":"","format":"standard","meta":{"footnotes":""},"categories":[80,79,47],"tags":[],"class_list":["post-67492","post","type-post","status-publish","format-standard","has-post-thumbnail","hentry","category-ott","category-tv-abierta","category-tv-de-pagp"],"_links":{"self":[{"href":"https:\/\/tvmasmagazine.com\/en\/wp-json\/wp\/v2\/posts\/67492","targetHints":{"allow":["GET"]}}],"collection":[{"href":"https:\/\/tvmasmagazine.com\/en\/wp-json\/wp\/v2\/posts"}],"about":[{"href":"https:\/\/tvmasmagazine.com\/en\/wp-json\/wp\/v2\/types\/post"}],"author":[{"embeddable":true,"href":"https:\/\/tvmasmagazine.com\/en\/wp-json\/wp\/v2\/users\/1"}],"replies":[{"embeddable":true,"href":"https:\/\/tvmasmagazine.com\/en\/wp-json\/wp\/v2\/comments?post=67492"}],"version-history":[{"count":7,"href":"https:\/\/tvmasmagazine.com\/en\/wp-json\/wp\/v2\/posts\/67492\/revisions"}],"predecessor-version":[{"id":67578,"href":"https:\/\/tvmasmagazine.com\/en\/wp-json\/wp\/v2\/posts\/67492\/revisions\/67578"}],"wp:featuredmedia":[{"embeddable":true,"href":"https:\/\/tvmasmagazine.com\/en\/wp-json\/wp\/v2\/media\/67495"}],"wp:attachment":[{"href":"https:\/\/tvmasmagazine.com\/en\/wp-json\/wp\/v2\/media?parent=67492"}],"wp:term":[{"taxonomy":"category","embeddable":true,"href":"https:\/\/tvmasmagazine.com\/en\/wp-json\/wp\/v2\/categories?post=67492"},{"taxonomy":"post_tag","embeddable":true,"href":"https:\/\/tvmasmagazine.com\/en\/wp-json\/wp\/v2\/tags?post=67492"}],"curies":[{"name":"wp","href":"https:\/\/api.w.org\/{rel}","templated":true}]}}