{"id":67687,"date":"2023-12-09T19:17:47","date_gmt":"2023-12-09T22:17:47","guid":{"rendered":"https:\/\/tvmasmagazine.com\/?p=67687"},"modified":"2023-12-10T10:20:53","modified_gmt":"2023-12-10T13:20:53","slug":"dos-vidas-y-la-promesa-de-rtve-fueron-adquiridas-por-warner-bros-discovery","status":"publish","type":"post","link":"https:\/\/tvmasmagazine.com\/en\/2023\/12\/09\/dos-vidas-y-la-promesa-de-rtve-fueron-adquiridas-por-warner-bros-discovery\/","title":{"rendered":"RTVE&#8217;s Dos Vidas and La Promesa were acquired by Warner Bros. Discovery"},"content":{"rendered":"<p><strong><span style=\"color: #ff0000;\">SERIES | ACUERDOS | STREAMING<\/span><\/strong><\/p>\n<p><span style=\"color: #000080;\"><strong>Con destino a la oferta de HBO Max, la plataforma de streaming del gigante estadounidense. <em>Dos vidas<\/em> ya est\u00e1 accesible en el streamer y \u2018l<em>a promesa\u2019<\/em> se estrenar\u00e1 pr\u00f3ximamente.<\/strong><\/span><\/p>\n<p>El grupo p\u00fablico audiovisual\u00a0 m\u00e1s grande de Espa\u00f1a \u00a0<strong>RTVE<\/strong> y <strong>Warner Bros. Discovery<\/strong> (WBD) cerraron un acuerdo de licenciamiento que sumar\u00e1 estas dos series diarias espa\u00f1olas.<\/p>\n<div id=\"attachment_67689\" style=\"width: 650px\" class=\"wp-caption aligncenter\"><img loading=\"lazy\" decoding=\"async\" aria-describedby=\"caption-attachment-67689\" class=\"wp-image-67689 size-full\" src=\"https:\/\/tvmasmagazine.com\/wp-content\/uploads\/2023\/12\/DOS-VIDAS-ok--e1702171836766.jpg\" alt=\"\" width=\"640\" height=\"545\" srcset=\"https:\/\/tvmasmagazine.com\/wp-content\/uploads\/2023\/12\/DOS-VIDAS-ok--e1702171836766.jpg 640w, https:\/\/tvmasmagazine.com\/wp-content\/uploads\/2023\/12\/DOS-VIDAS-ok--e1702171836766-350x298.jpg 350w, https:\/\/tvmasmagazine.com\/wp-content\/uploads\/2023\/12\/DOS-VIDAS-ok--e1702171836766-150x128.jpg 150w\" sizes=\"auto, (max-width: 640px) 100vw, 640px\" \/><p id=\"caption-attachment-67689\" class=\"wp-caption-text\">DOS VIDAS. RTVE<\/p><\/div>\n<p><strong><em><span style=\"color: #ff0000;\">Dos Vidas<\/span>. <\/em><\/strong>La serie es un drama de suspenso y acci\u00f3n fue finalista de los premios <strong>Emmy Internacional<\/strong> en la categor\u00eda Mejor Telenovela; y <strong>ganadora de los Rose d&#8217;Or Awards<\/strong>, como Mejor Serie Diaria en la 60.\u00aa premiaci\u00f3n del famoso festival, uno de los m\u00e1s prestigiosos de la industria televisiva, lo que la convirti\u00f3 en la primera ficci\u00f3n espa\u00f1ola en recibir el galard\u00f3n en su categor\u00eda. La serie ha alcanzado 20 millones de visualizaciones en <strong>RTVE Play.\u00a0<\/strong><\/p>\n<p><a href=\"https:\/\/contentamericas.net\/register-for-content-americas-2024\/\"><img loading=\"lazy\" decoding=\"async\" class=\"aligncenter wp-image-67246 size-full\" src=\"https:\/\/tvmasmagazine.com\/wp-content\/uploads\/2023\/09\/Screenshot_3.png\" alt=\"\" width=\"1456\" height=\"180\" srcset=\"https:\/\/tvmasmagazine.com\/wp-content\/uploads\/2023\/09\/Screenshot_3.png 1456w, https:\/\/tvmasmagazine.com\/wp-content\/uploads\/2023\/09\/Screenshot_3-350x43.png 350w, https:\/\/tvmasmagazine.com\/wp-content\/uploads\/2023\/09\/Screenshot_3-1024x127.png 1024w, https:\/\/tvmasmagazine.com\/wp-content\/uploads\/2023\/09\/Screenshot_3-150x19.png 150w, https:\/\/tvmasmagazine.com\/wp-content\/uploads\/2023\/09\/Screenshot_3-768x95.png 768w\" sizes=\"auto, (max-width: 1456px) 100vw, 1456px\" \/><\/a><\/p>\n<p>Es una producci\u00f3n de<span style=\"color: #ff0000;\"> RTVE<\/span> y <span style=\"color: #ff0000;\">Mascaret Films<\/span>, en colaboraci\u00f3n con <span style=\"color: #ff0000;\">Bamb\u00fa Producciones<\/span>. Protagonizada por <strong>Laura Ledesma<\/strong> y <strong>Amparo Pi\u00f1ero<\/strong> es ambientada en la Espa\u00f1a actual y en la colonia de Guinea Espa\u00f1ola de mediados del siglo pasado, donde viven, en tiempos muy diferentes, nieta y abuela, Julia y Carmen quienes luchan por cumplir sus sue\u00f1os, y que encuentran el amor donde menos lo esperan.<\/p>\n<p><a href=\"https:\/\/global.natpe.com\/2024\/register\/?utm_source=contra&amp;utm_campaign=TVMAS\"><img loading=\"lazy\" decoding=\"async\" class=\"aligncenter wp-image-67318 size-full\" src=\"https:\/\/tvmasmagazine.com\/wp-content\/uploads\/2023\/09\/TVMAS.345x100-SPANISH.gif\" alt=\"\" width=\"345\" height=\"100\" \/><\/a><\/p>\n<div id=\"attachment_67690\" style=\"width: 1230px\" class=\"wp-caption aligncenter\"><img loading=\"lazy\" decoding=\"async\" aria-describedby=\"caption-attachment-67690\" class=\"size-full wp-image-67690\" src=\"https:\/\/tvmasmagazine.com\/wp-content\/uploads\/2023\/12\/LA-PROMESA-RTVE-OK.webp\" alt=\"\" width=\"1220\" height=\"686\" srcset=\"https:\/\/tvmasmagazine.com\/wp-content\/uploads\/2023\/12\/LA-PROMESA-RTVE-OK.webp 1220w, https:\/\/tvmasmagazine.com\/wp-content\/uploads\/2023\/12\/LA-PROMESA-RTVE-OK-350x197.webp 350w, https:\/\/tvmasmagazine.com\/wp-content\/uploads\/2023\/12\/LA-PROMESA-RTVE-OK-1024x576.webp 1024w, https:\/\/tvmasmagazine.com\/wp-content\/uploads\/2023\/12\/LA-PROMESA-RTVE-OK-150x84.webp 150w, https:\/\/tvmasmagazine.com\/wp-content\/uploads\/2023\/12\/LA-PROMESA-RTVE-OK-768x432.webp 768w\" sizes=\"auto, (max-width: 1220px) 100vw, 1220px\" \/><p id=\"caption-attachment-67690\" class=\"wp-caption-text\">LA PROMESA. RTVE<\/p><\/div>\n<p><span style=\"color: #ff0000;\"><strong><em>La Promesa<\/em><\/strong><\/span> consagrada como un gran \u00e9xito de audiencia en Espa\u00f1a con m\u00e1s de un mill\u00f3n de espectadores diarios de media en la TV abierta y en streaming 50 millones de visualizaciones en la plataforma <strong>RTVE Play<\/strong>. La producci\u00f3n de <strong>StudioCanal <\/strong>y <strong>RTVE<\/strong> en colaboraci\u00f3n con <strong>Bamb\u00fa Producciones,<\/strong> est\u00e1 ambientada en la provincia espa\u00f1ola de C\u00f3rdoba en el a\u00f1o 1913. Esta ficci\u00f3n es un thriller: Una mujer, una venganza y una gran historia de amor rodada en el Palacio El Rinc\u00f3n, una espectacular edificaci\u00f3n de finales del siglo XIX, as\u00ed como en dos plat\u00f3s con una extensi\u00f3n de 3.000 metros cuadrados, en los que destaca una espectacular recreaci\u00f3n del Palacio y la \u00e9poca en la que se ambienta la ficci\u00f3n.<\/p>\n<p><a href=\"https:\/\/welove-entertainment.com\/\"><img loading=\"lazy\" decoding=\"async\" class=\"aligncenter wp-image-67369 size-full\" src=\"https:\/\/tvmasmagazine.com\/wp-content\/uploads\/2023\/10\/SQP_560x150.gif\" alt=\"\" width=\"560\" height=\"150\" \/><\/a><\/p>\n<p>Redacci\u00f3n TVMAS<\/p>\n","protected":false},"excerpt":{"rendered":"<p>SERIES | ACUERDOS | STREAMING Con destino a la oferta de HBO Max, la plataforma de streaming del gigante estadounidense. <a class=\"more-link\" href=\"https:\/\/tvmasmagazine.com\/en\/2023\/12\/09\/dos-vidas-y-la-promesa-de-rtve-fueron-adquiridas-por-warner-bros-discovery\/\">&#8230;<\/a><\/p>\n","protected":false},"author":1,"featured_media":67689,"comment_status":"open","ping_status":"closed","sticky":false,"template":"","format":"standard","meta":{"footnotes":""},"categories":[80,256,73,79,47],"tags":[],"class_list":["post-67687","post","type-post","status-publish","format-standard","has-post-thumbnail","hentry","category-ott","category-series","category-telenovelas-series","category-tv-abierta","category-tv-de-pagp"],"_links":{"self":[{"href":"https:\/\/tvmasmagazine.com\/en\/wp-json\/wp\/v2\/posts\/67687","targetHints":{"allow":["GET"]}}],"collection":[{"href":"https:\/\/tvmasmagazine.com\/en\/wp-json\/wp\/v2\/posts"}],"about":[{"href":"https:\/\/tvmasmagazine.com\/en\/wp-json\/wp\/v2\/types\/post"}],"author":[{"embeddable":true,"href":"https:\/\/tvmasmagazine.com\/en\/wp-json\/wp\/v2\/users\/1"}],"replies":[{"embeddable":true,"href":"https:\/\/tvmasmagazine.com\/en\/wp-json\/wp\/v2\/comments?post=67687"}],"version-history":[{"count":4,"href":"https:\/\/tvmasmagazine.com\/en\/wp-json\/wp\/v2\/posts\/67687\/revisions"}],"predecessor-version":[{"id":67713,"href":"https:\/\/tvmasmagazine.com\/en\/wp-json\/wp\/v2\/posts\/67687\/revisions\/67713"}],"wp:featuredmedia":[{"embeddable":true,"href":"https:\/\/tvmasmagazine.com\/en\/wp-json\/wp\/v2\/media\/67689"}],"wp:attachment":[{"href":"https:\/\/tvmasmagazine.com\/en\/wp-json\/wp\/v2\/media?parent=67687"}],"wp:term":[{"taxonomy":"category","embeddable":true,"href":"https:\/\/tvmasmagazine.com\/en\/wp-json\/wp\/v2\/categories?post=67687"},{"taxonomy":"post_tag","embeddable":true,"href":"https:\/\/tvmasmagazine.com\/en\/wp-json\/wp\/v2\/tags?post=67687"}],"curies":[{"name":"wp","href":"https:\/\/api.w.org\/{rel}","templated":true}]}}