{"id":67740,"date":"2023-12-21T12:31:02","date_gmt":"2023-12-21T15:31:02","guid":{"rendered":"https:\/\/tvmasmagazine.com\/?p=67740"},"modified":"2023-12-29T14:06:35","modified_gmt":"2023-12-29T17:06:35","slug":"hola-tv-entrevista-a-la-cantante-y-actriz-mexicana-lucero-junto-a-su-madre-e-hija","status":"publish","type":"post","link":"https:\/\/tvmasmagazine.com\/en\/2023\/12\/21\/hola-tv-entrevista-a-la-cantante-y-actriz-mexicana-lucero-junto-a-su-madre-e-hija\/","title":{"rendered":"\u00a1HOLA! TV interviews the Mexican singer and actress Lucero with her mother and daughter"},"content":{"rendered":"<p><strong><span style=\"color: #ff0000;\">SPECIALS | ENTERTAINMENT<\/span><\/strong><\/p>\n<p><img loading=\"lazy\" decoding=\"async\" class=\"aligncenter size-full wp-image-67741\" src=\"https:\/\/tvmasmagazine.com\/wp-content\/uploads\/2023\/12\/HOLA-TV-LUCERO-Y-LUCERITO-E-HIJA-.png\" alt=\"\" width=\"1300\" height=\"511\" srcset=\"https:\/\/tvmasmagazine.com\/wp-content\/uploads\/2023\/12\/HOLA-TV-LUCERO-Y-LUCERITO-E-HIJA-.png 1300w, https:\/\/tvmasmagazine.com\/wp-content\/uploads\/2023\/12\/HOLA-TV-LUCERO-Y-LUCERITO-E-HIJA--350x138.png 350w, https:\/\/tvmasmagazine.com\/wp-content\/uploads\/2023\/12\/HOLA-TV-LUCERO-Y-LUCERITO-E-HIJA--1024x403.png 1024w, https:\/\/tvmasmagazine.com\/wp-content\/uploads\/2023\/12\/HOLA-TV-LUCERO-Y-LUCERITO-E-HIJA--150x59.png 150w, https:\/\/tvmasmagazine.com\/wp-content\/uploads\/2023\/12\/HOLA-TV-LUCERO-Y-LUCERITO-E-HIJA--768x302.png 768w\" sizes=\"auto, (max-width: 1300px) 100vw, 1300px\" \/><\/p>\n<p><strong><span style=\"color: #000080;\">In this exclusive interview for the &#8216;Christmas Special&#8217; of LA HORA <\/span><\/strong><strong><span style=\"color: #000080;\">\u00a1HOLA! For the first time, the three generations pose together and open up about their Christmas memories, professional projects <\/span><\/strong><strong><span style=\"color: #000080;\">and love.<\/span><\/strong><\/p>\n<p><strong><span style=\"color: #000080;\">This December 22 and 29, the daily \u00a1HOLA! TV presented by <\/span><\/strong><strong><span style=\"color: #000080;\">Natasha Cheij dresses up to share the best of the year that ends.<\/span><\/strong><\/p>\n<p style=\"text-align: center; font-size: 11px;\">Advertising<a href=\"https:\/\/global.natpe.com\/2024\/register\/?utm_source=contra&amp;utm_campaign=TVMAS\"><img loading=\"lazy\" decoding=\"async\" class=\"aligncenter wp-image-67318 size-full\" src=\"https:\/\/tvmasmagazine.com\/wp-content\/uploads\/2023\/09\/TVMAS.345x100-SPANISH.gif\" alt=\"\" width=\"345\" height=\"100\" \/><\/a><\/p>\n<p>This end of the year the channel prepares its iconic &#8216;Holiday Specials&#8217;; two programs that will premiere on December 22 and 29 in the channel&#8217;s exclusive style.<\/p>\n<p><img loading=\"lazy\" decoding=\"async\" class=\"aligncenter size-full wp-image-67744\" src=\"https:\/\/tvmasmagazine.com\/wp-content\/uploads\/2023\/12\/HOLA-TV-EspecialFinDeAno.png\" alt=\"\" width=\"1350\" height=\"1080\" srcset=\"https:\/\/tvmasmagazine.com\/wp-content\/uploads\/2023\/12\/HOLA-TV-EspecialFinDeAno.png 1350w, https:\/\/tvmasmagazine.com\/wp-content\/uploads\/2023\/12\/HOLA-TV-EspecialFinDeAno-350x280.png 350w, https:\/\/tvmasmagazine.com\/wp-content\/uploads\/2023\/12\/HOLA-TV-EspecialFinDeAno-1024x819.png 1024w, https:\/\/tvmasmagazine.com\/wp-content\/uploads\/2023\/12\/HOLA-TV-EspecialFinDeAno-150x120.png 150w, https:\/\/tvmasmagazine.com\/wp-content\/uploads\/2023\/12\/HOLA-TV-EspecialFinDeAno-768x614.png 768w\" sizes=\"auto, (max-width: 1350px) 100vw, 1350px\" \/><\/p>\n<p>&#8216;Especial Navidad&#8217; will exclusively broadcast the interview with the actress and singer Lucero, known as the bride of Mexico, who poses for the first time with her mother and her daughter Lucerito. In a relaxed conversation, the three generations gathered will share their Christmas memories, funny anecdotes, upcoming professional projects, Grandma Lucero&#8217;s overcoming cancer, and love.<\/p>\n<div id=\"attachment_67745\" style=\"width: 822px\" class=\"wp-caption aligncenter\"><img loading=\"lazy\" decoding=\"async\" aria-describedby=\"caption-attachment-67745\" class=\"size-full wp-image-67745\" src=\"https:\/\/tvmasmagazine.com\/wp-content\/uploads\/2023\/12\/HOLA-TV-NatashaCheij-ESPECIAL-FIN-DE-ANIO-.png\" alt=\"\" width=\"812\" height=\"905\" srcset=\"https:\/\/tvmasmagazine.com\/wp-content\/uploads\/2023\/12\/HOLA-TV-NatashaCheij-ESPECIAL-FIN-DE-ANIO-.png 812w, https:\/\/tvmasmagazine.com\/wp-content\/uploads\/2023\/12\/HOLA-TV-NatashaCheij-ESPECIAL-FIN-DE-ANIO--314x350.png 314w, https:\/\/tvmasmagazine.com\/wp-content\/uploads\/2023\/12\/HOLA-TV-NatashaCheij-ESPECIAL-FIN-DE-ANIO--135x150.png 135w, https:\/\/tvmasmagazine.com\/wp-content\/uploads\/2023\/12\/HOLA-TV-NatashaCheij-ESPECIAL-FIN-DE-ANIO--768x856.png 768w\" sizes=\"auto, (max-width: 812px) 100vw, 812px\" \/><p id=\"caption-attachment-67745\" class=\"wp-caption-text\">Natasha Cheij<\/p><\/div>\n<p>In addition, the program presented by Natasha Cheij, who will be accompanied by collaborators Oriana P\u00e9rez, Carlos S\u00e1nchez, Sof\u00eda Depassier and Lucia Ria\u00f1o, will celebrate the third edition of the &#8216;Best of the Year&#8217;; awards from \u00a1HOLA! TV; a tour through 2023 in which the winners of the different categories will be known, who compete to be the wedding, romance or designer of the year; the most fashionable royal, the most prominent artist and the cover of the magazine \u00a1HOLA! most outstanding of the last 12 months.<\/p>\n<p style=\"text-align: center; font-size: 11px;\">Advertising<\/p>\n<p><a href=\"https:\/\/contentamericas.net\/es\/register-for-content-americas-2024\/\"><img loading=\"lazy\" decoding=\"async\" class=\"aligncenter wp-image-67246 size-full\" src=\"https:\/\/tvmasmagazine.com\/wp-content\/uploads\/2023\/09\/Screenshot_3.png\" alt=\"\" width=\"1456\" height=\"180\" srcset=\"https:\/\/tvmasmagazine.com\/wp-content\/uploads\/2023\/09\/Screenshot_3.png 1456w, https:\/\/tvmasmagazine.com\/wp-content\/uploads\/2023\/09\/Screenshot_3-350x43.png 350w, https:\/\/tvmasmagazine.com\/wp-content\/uploads\/2023\/09\/Screenshot_3-1024x127.png 1024w, https:\/\/tvmasmagazine.com\/wp-content\/uploads\/2023\/09\/Screenshot_3-150x19.png 150w, https:\/\/tvmasmagazine.com\/wp-content\/uploads\/2023\/09\/Screenshot_3-768x95.png 768w\" sizes=\"auto, (max-width: 1456px) 100vw, 1456px\" \/><\/a><\/p>\n<p><strong><span style=\"color: #ff0000;\">And on December 29, in \u2018ESPECIAL FIN DE A\u00d1O\u2019<\/span> <\/strong>the most impressive events will be remembered, in a gala premiere with all the program&#8217;s collaborators, gathered on the set, who will be joined by Gabriella Cata\u00f1o and Fred Redondo.<\/p>\n<p><strong><span style=\"color: #ff0000;\">&#8216;CHRISTMAS SPECIAL&#8217;<\/span><\/strong><br \/>\nFriday, December 22<\/p>\n<p><strong><span style=\"color: #ff0000;\">&#8216;END OF THE YEAR SPECIAL&#8217;<\/span><\/strong><br \/>\nFriday, December 29<\/p>\n<p><strong>LATAM: 6:00PM MX\/ 7:00PM COL\/ 8:00PM VEN\/9:00PM ARG<\/strong><br \/>\n<strong>US: 8:00PM\/ 7:00PM C<\/strong><\/p>\n<p style=\"text-align: center; font-size: 11px;\">Advertising<\/p>\n<p><a href=\"https:\/\/www.france24.com\/es\/\"><img loading=\"lazy\" decoding=\"async\" class=\"aligncenter wp-image-66805 size-full\" src=\"https:\/\/tvmasmagazine.com\/wp-content\/uploads\/2023\/05\/unnamed-1-1.jpg\" alt=\"\" width=\"345\" height=\"100\" srcset=\"https:\/\/tvmasmagazine.com\/wp-content\/uploads\/2023\/05\/unnamed-1-1.jpg 345w, https:\/\/tvmasmagazine.com\/wp-content\/uploads\/2023\/05\/unnamed-1-1-150x43.jpg 150w\" sizes=\"auto, (max-width: 345px) 100vw, 345px\" \/><\/a><\/p>\n<p>Redacci\u00f3n TVMAS<\/p>","protected":false},"excerpt":{"rendered":"<p>SPECIALS | ENTERTAINMENT In this exclusive interview for the &#8216;Christmas Special&#8217; of LA HORA \u00a1HOLA! For the first time, the <a class=\"more-link\" href=\"https:\/\/tvmasmagazine.com\/en\/2023\/12\/21\/hola-tv-entrevista-a-la-cantante-y-actriz-mexicana-lucero-junto-a-su-madre-e-hija\/\">&#8230;<\/a><\/p>\n","protected":false},"author":1,"featured_media":67744,"comment_status":"open","ping_status":"closed","sticky":false,"template":"","format":"standard","meta":{"footnotes":""},"categories":[80,47],"tags":[],"class_list":["post-67740","post","type-post","status-publish","format-standard","has-post-thumbnail","hentry","category-ott","category-tv-de-pagp"],"_links":{"self":[{"href":"https:\/\/tvmasmagazine.com\/en\/wp-json\/wp\/v2\/posts\/67740","targetHints":{"allow":["GET"]}}],"collection":[{"href":"https:\/\/tvmasmagazine.com\/en\/wp-json\/wp\/v2\/posts"}],"about":[{"href":"https:\/\/tvmasmagazine.com\/en\/wp-json\/wp\/v2\/types\/post"}],"author":[{"embeddable":true,"href":"https:\/\/tvmasmagazine.com\/en\/wp-json\/wp\/v2\/users\/1"}],"replies":[{"embeddable":true,"href":"https:\/\/tvmasmagazine.com\/en\/wp-json\/wp\/v2\/comments?post=67740"}],"version-history":[{"count":9,"href":"https:\/\/tvmasmagazine.com\/en\/wp-json\/wp\/v2\/posts\/67740\/revisions"}],"predecessor-version":[{"id":67818,"href":"https:\/\/tvmasmagazine.com\/en\/wp-json\/wp\/v2\/posts\/67740\/revisions\/67818"}],"wp:featuredmedia":[{"embeddable":true,"href":"https:\/\/tvmasmagazine.com\/en\/wp-json\/wp\/v2\/media\/67744"}],"wp:attachment":[{"href":"https:\/\/tvmasmagazine.com\/en\/wp-json\/wp\/v2\/media?parent=67740"}],"wp:term":[{"taxonomy":"category","embeddable":true,"href":"https:\/\/tvmasmagazine.com\/en\/wp-json\/wp\/v2\/categories?post=67740"},{"taxonomy":"post_tag","embeddable":true,"href":"https:\/\/tvmasmagazine.com\/en\/wp-json\/wp\/v2\/tags?post=67740"}],"curies":[{"name":"wp","href":"https:\/\/api.w.org\/{rel}","templated":true}]}}