{"id":68158,"date":"2024-04-25T00:44:16","date_gmt":"2024-04-25T03:44:16","guid":{"rendered":"https:\/\/tvmasmagazine.com\/?p=68158"},"modified":"2024-04-25T00:45:04","modified_gmt":"2024-04-25T03:45:04","slug":"galeria-ultimo-miptv-en-abril-2024","status":"publish","type":"post","link":"https:\/\/tvmasmagazine.com\/en\/2024\/04\/25\/galeria-ultimo-miptv-en-abril-2024\/","title":{"rendered":"GALLERY LAST MIPTV April 2024 in Cannes"},"content":{"rendered":"<p><strong><span style=\"color: #ff0000;\">GLOBAL EVENTS<\/span><\/strong><\/p>\n<p><strong><span style=\"color: #000080;\">SAID GOODBYE FOREVER AT THE PALAIS DES FESTIVALS IN CANNES<\/span><\/strong><\/p>\n<p>Thank you very much for the stellar farewell to the Spring Market in Cannes, France, and 61 years of support! This is how the RX Group said goodbye and closed its doors forever in the recent disappeared MIPTV in which TV<span style=\"color: #ff0000;\">MAS<\/span> was a Media Partner for more than 20 years and we accompanied the event until its burial from April 8 to 10, 2024. MIPTV, started in 1965 in Cannes, convened visionary leaders and with which the industry grew and strengthened in the midst of turbulent times facing economic, social and political crises. RX Global, announces the new event in London in the first half of 2025. TV<span style=\"color: #ff0000;\">MAS<\/span> was present with the graphic and digital magazine in this last historic chapter of MIPTV and promises to continue supporting the RX Group events that drive the changing audiovisual sector and of entertainment.<\/p>\n\n\t\t<!-- MasterSlider -->\n\t\t<div id=\"P_MS69ede4d64e3de\" class=\"master-slider-parent msl ms-parent-id-105\" style=\"max-width:800px;\">\n\n\t\t\t\n\t\t\t<!-- MasterSlider Main -->\n\t\t\t<div id=\"MS69ede4d64e3de\" class=\"master-slider ms-skin-default\" >\n\t\t\t\t \t\t\t\t \n\t\t\t\t<div  class=\"ms-slide\" data-delay=\"3\" data-fill-mode=\"fit\"  >\n\t\t\t\t\t<img decoding=\"async\" src=\"https:\/\/tvmasmagazine.com\/wp-content\/plugins\/master-slider\/public\/assets\/css\/blank.gif\" alt=\"\" title=\"\" data-src=\"https:\/\/tvmasmagazine.com\/wp-content\/uploads\/2024\/04\/MIPTV-Debut-Edition.png\" \/>\n\n\t\t\t\t\t<div class=\"ms-info\"><p style=\"text-align: center;\"><strong>Foto hist\u00f3rica del primer MIPTV en Cannes, 1965<\/strong><\/p><\/div>\n\n\n\t<div class=\"ms-thumb\" ><div class=\"ms-tab-context\"><div class=\"&quot;ms-tab-context&quot;\"><\/div><\/div>\n<\/div>\n\t\t\t\t<\/div>\n\t\t\t\t<div  class=\"ms-slide\" data-delay=\"3\" data-fill-mode=\"fit\"  >\n\t\t\t\t\t<img decoding=\"async\" src=\"https:\/\/tvmasmagazine.com\/wp-content\/plugins\/master-slider\/public\/assets\/css\/blank.gif\" alt=\"\" title=\"\" data-src=\"https:\/\/tvmasmagazine.com\/wp-content\/uploads\/2024\/04\/Foto-staff-de-INTERNEDYA.-TURQUIA_2.jpeg\" \/>\n\n\t\t\t\t\t<div class=\"ms-info\"><p style=\"text-align: center;\"><strong>From left to right: Can Okan, Hasret \u00d6zcan, Beatriz Cea Okan, Leyla Ziyalar, Sinem Al\u0131\u015fkan, Pelin Koray, \u0130rem K\u00fc\u00e7\u00fckkutlu and Ahmet Ziyalar, all from INTER MEDYA of Turkey.<\/strong><\/p><\/div>\n\n\n\t<div class=\"ms-thumb\" ><div class=\"ms-tab-context\"><div class=\"&quot;ms-tab-context&quot;\"><\/div><\/div>\n<\/div>\n\t\t\t\t<\/div>\n\t\t\t\t<div  class=\"ms-slide\" data-delay=\"3\" data-fill-mode=\"fit\"  >\n\t\t\t\t\t<img decoding=\"async\" src=\"https:\/\/tvmasmagazine.com\/wp-content\/plugins\/master-slider\/public\/assets\/css\/blank.gif\" alt=\"\" title=\"\" data-src=\"https:\/\/tvmasmagazine.com\/wp-content\/uploads\/2024\/04\/Nesrin-Eyupoglu-Marketing-PR-Manager-of-OGM-UNIVERSE.jpeg\" \/>\n\n\t\t\t\t\t<div class=\"ms-info\"><p style=\"text-align: center;\"><strong>Nesrin Ey\u00fcpo\u011flu, Marketing &amp; PR Manager of OGM UNIVERSE.<\/strong><\/p><\/div>\n\n\n\t<div class=\"ms-thumb\" ><div class=\"ms-tab-context\"><div class=\"&quot;ms-tab-context&quot;\"><\/div><\/div>\n<\/div>\n\t\t\t\t<\/div>\n\t\t\t\t<div  class=\"ms-slide\" data-delay=\"3\" data-fill-mode=\"fit\"  >\n\t\t\t\t\t<img decoding=\"async\" src=\"https:\/\/tvmasmagazine.com\/wp-content\/plugins\/master-slider\/public\/assets\/css\/blank.gif\" alt=\"\" title=\"\" data-src=\"https:\/\/tvmasmagazine.com\/wp-content\/uploads\/2024\/04\/Douglas-Price-CEO-Producen-of-D3TELEFILM.jpeg\" \/>\n\n\t\t\t\t\t<div class=\"ms-info\"><p style=\"text-align: center;\"><strong>Douglas Price, CEO Producer of D3TELEFILM.<\/strong><\/p><\/div>\n\n\n\t<div class=\"ms-thumb\" ><div class=\"ms-tab-context\"><div class=\"&quot;ms-tab-context&quot;\"><\/div><\/div>\n<\/div>\n\t\t\t\t<\/div>\n\t\t\t\t<div  class=\"ms-slide\" data-delay=\"3\" data-fill-mode=\"fit\"  >\n\t\t\t\t\t<img decoding=\"async\" src=\"https:\/\/tvmasmagazine.com\/wp-content\/plugins\/master-slider\/public\/assets\/css\/blank.gif\" alt=\"\" title=\"\" data-src=\"https:\/\/tvmasmagazine.com\/wp-content\/uploads\/2024\/04\/Sibel-Levendoglu-Kanal-D_2.jpeg\" \/>\n\n\t\t\t\t\t<div class=\"ms-info\"><p style=\"text-align: center;\"><strong>Sibel Levendo\u011flu, Head of Sales America &amp; Iberia of KANAL D internacional.<\/strong><\/p><\/div>\n\n\n\t<div class=\"ms-thumb\" ><div class=\"ms-tab-context\"><div class=\"&quot;ms-tab-context&quot;\"><\/div><\/div>\n<\/div>\n\t\t\t\t<\/div>\n\t\t\t\t<div  class=\"ms-slide\" data-delay=\"3\" data-fill-mode=\"fit\"  >\n\t\t\t\t\t<img decoding=\"async\" src=\"https:\/\/tvmasmagazine.com\/wp-content\/plugins\/master-slider\/public\/assets\/css\/blank.gif\" alt=\"\" title=\"\" data-src=\"https:\/\/tvmasmagazine.com\/wp-content\/uploads\/2024\/04\/Es-Jordan-Warkol-de-Ottera.ya-te-lo-habia-enviado-Pero-es-muy-clave-ojo.jpeg\" \/>\n\n\t\t\t\t\t<div class=\"ms-info\"><p style=\"text-align: center;\"><strong>Jordan Warkol, Vice President & Business Development of OTTERA.<\/strong><\/p><\/div>\n\n\n\t<div class=\"ms-thumb\" ><div class=\"ms-tab-context\"><div class=\"&quot;ms-tab-context&quot;\"><\/div><\/div>\n<\/div>\n\t\t\t\t<\/div>\n\t\t\t\t<div  class=\"ms-slide\" data-delay=\"3\" data-fill-mode=\"fit\"  >\n\t\t\t\t\t<img decoding=\"async\" src=\"https:\/\/tvmasmagazine.com\/wp-content\/plugins\/master-slider\/public\/assets\/css\/blank.gif\" alt=\"\" title=\"\" data-src=\"https:\/\/tvmasmagazine.com\/wp-content\/uploads\/2024\/04\/Migo-Garcia-ventas-de-MediaPro.jpeg\" \/>\n\n\t\t\t\t\t<div class=\"ms-info\"><p style=\"text-align: center;\"><strong>I\u00f1igo Garc\u00eda, International Sales of MEDIAPRO.<\/strong><\/p><\/div>\n\n\n\t<div class=\"ms-thumb\" ><div class=\"ms-tab-context\"><div class=\"&quot;ms-tab-context&quot;\"><\/div><\/div>\n<\/div>\n\t\t\t\t<\/div>\n\t\t\t\t<div  class=\"ms-slide\" data-delay=\"3\" data-fill-mode=\"fit\"  >\n\t\t\t\t\t<img decoding=\"async\" src=\"https:\/\/tvmasmagazine.com\/wp-content\/plugins\/master-slider\/public\/assets\/css\/blank.gif\" alt=\"\" title=\"\" data-src=\"https:\/\/tvmasmagazine.com\/wp-content\/uploads\/2024\/04\/Pabellon-de-Canada.jpeg\" \/>\n\n\t\t\t\t\t<div class=\"ms-info\"><p style=\"text-align: center;\"><strong>Pabell\u00f3n de Canad\u00e1.<\/strong><\/p><\/div>\n\n\n\t<div class=\"ms-thumb\" ><div class=\"ms-tab-context\"><div class=\"&quot;ms-tab-context&quot;\"><\/div><\/div>\n<\/div>\n\t\t\t\t<\/div>\n\t\t\t\t<div  class=\"ms-slide\" data-delay=\"3\" data-fill-mode=\"fit\"  >\n\t\t\t\t\t<img decoding=\"async\" src=\"https:\/\/tvmasmagazine.com\/wp-content\/plugins\/master-slider\/public\/assets\/css\/blank.gif\" alt=\"\" title=\"\" data-src=\"https:\/\/tvmasmagazine.com\/wp-content\/uploads\/2024\/04\/Lorena-chica-de-venta-y-Rebeca-Aguilar-ventas-de-MOvistar.jpeg\" \/>\n\n\t\t\t\t\t<div class=\"ms-info\"><p style=\"text-align: center;\"><strong>Lorena Molloy Galiana, Head of International Marketing &amp; Communications, Fabrizia Palazzo, Sales Manager (German-speaking, Italy, Nordics, UK and Ireland, Portugal, Greece, CEE, Asia and Oceania) and Rebeca Aguilar Dominguez Sales Director and Distribution Manager, all of MOVISTAR+ International.<\/strong><\/p><\/div>\n\n\n\t<div class=\"ms-thumb\" ><div class=\"ms-tab-context\"><div class=\"&quot;ms-tab-context&quot;\"><\/div><\/div>\n<\/div>\n\t\t\t\t<\/div>\n\t\t\t\t<div  class=\"ms-slide\" data-delay=\"3\" data-fill-mode=\"fit\"  >\n\t\t\t\t\t<img decoding=\"async\" src=\"https:\/\/tvmasmagazine.com\/wp-content\/plugins\/master-slider\/public\/assets\/css\/blank.gif\" alt=\"\" title=\"\" data-src=\"https:\/\/tvmasmagazine.com\/wp-content\/uploads\/2024\/04\/Ozge-Tinaz-of-Sales-and-Irina-Bakaliuv-Sales-Manager-de-RAYA-GROUP.jpeg\" \/>\n\n\t\t\t\t\t<div class=\"ms-info\"><p style=\"text-align: center;\"><strong>Iryna Bakaliuk, Sales Manager and Ozge Tinaz, Sales &amp; Acquisition of RAYA GROUP.<\/strong><\/p><\/div>\n\n\n\t<div class=\"ms-thumb\" ><div class=\"ms-tab-context\"><div class=\"&quot;ms-tab-context&quot;\"><\/div><\/div>\n<\/div>\n\t\t\t\t<\/div>\n\t\t\t\t<div  class=\"ms-slide\" data-delay=\"3\" data-fill-mode=\"fit\"  >\n\t\t\t\t\t<img decoding=\"async\" src=\"https:\/\/tvmasmagazine.com\/wp-content\/plugins\/master-slider\/public\/assets\/css\/blank.gif\" alt=\"\" title=\"\" data-src=\"https:\/\/tvmasmagazine.com\/wp-content\/uploads\/2024\/04\/Mine-Gunes-of-Unit-Manager-Fairs-Department-of-Instambul-Chamber-Commerce.jpeg\" \/>\n\n\t\t\t\t\t<div class=\"ms-info\"><p style=\"text-align: center;\"><strong>Mine G\u00fcnes, Unit Manager Fairs Department of Instambul Chamber Commerce.<\/strong><\/p><\/div>\n\n\n\t<div class=\"ms-thumb\" ><div class=\"ms-tab-context\"><div class=\"&quot;ms-tab-context&quot;\"><\/div><\/div>\n<\/div>\n\t\t\t\t<\/div>\n\t\t\t\t<div  class=\"ms-slide\" data-delay=\"3\" data-fill-mode=\"fit\"  >\n\t\t\t\t\t<img decoding=\"async\" src=\"https:\/\/tvmasmagazine.com\/wp-content\/plugins\/master-slider\/public\/assets\/css\/blank.gif\" alt=\"\" title=\"\" data-src=\"https:\/\/tvmasmagazine.com\/wp-content\/uploads\/2024\/04\/Nazmiye-Tinaz-CEO-Karamel-Production-y-Yesmin-Sezdirmez-Deputy-General-Manager-kanal-7-Turquia.jpeg\" \/>\n\n\t\t\t\t\t<div class=\"ms-info\"><p style=\"text-align: center;\"><strong>Nazmiye Tinaz, CEO of KARAMEL PRODUCTION and Yesim Sezdirmez, Deputy General Manager of KANAL 7 Turqu\u00eda.<\/strong><\/p><\/div>\n\n\n\t<div class=\"ms-thumb\" ><div class=\"ms-tab-context\"><div class=\"&quot;ms-tab-context&quot;\"><\/div><\/div>\n<\/div>\n\t\t\t\t<\/div>\n\t\t\t\t<div  class=\"ms-slide\" data-delay=\"3\" data-fill-mode=\"fit\"  >\n\t\t\t\t\t<img decoding=\"async\" src=\"https:\/\/tvmasmagazine.com\/wp-content\/plugins\/master-slider\/public\/assets\/css\/blank.gif\" alt=\"\" title=\"\" data-src=\"https:\/\/tvmasmagazine.com\/wp-content\/uploads\/2024\/04\/Rebeca-Aguilar-Manager-Distribucion-Movistar-Plus-International-con-Christian-Gockel-de-Betafilms.jpeg\" \/>\n\n\t\t\t\t\t<div class=\"ms-info\"><p style=\"text-align: center;\"><strong>Rebeca Aguilar, Manager Distribution of MOVISTAR\nPLUS+ INTERNATIONAL and Christian Gockel of BETAFILMS.<\/strong><\/p><\/div>\n\n\n\t<div class=\"ms-thumb\" ><div class=\"ms-tab-context\"><div class=\"&quot;ms-tab-context&quot;\"><\/div><\/div>\n<\/div>\n\t\t\t\t<\/div>\n\t\t\t\t<div  class=\"ms-slide\" data-delay=\"3\" data-fill-mode=\"fit\"  >\n\t\t\t\t\t<img decoding=\"async\" src=\"https:\/\/tvmasmagazine.com\/wp-content\/plugins\/master-slider\/public\/assets\/css\/blank.gif\" alt=\"\" title=\"\" data-src=\"https:\/\/tvmasmagazine.com\/wp-content\/uploads\/2024\/04\/Esra-Ercan.-Head-of-Entertaiment-of-SARAN-STUDIOS-Turquia.jpeg\" \/>\n\n\t\t\t\t\t<div class=\"ms-info\"><p style=\"text-align: center;\"><strong>Esra Ercan, Head of Entertainment of SARAN STUDIOS\nTurqu\u00eda.<\/strong><\/p><\/div>\n\n\n\t<div class=\"ms-thumb\" ><div class=\"ms-tab-context\"><div class=\"&quot;ms-tab-context&quot;\"><\/div><\/div>\n<\/div>\n\t\t\t\t<\/div>\n\t\t\t\t<div  class=\"ms-slide\" data-delay=\"3\" data-fill-mode=\"fit\"  >\n\t\t\t\t\t<img decoding=\"async\" src=\"https:\/\/tvmasmagazine.com\/wp-content\/plugins\/master-slider\/public\/assets\/css\/blank.gif\" alt=\"\" title=\"\" data-src=\"https:\/\/tvmasmagazine.com\/wp-content\/uploads\/2024\/04\/Namik-Badal-Sales-Adquisicion-Operation-of-Blue.Media_.jpeg\" \/>\n\n\t\t\t\t\t<div class=\"ms-info\"><p style=\"text-align: center;\"><strong>Namik Badal, Sales & Acquisition Operation of BLUE MEDIA.<\/strong><\/p><\/div>\n\n\n\t<div class=\"ms-thumb\" ><div class=\"ms-tab-context\"><div class=\"&quot;ms-tab-context&quot;\"><\/div><\/div>\n<\/div>\n\t\t\t\t<\/div>\n\t\t\t\t<div  class=\"ms-slide\" data-delay=\"3\" data-fill-mode=\"fit\"  >\n\t\t\t\t\t<img decoding=\"async\" src=\"https:\/\/tvmasmagazine.com\/wp-content\/plugins\/master-slider\/public\/assets\/css\/blank.gif\" alt=\"\" title=\"\" data-src=\"https:\/\/tvmasmagazine.com\/wp-content\/uploads\/2024\/04\/ORF-ENTERPRISE.jpeg\" \/>\n\n\t\t\t\t\t<div class=\"ms-info\"><p style=\"text-align: center;\"><strong>Mag.a Monika Kossits, Senior Sales Manager TV y Mario Leonhardsberger Bakk.phil., Digital Content Distribution Manager of ORF-ENTERPRISE.<\/strong><\/p><\/div>\n\n\n\t<div class=\"ms-thumb\" ><div class=\"ms-tab-context\"><div class=\"&quot;ms-tab-context&quot;\"><\/div><\/div>\n<\/div>\n\t\t\t\t<\/div>\n\t\t\t\t<div  class=\"ms-slide\" data-delay=\"3\" data-fill-mode=\"fit\"  >\n\t\t\t\t\t<img decoding=\"async\" src=\"https:\/\/tvmasmagazine.com\/wp-content\/plugins\/master-slider\/public\/assets\/css\/blank.gif\" alt=\"\" title=\"\" data-src=\"https:\/\/tvmasmagazine.com\/wp-content\/uploads\/2024\/04\/Alessandra-Dematteis-Head-of-Media-Sales-Christian-Ramirez-snd-Judit-Foz-Povill-Head-of-Media-Sales-DePLANETA-Kids-Family.jpeg\" \/>\n\n\t\t\t\t\t<div class=\"ms-info\"><p style=\"text-align: center;\"><strong>Alessandra Dematteis, Head of Media Sales; Cristina\nRamirez Almoril, TV Sales Manager and Judit Foz Povill,\nHead of Media Sales of DeAPlaneta Kids & Family.<\/strong><\/p><\/div>\n\n\n\t<div class=\"ms-thumb\" ><div class=\"ms-tab-context\"><div class=\"&quot;ms-tab-context&quot;\"><\/div><\/div>\n<\/div>\n\t\t\t\t<\/div>\n\t\t\t\t<div  class=\"ms-slide\" data-delay=\"3\" data-fill-mode=\"fit\"  >\n\t\t\t\t\t<img decoding=\"async\" src=\"https:\/\/tvmasmagazine.com\/wp-content\/plugins\/master-slider\/public\/assets\/css\/blank.gif\" alt=\"\" title=\"\" data-src=\"https:\/\/tvmasmagazine.com\/wp-content\/uploads\/2024\/04\/Andres-Whiteman-CONTENT-Sales-of-Fox-Global-Entertaiment.jpeg\" \/>\n\n\t\t\t\t\t<div class=\"ms-info\"><p style=\"text-align: center;\"><strong>Andrew Whiteman, Content Sales of FOX GLOBAL ENTERTAINMENT.<\/strong><\/p><\/div>\n\n\n\t<div class=\"ms-thumb\" ><div class=\"ms-tab-context\"><div class=\"&quot;ms-tab-context&quot;\"><\/div><\/div>\n<\/div>\n\t\t\t\t<\/div>\n\t\t\t\t<div  class=\"ms-slide\" data-delay=\"3\" data-fill-mode=\"fit\"  >\n\t\t\t\t\t<img decoding=\"async\" src=\"https:\/\/tvmasmagazine.com\/wp-content\/plugins\/master-slider\/public\/assets\/css\/blank.gif\" alt=\"\" title=\"\" data-src=\"https:\/\/tvmasmagazine.com\/wp-content\/uploads\/2024\/04\/Hhanvi-Sangani-directora-asociada-de-Indiacast-y-Pragati-Chorpade-directora-asociada-Indiacast-UK.jpeg\" \/>\n\n\t\t\t\t\t<div class=\"ms-info\"><p style=\"text-align: center;\"><strong>Jhanvi Sangani, Assosiate Director Syndication of INDIACAST and Pragati Ghorpade, Assosiate Director at INDIACAST UK.<\/strong><\/p><\/div>\n\n\n\t<div class=\"ms-thumb\" ><div class=\"ms-tab-context\"><div class=\"&quot;ms-tab-context&quot;\"><\/div><\/div>\n<\/div>\n\t\t\t\t<\/div>\n\t\t\t\t<div  class=\"ms-slide\" data-delay=\"3\" data-fill-mode=\"fit\"  >\n\t\t\t\t\t<img decoding=\"async\" src=\"https:\/\/tvmasmagazine.com\/wp-content\/plugins\/master-slider\/public\/assets\/css\/blank.gif\" alt=\"\" title=\"\" data-src=\"https:\/\/tvmasmagazine.com\/wp-content\/uploads\/2024\/04\/Eri-Kuno.Senior-Manager-Content-Distribucion-Development-Center-of-nep-NHK-ENTERPRISES-Japan.jpeg\" \/>\n\n\t\t\t\t\t<div class=\"ms-info\"><p style=\"text-align: center;\"><strong>Eri Kubo, Senior Manager, Distribution, Acquisition, Content Development Center of nep NHK ENTERPRISES Japan.<\/strong><\/p><\/div>\n\n\n\t<div class=\"ms-thumb\" ><div class=\"ms-tab-context\"><div class=\"&quot;ms-tab-context&quot;\"><\/div><\/div>\n<\/div>\n\t\t\t\t<\/div>\n\t\t\t\t<div  class=\"ms-slide\" data-delay=\"3\" data-fill-mode=\"fit\"  >\n\t\t\t\t\t<img decoding=\"async\" src=\"https:\/\/tvmasmagazine.com\/wp-content\/plugins\/master-slider\/public\/assets\/css\/blank.gif\" alt=\"\" title=\"\" data-src=\"https:\/\/tvmasmagazine.com\/wp-content\/uploads\/2024\/04\/James-Ross-CEO-de-Lightning-International.jpeg\" \/>\n\n\t\t\t\t\t<div class=\"ms-info\"><p style=\"text-align: center;\"><strong>James Ross, CEO of LIGHTNING INTERNATIONAL.<\/strong><\/p><\/div>\n\n\n\t<div class=\"ms-thumb\" ><div class=\"ms-tab-context\"><div class=\"&quot;ms-tab-context&quot;\"><\/div><\/div>\n<\/div>\n\t\t\t\t<\/div>\n\t\t\t\t<div  class=\"ms-slide\" data-delay=\"3\" data-fill-mode=\"fit\"  >\n\t\t\t\t\t<img decoding=\"async\" src=\"https:\/\/tvmasmagazine.com\/wp-content\/plugins\/master-slider\/public\/assets\/css\/blank.gif\" alt=\"\" title=\"\" data-src=\"https:\/\/tvmasmagazine.com\/wp-content\/uploads\/2024\/04\/Krzysztof-Kramarz-Chief-Sales-Executives-of-TVP-Telewizja-Polska.jpeg\" \/>\n\n\t\t\t\t\t<div class=\"ms-info\"><p style=\"text-align: center;\"><strong>Krzysztof Kramarz, Chief Sales Executives of TVP TELEWIZJA POLSKA.<\/strong><\/p><\/div>\n\n\n\t<div class=\"ms-thumb\" ><div class=\"ms-tab-context\"><div class=\"&quot;ms-tab-context&quot;\"><\/div><\/div>\n<\/div>\n\t\t\t\t<\/div>\n\t\t\t\t<div  class=\"ms-slide\" data-delay=\"3\" data-fill-mode=\"fit\"  >\n\t\t\t\t\t<img decoding=\"async\" src=\"https:\/\/tvmasmagazine.com\/wp-content\/plugins\/master-slider\/public\/assets\/css\/blank.gif\" alt=\"\" title=\"\" data-src=\"https:\/\/tvmasmagazine.com\/wp-content\/uploads\/2024\/04\/Sun-Young-Lee-Sales-of-BIGHOUSE-Eentertainment.jpeg\" \/>\n\n\t\t\t\t\t<div class=\"ms-info\"><p style=\"text-align: center;\"><strong>Sun Young Lee, Sales of BIGHOUSE Entertainment.<\/strong><\/p><\/div>\n\n\n\t<div class=\"ms-thumb\" ><div class=\"ms-tab-context\"><div class=\"&quot;ms-tab-context&quot;\"><\/div><\/div>\n<\/div>\n\t\t\t\t<\/div>\n\t\t\t\t<div  class=\"ms-slide\" data-delay=\"3\" data-fill-mode=\"fit\"  >\n\t\t\t\t\t<img decoding=\"async\" src=\"https:\/\/tvmasmagazine.com\/wp-content\/plugins\/master-slider\/public\/assets\/css\/blank.gif\" alt=\"\" title=\"\" data-src=\"https:\/\/tvmasmagazine.com\/wp-content\/uploads\/2024\/04\/Anne-Corsak-Sales-Directora-of-Abacus-Media-Rights.jpeg\" \/>\n\n\t\t\t\t\t<div class=\"ms-info\"><p style=\"text-align: center;\"><strong>Anne Corsak, Sales Director of ABACUS MEDIA RIGHTS.<\/strong><\/p><\/div>\n\n\n\t<div class=\"ms-thumb\" ><div class=\"ms-tab-context\"><div class=\"&quot;ms-tab-context&quot;\"><\/div><\/div>\n<\/div>\n\t\t\t\t<\/div>\n\t\t\t\t<div  class=\"ms-slide\" data-delay=\"3\" data-fill-mode=\"fit\"  >\n\t\t\t\t\t<img decoding=\"async\" src=\"https:\/\/tvmasmagazine.com\/wp-content\/plugins\/master-slider\/public\/assets\/css\/blank.gif\" alt=\"\" title=\"\" data-src=\"https:\/\/tvmasmagazine.com\/wp-content\/uploads\/2024\/04\/Barlas-Turkmenoglu-Producir-of-KUNAY-FILM-of-TURQUIA.jpeg\" \/>\n\n\t\t\t\t\t<div class=\"ms-info\"><p style=\"text-align: center;\"><strong>Barlas T\u00fcrkmeno\u011flu, Producer Manager of KUNAY FILM Turquia.<\/strong><\/p><\/div>\n\n\n\t<div class=\"ms-thumb\" ><div class=\"ms-tab-context\"><div class=\"&quot;ms-tab-context&quot;\"><\/div><\/div>\n<\/div>\n\t\t\t\t<\/div>\n\t\t\t\t<div  class=\"ms-slide\" data-delay=\"3\" data-fill-mode=\"fit\"  >\n\t\t\t\t\t<img decoding=\"async\" src=\"https:\/\/tvmasmagazine.com\/wp-content\/plugins\/master-slider\/public\/assets\/css\/blank.gif\" alt=\"\" title=\"\" data-src=\"https:\/\/tvmasmagazine.com\/wp-content\/uploads\/2024\/04\/Irem-Kucukkutlu-Marketing-and-PR-Manager-of-INTER-MEDYA-and-Haymi-Behar-of-SPI-INTERNATIONAL.jpeg\" \/>\n\n\t\t\t\t\t<div class=\"ms-info\"><p style=\"text-align: center;\"><strong>Irem Kucukkutlu, Marketing &amp; PR Manager of INTER MEDYA and Haymi Behar of SPI INTERNATIONAL.<\/strong><\/p><\/div>\n\n\n\t<div class=\"ms-thumb\" ><div class=\"ms-tab-context\"><div class=\"&quot;ms-tab-context&quot;\"><\/div><\/div>\n<\/div>\n\t\t\t\t<\/div>\n\t\t\t\t<div  class=\"ms-slide\" data-delay=\"3\" data-fill-mode=\"fit\"  >\n\t\t\t\t\t<img decoding=\"async\" src=\"https:\/\/tvmasmagazine.com\/wp-content\/plugins\/master-slider\/public\/assets\/css\/blank.gif\" alt=\"\" title=\"\" data-src=\"https:\/\/tvmasmagazine.com\/wp-content\/uploads\/2024\/04\/Iletisim-and.-S.Murat-Kaya-of-OUTLINE-ANIMATION.jpeg\" \/>\n\n\t\t\t\t\t<div class=\"ms-info\"><p style=\"text-align: center;\"><strong>G\u00f6rsel \u0130leti\u015fim and S.Murat Kaya of OUTLINE ANIMATION &amp; GAMES.<\/strong><\/p><\/div>\n\n\n\t<div class=\"ms-thumb\" ><div class=\"ms-tab-context\"><div class=\"&quot;ms-tab-context&quot;\"><\/div><\/div>\n<\/div>\n\t\t\t\t<\/div>\n\t\t\t\t<div  class=\"ms-slide\" data-delay=\"3\" data-fill-mode=\"fit\"  >\n\t\t\t\t\t<img decoding=\"async\" src=\"https:\/\/tvmasmagazine.com\/wp-content\/plugins\/master-slider\/public\/assets\/css\/blank.gif\" alt=\"\" title=\"\" data-src=\"https:\/\/tvmasmagazine.com\/wp-content\/uploads\/2024\/04\/Andre-Bastie.ojo-tilde-en-lAs-e.esxcatalan.-CEO-FOUNDER.-Oh-happyscribe.jpeg\" \/>\n\n\t\t\t\t\t<div class=\"ms-info\"><p style=\"text-align: center;\"><strong>Andr\u00e9 Basti\u00e9, Co Founder &amp; CEO of happyscribe.<\/strong><\/p><\/div>\n\n\n\t<div class=\"ms-thumb\" ><div class=\"ms-tab-context\"><div class=\"&quot;ms-tab-context&quot;\"><\/div><\/div>\n<\/div>\n\t\t\t\t<\/div>\n\t\t\t\t<div  class=\"ms-slide\" data-delay=\"3\" data-fill-mode=\"fit\"  >\n\t\t\t\t\t<img decoding=\"async\" src=\"https:\/\/tvmasmagazine.com\/wp-content\/plugins\/master-slider\/public\/assets\/css\/blank.gif\" alt=\"\" title=\"\" data-src=\"https:\/\/tvmasmagazine.com\/wp-content\/uploads\/2024\/04\/Urszula-Suszko-Head-International-Sales-of-TVP-of-Television-of-Poland.jpeg\" \/>\n\n\t\t\t\t\t<div class=\"ms-info\"><p style=\"text-align: center;\"><strong>Urszula Suszko, Head of International Sales at TVP TELEWIZJA POLSKA.<\/strong><\/p><\/div>\n\n\n\t<div class=\"ms-thumb\" ><div class=\"ms-tab-context\"><div class=\"&quot;ms-tab-context&quot;\"><\/div><\/div>\n<\/div>\n\t\t\t\t<\/div>\n\t\t\t\t<div  class=\"ms-slide\" data-delay=\"3\" data-fill-mode=\"fit\"  >\n\t\t\t\t\t<img decoding=\"async\" src=\"https:\/\/tvmasmagazine.com\/wp-content\/plugins\/master-slider\/public\/assets\/css\/blank.gif\" alt=\"\" title=\"\" data-src=\"https:\/\/tvmasmagazine.com\/wp-content\/uploads\/2024\/04\/Ben-Deloughery-Marketing-Manager-Digital-and-Claire-Douglas-Head-of-Marketing-P.R-of-Passion-Distribucion.jpeg\" \/>\n\n\t\t\t\t\t<div class=\"ms-info\"><p style=\"text-align: center;\"><strong>Ben Deloughery, Marketing Manager Digital and Claire Douglas, Head of Marketing &amp; P.R of PASSION DISTRIBUTION.<\/strong><\/p><\/div>\n\n\n\t<div class=\"ms-thumb\" ><div class=\"ms-tab-context\"><div class=\"&quot;ms-tab-context&quot;\"><\/div><\/div>\n<\/div>\n\t\t\t\t<\/div>\n\t\t\t\t<div  class=\"ms-slide\" data-delay=\"3\" data-fill-mode=\"fit\"  >\n\t\t\t\t\t<img decoding=\"async\" src=\"https:\/\/tvmasmagazine.com\/wp-content\/plugins\/master-slider\/public\/assets\/css\/blank.gif\" alt=\"\" title=\"\" data-src=\"https:\/\/tvmasmagazine.com\/wp-content\/uploads\/2024\/04\/Hermana-de-Eram-ex-KanalD-Dom-Serafin-y-esposa_1.jpeg\" \/>\n\n\t\t\t\t\t<div class=\"ms-info\"><p style=\"text-align: center;\"><strong>Elif Turna of MEDIAHUB with Dom Serafini and Monica Gorghetto, publishers of VIDEO AGE.<\/strong><\/p><\/div>\n\n\n\t<div class=\"ms-thumb\" ><div class=\"ms-tab-context\"><div class=\"&quot;ms-tab-context&quot;\"><\/div><\/div>\n<\/div>\n\t\t\t\t<\/div>\n\t\t\t\t<div  class=\"ms-slide\" data-delay=\"3\" data-fill-mode=\"fit\"  >\n\t\t\t\t\t<img decoding=\"async\" src=\"https:\/\/tvmasmagazine.com\/wp-content\/plugins\/master-slider\/public\/assets\/css\/blank.gif\" alt=\"\" title=\"\" data-src=\"https:\/\/tvmasmagazine.com\/wp-content\/uploads\/2024\/04\/ATRESMEDIA-TELEVISION-ver-word-1.jpeg\" \/>\n\n\t\t\t\t\t<div class=\"ms-info\"><p style=\"text-align: center;\"><strong>Jos\u00e9 Antonio Salso Baratas, Head of Acquisition &amp; Sales; Rebeca Fern\u00e1ndez Rodr\u00edguez, Sales Director Europe and Miguel Garc\u00eda, Sales Director of LATAM - ATRESMEDIA TELEVISION.<\/strong><\/p><\/div>\n\n\n\t<div class=\"ms-thumb\" ><div class=\"ms-tab-context\"><div class=\"&quot;ms-tab-context&quot;\"><\/div><\/div>\n<\/div>\n\t\t\t\t<\/div>\n\t\t\t\t<div  class=\"ms-slide\" data-delay=\"3\" data-fill-mode=\"fit\"  >\n\t\t\t\t\t<img decoding=\"async\" src=\"https:\/\/tvmasmagazine.com\/wp-content\/plugins\/master-slider\/public\/assets\/css\/blank.gif\" alt=\"\" title=\"\" data-src=\"https:\/\/tvmasmagazine.com\/wp-content\/uploads\/2024\/04\/Gamze-Sernaz-.-Sales-of-Lighthouse-VFX.jpeg\" \/>\n\n\t\t\t\t\t<div class=\"ms-info\"><p style=\"text-align: center;\"><strong>Gamze Sernaz, Sales of LIGHTHOUSE VFX.<\/strong><\/p><\/div>\n\n\n\t<div class=\"ms-thumb\" ><div class=\"ms-tab-context\"><div class=\"&quot;ms-tab-context&quot;\"><\/div><\/div>\n<\/div>\n\t\t\t\t<\/div>\n\t\t\t\t<div  class=\"ms-slide\" data-delay=\"3\" data-fill-mode=\"fit\"  >\n\t\t\t\t\t<img decoding=\"async\" src=\"https:\/\/tvmasmagazine.com\/wp-content\/plugins\/master-slider\/public\/assets\/css\/blank.gif\" alt=\"\" title=\"\" data-src=\"https:\/\/tvmasmagazine.com\/wp-content\/uploads\/2024\/04\/Paloma-Garcia-directora-de-ventas-Europa-y-Africa-con-Jesus-Iriepar-director-de-ventas-para-Europa-Middle-East-y-Asia.jpeg\" \/>\n\n\t\t\t\t\t<div class=\"ms-info\"><p style=\"text-align: center;\"><strong>Paloma Garc\u00eda, Sales Director of Europe &amp; Africa and Jes\u00fas Iriepar, Sales Director of Europe, Middle East &amp; Asia of CARACOL TELEVISION.<\/strong><\/p><\/div>\n\n\n\t<div class=\"ms-thumb\" ><div class=\"ms-tab-context\"><div class=\"&quot;ms-tab-context&quot;\"><\/div><\/div>\n<\/div>\n\t\t\t\t<\/div>\n\t\t\t\t<div  class=\"ms-slide\" data-delay=\"3\" data-fill-mode=\"fit\"  >\n\t\t\t\t\t<img decoding=\"async\" src=\"https:\/\/tvmasmagazine.com\/wp-content\/plugins\/master-slider\/public\/assets\/css\/blank.gif\" alt=\"\" title=\"\" data-src=\"https:\/\/tvmasmagazine.com\/wp-content\/uploads\/2024\/04\/Lucija-Merthar-CONTENT-Acquisition-sigue-en-word.jpeg\" \/>\n\n\t\t\t\t\t<div class=\"ms-info\"><p style=\"text-align: center;\"><strong>Lucija Merthar, Content Acquisition of TELEKOM SLOVENIA; Anita Todorovic, Director of Distribution &amp; Coproduction of SPACE PRODUCTION and Mar\u00eda Kwiatkowska, Programme Acquisition &amp; Production of TVP TELEWIZJA POLSKA.<\/strong><\/p><\/div>\n\n\n\t<div class=\"ms-thumb\" ><div class=\"ms-tab-context\"><div class=\"&quot;ms-tab-context&quot;\"><\/div><\/div>\n<\/div>\n\t\t\t\t<\/div>\n\t\t\t\t<div  class=\"ms-slide\" data-delay=\"3\" data-fill-mode=\"fit\"  >\n\t\t\t\t\t<img decoding=\"async\" src=\"https:\/\/tvmasmagazine.com\/wp-content\/plugins\/master-slider\/public\/assets\/css\/blank.gif\" alt=\"\" title=\"\" data-src=\"https:\/\/tvmasmagazine.com\/wp-content\/uploads\/2024\/04\/Jeff-Ceo-and-FOUNDER-Kenia-tv-Kids.jpeg\" \/>\n\n\t\t\t\t\t<div class=\"ms-info\"><p style=\"text-align: center;\"><strong>Jeff Schon Ceo and Founder KENIA TV KIDS.<\/strong><\/p><\/div>\n\n\n\t<div class=\"ms-thumb\" ><div class=\"ms-tab-context\"><div class=\"&quot;ms-tab-context&quot;\"><\/div><\/div>\n<\/div>\n\t\t\t\t<\/div>\n\t\t\t\t<div  class=\"ms-slide\" data-delay=\"3\" data-fill-mode=\"fit\"  >\n\t\t\t\t\t<img decoding=\"async\" src=\"https:\/\/tvmasmagazine.com\/wp-content\/plugins\/master-slider\/public\/assets\/css\/blank.gif\" alt=\"\" title=\"\" data-src=\"https:\/\/tvmasmagazine.com\/wp-content\/uploads\/2024\/04\/Salmi-Gambarova-Senior-Sales-Manager-con-directora-de-Marketing-y-Alaa-Elabasy.jpeg\" \/>\n\n\t\t\t\t\t<div class=\"ms-info\"><p style=\"text-align: center;\"><strong>Salmi Gambarova, Senior Sales Manager; \u00d6zlem Ozsumbul, Head of Sales &amp; Marketing of MADD Entertainment and Alaa Elabasy, Senior Sales Manager.<\/strong><\/p><\/div>\n\n\n\t<div class=\"ms-thumb\" ><div class=\"ms-tab-context\"><div class=\"&quot;ms-tab-context&quot;\"><\/div><\/div>\n<\/div>\n\t\t\t\t<\/div>\n\t\t\t\t<div  class=\"ms-slide\" data-delay=\"3\" data-fill-mode=\"fit\"  >\n\t\t\t\t\t<img decoding=\"async\" src=\"https:\/\/tvmasmagazine.com\/wp-content\/plugins\/master-slider\/public\/assets\/css\/blank.gif\" alt=\"\" title=\"\" data-src=\"https:\/\/tvmasmagazine.com\/wp-content\/uploads\/2024\/04\/Robert-Fonollosa-pructor-y-marketing-director-de-Zona-Mixta.jpeg\" \/>\n\n\t\t\t\t\t<div class=\"ms-info\"><p style=\"text-align: center;\"><strong>Robert Fonollosa, Productor &amp; Director of ZONA MIXTA.<\/strong><\/p><\/div>\n\n\n\t<div class=\"ms-thumb\" ><div class=\"ms-tab-context\"><div class=\"&quot;ms-tab-context&quot;\"><\/div><\/div>\n<\/div>\n\t\t\t\t<\/div>\n\t\t\t\t<div  class=\"ms-slide\" data-delay=\"3\" data-fill-mode=\"fit\"  >\n\t\t\t\t\t<img decoding=\"async\" src=\"https:\/\/tvmasmagazine.com\/wp-content\/plugins\/master-slider\/public\/assets\/css\/blank.gif\" alt=\"\" title=\"\" data-src=\"https:\/\/tvmasmagazine.com\/wp-content\/uploads\/2024\/04\/Rebeca-Fernandez-Rodriguez-Sales-Director-Europe-Laura-Aguado-directora-de-Marketing-de-ATRESMEDIA-TELEVISION.jpeg\" \/>\n\n\t\t\t\t\t<div class=\"ms-info\"><p style=\"text-align: center;\"><strong>Rebeca Fern\u00e1ndez Rodr\u00edguez, Sales Director Europe and Laura Aguado, Marketing Director of ATRESMEDIA TELEVISION.<\/strong><\/p><\/div>\n\n\n\t<div class=\"ms-thumb\" ><div class=\"ms-tab-context\"><div class=\"&quot;ms-tab-context&quot;\"><\/div><\/div>\n<\/div>\n\t\t\t\t<\/div>\n\t\t\t\t<div  class=\"ms-slide\" data-delay=\"3\" data-fill-mode=\"fit\"  >\n\t\t\t\t\t<img decoding=\"async\" src=\"https:\/\/tvmasmagazine.com\/wp-content\/plugins\/master-slider\/public\/assets\/css\/blank.gif\" alt=\"\" title=\"\" data-src=\"https:\/\/tvmasmagazine.com\/wp-content\/uploads\/2024\/04\/Vanda-Rapti-World-Sales-of-Viplay-GROUP.jpeg\" \/>\n\n\t\t\t\t\t<div class=\"ms-info\"><p style=\"text-align: center;\"><strong>Vanda Rapti, World Sales of viaplay GROUP.<\/strong><\/p><\/div>\n\n\n\t<div class=\"ms-thumb\" ><div class=\"ms-tab-context\"><div class=\"&quot;ms-tab-context&quot;\"><\/div><\/div>\n<\/div>\n\t\t\t\t<\/div>\n\n\t\t\t<\/div>\n\t\t\t<!-- END MasterSlider Main -->\n\n\t\t\t \n\t\t<\/div>\n\t\t<!-- END MasterSlider -->\n\n\t\t<script>\n\t\t(function ( $ ) {\n\t\t\t\"use strict\";\n\n\t\t\t$(function () {\n\t\t\t\tvar masterslider_e3de = new MasterSlider();\n\n\t\t\t\t\/\/ slider controls\n\t\t\t\tmasterslider_e3de.control('arrows'     ,{ autohide:false, overVideo:true  });\n\t\t\t\tmasterslider_e3de.control('slideinfo'  ,{ autohide:false, overVideo:true, dir:'h', align:'bottom',inset:false , margin:10   });\n\t\t\t\t\/\/ slider setup\n\t\t\t\tmasterslider_e3de.setup(\"MS69ede4d64e3de\", {\n\t\t\t\t\t\twidth           : 800,\n\t\t\t\t\t\theight          : 480,\n\t\t\t\t\t\tminHeight       : 0,\n\t\t\t\t\t\tspace           : 0,\n\t\t\t\t\t\tstart           : 1,\n\t\t\t\t\t\tgrabCursor      : true,\n\t\t\t\t\t\tswipe           : true,\n\t\t\t\t\t\tmouse           : true,\n\t\t\t\t\t\tlayout          : \"boxed\",\n\t\t\t\t\t\twheel           : false,\n\t\t\t\t\t\tautoplay        : true,\n\t\t\t\t\t\tinstantStartLayers:false,\n\t\t\t\t\t\tloop            : false,\n\t\t\t\t\t\tshuffle         : false,\n\t\t\t\t\t\tpreload         : 0,\n\t\t\t\t\t\theightLimit     : true,\n\t\t\t\t\t\tautoHeight      : false,\n\t\t\t\t\t\tsmoothHeight    : true,\n\t\t\t\t\t\tendPause        : false,\n\t\t\t\t\t\toverPause       : true,\n\t\t\t\t\t\tfillMode        : \"fill\",\n\t\t\t\t\t\tcenterControls  : true,\n\t\t\t\t\t\tstartOnAppear   : false,\n\t\t\t\t\t\tlayersMode      : \"center\",\n\t\t\t\t\t\thideLayers      : false,\n\t\t\t\t\t\tfullscreenMargin: 0,\n\t\t\t\t\t\tspeed           : 20,\n\t\t\t\t\t\tdir             : \"h\",\n\t\t\t\t\t\tparallaxMode    : 'swipe',\n\t\t\t\t\t\tview            : \"basic\"\n\t\t\t\t});\n\n\t\t\t\t\n\t\t\t\twindow.masterslider_instances = window.masterslider_instances || [];\n\t\t\t\twindow.masterslider_instances.push( masterslider_e3de );\n\t\t\t });\n\n\t\t})(jQuery);\n\t\t<\/script>\n\n\n<p>Redacci\u00f3n TVMAS<\/p>","protected":false},"excerpt":{"rendered":"<p>GLOBAL EVENTS SAID GOODBYE FOREVER AT THE PALAIS DES FESTIVALS IN CANNES Thank you very much for the stellar farewell <a class=\"more-link\" href=\"https:\/\/tvmasmagazine.com\/en\/2024\/04\/25\/galeria-ultimo-miptv-en-abril-2024\/\">&#8230;<\/a><\/p>\n","protected":false},"author":1,"featured_media":68118,"comment_status":"open","ping_status":"closed","sticky":false,"template":"","format":"standard","meta":{"footnotes":""},"categories":[244,85],"tags":[],"class_list":["post-68158","post","type-post","status-publish","format-standard","has-post-thumbnail","hentry","category-eventos","category-galeria"],"_links":{"self":[{"href":"https:\/\/tvmasmagazine.com\/en\/wp-json\/wp\/v2\/posts\/68158","targetHints":{"allow":["GET"]}}],"collection":[{"href":"https:\/\/tvmasmagazine.com\/en\/wp-json\/wp\/v2\/posts"}],"about":[{"href":"https:\/\/tvmasmagazine.com\/en\/wp-json\/wp\/v2\/types\/post"}],"author":[{"embeddable":true,"href":"https:\/\/tvmasmagazine.com\/en\/wp-json\/wp\/v2\/users\/1"}],"replies":[{"embeddable":true,"href":"https:\/\/tvmasmagazine.com\/en\/wp-json\/wp\/v2\/comments?post=68158"}],"version-history":[{"count":2,"href":"https:\/\/tvmasmagazine.com\/en\/wp-json\/wp\/v2\/posts\/68158\/revisions"}],"predecessor-version":[{"id":68160,"href":"https:\/\/tvmasmagazine.com\/en\/wp-json\/wp\/v2\/posts\/68158\/revisions\/68160"}],"wp:featuredmedia":[{"embeddable":true,"href":"https:\/\/tvmasmagazine.com\/en\/wp-json\/wp\/v2\/media\/68118"}],"wp:attachment":[{"href":"https:\/\/tvmasmagazine.com\/en\/wp-json\/wp\/v2\/media?parent=68158"}],"wp:term":[{"taxonomy":"category","embeddable":true,"href":"https:\/\/tvmasmagazine.com\/en\/wp-json\/wp\/v2\/categories?post=68158"},{"taxonomy":"post_tag","embeddable":true,"href":"https:\/\/tvmasmagazine.com\/en\/wp-json\/wp\/v2\/tags?post=68158"}],"curies":[{"name":"wp","href":"https:\/\/api.w.org\/{rel}","templated":true}]}}