{"id":68974,"date":"2025-03-18T22:23:40","date_gmt":"2025-03-19T01:23:40","guid":{"rendered":"https:\/\/tvmasmagazine.com\/?p=68974"},"modified":"2025-03-18T22:23:40","modified_gmt":"2025-03-19T01:23:40","slug":"james-rodriguez-estrella-de-futbol-hoy-en-entrevista-en-antena-3-internacional","status":"publish","type":"post","link":"https:\/\/tvmasmagazine.com\/en\/2025\/03\/18\/james-rodriguez-estrella-de-futbol-hoy-en-entrevista-en-antena-3-internacional\/","title":{"rendered":"James Rodr\u00edguez, soccer star today in an interview on Antena 3 Internacional"},"content":{"rendered":"<p><span style=\"color: #ff0000;\"><strong>INTERVIEW | FOOTBALL | STREAMING<\/strong><\/span><\/p>\n<p><img loading=\"lazy\" decoding=\"async\" class=\"aligncenter size-full wp-image-68978\" src=\"https:\/\/tvmasmagazine.com\/wp-content\/uploads\/2025\/03\/James_3-768x425-1.jpg\" alt=\"\" width=\"768\" height=\"425\" srcset=\"https:\/\/tvmasmagazine.com\/wp-content\/uploads\/2025\/03\/James_3-768x425-1.jpg 768w, https:\/\/tvmasmagazine.com\/wp-content\/uploads\/2025\/03\/James_3-768x425-1-350x194.jpg 350w, https:\/\/tvmasmagazine.com\/wp-content\/uploads\/2025\/03\/James_3-768x425-1-150x83.jpg 150w\" sizes=\"auto, (max-width: 768px) 100vw, 768px\" \/><\/p>\n<p><span style=\"color: #000080;\"><strong>Today, Tuesday, March 18, the former Real Madrid player recalls his early days, how his signing for Real Madrid came about, and his difficult relationship with the press on the program &#8220;Los Amigos de Edu.&#8221;<\/strong><\/span><\/p>\n<p><span style=\"color: #000080;\"><strong>The current player for Club Le\u00f3n, a team in the Mexican League, will wait until the 2026 World Cup to decide on his future in soccer. The exclusive interview is also available on the Atresplayer platform, where he talks about national teams, soccer, and more.<\/strong><\/span><\/p>\n<p>Antena 3 Internacional exclusively broadcasts a new interview with &#8220;Los Amigos de Edu.&#8221; Following appearances on the program with fellow former Real Madrid players Cristiano Ronaldo and Karim Benzema, it&#8217;s now Colombian star James Rodr\u00edguez&#8217;s turn.<\/p>\n<p>The current player for Club Le\u00f3n in the Mexican First Division welcomes journalist Edu Aguirre to explain his personal and professional life since he began playing.<\/p>\n<p>James recalls that \u201cwhen I was 16, I was being harassed playing in Argentina.\u201d After his move to Europe, he explains that \u201cCity and PSG offered a lot of money for me,\u201d but his move ultimately came to fruition with Real Madrid: \u201cFlorentino (P\u00e9rez) told me: \u2018What do you want? Glory or money?\u2019 That&#8217;s why I signed for Real Madrid,\u201d he recalls.<\/p>\n<p>Regarding the top Latin American national team competition, in which his team, La Tricolor, lost to Messi&#8217;s Albiceleste, he raises a major question: \u201cArgentina won the Copa Am\u00e9rica final due to external factors. Why weren&#8217;t the VAR audio recordings released?\u201d<\/p>\n<p>Regarding his time in Spain, he admits that he felt \u201cmistreated by the press\u201d and, regarding the future, he is clear: \u201cI want to make it to the 2026 World Cup and then decide whether to stay or retire.\u201d<\/p>\n<p>The presenter and his friends<\/p>\n<p>The documentary series &#8220;Los amigos de Edu\u201d premiered with the aim of showcasing, through Edu Aguirre, the tough, real-life stories of athletes such as Gerard Descarrega, Cisco Garc\u00eda, Desir\u00e9e Vila, and Javier Mart\u00ed. In February, the series also aired exclusive interviews with Cristiano Ronaldo and, more recently, with Karim Benzema. All of these interviews are also available on the streaming platform atresplayer<\/p>\n<p>AIR TIMES<\/p>\n<p>PREMIERE &#8211; Tuesday, March 18<\/p>\n<p>LATAM: 9:30 PM Mexico \/ 10:30 PM Colombia \/ 11:30 PM Venezuela \/ 12:30 AM Argentina<\/p>\n<p>US: 10:30 PM ET \/ 7:30 PM PT<\/p>\n<p>REPEAT &#8211; Saturday, March 22<\/p>\n<p>LATAM: 2:40 PM Mexico \/ 3:40 PM Colombia \/ 4:40 PM Venezuela \/ 5:40 AM Argentina<\/p>\n<p>US: 3:40 PM ET \/ 12:40 PM PT<\/p>\n<p>Redacci\u00f3n TVMAS<\/p>","protected":false},"excerpt":{"rendered":"<p>INTERVIEW | FOOTBALL | STREAMING Today, Tuesday, March 18, the former Real Madrid player recalls his early days, how his <a class=\"more-link\" href=\"https:\/\/tvmasmagazine.com\/en\/2025\/03\/18\/james-rodriguez-estrella-de-futbol-hoy-en-entrevista-en-antena-3-internacional\/\">&#8230;<\/a><\/p>\n","protected":false},"author":1,"featured_media":68978,"comment_status":"open","ping_status":"closed","sticky":false,"template":"","format":"standard","meta":{"footnotes":""},"categories":[80,79,47],"tags":[],"class_list":["post-68974","post","type-post","status-publish","format-standard","has-post-thumbnail","hentry","category-ott","category-tv-abierta","category-tv-de-pagp"],"_links":{"self":[{"href":"https:\/\/tvmasmagazine.com\/en\/wp-json\/wp\/v2\/posts\/68974","targetHints":{"allow":["GET"]}}],"collection":[{"href":"https:\/\/tvmasmagazine.com\/en\/wp-json\/wp\/v2\/posts"}],"about":[{"href":"https:\/\/tvmasmagazine.com\/en\/wp-json\/wp\/v2\/types\/post"}],"author":[{"embeddable":true,"href":"https:\/\/tvmasmagazine.com\/en\/wp-json\/wp\/v2\/users\/1"}],"replies":[{"embeddable":true,"href":"https:\/\/tvmasmagazine.com\/en\/wp-json\/wp\/v2\/comments?post=68974"}],"version-history":[{"count":4,"href":"https:\/\/tvmasmagazine.com\/en\/wp-json\/wp\/v2\/posts\/68974\/revisions"}],"predecessor-version":[{"id":68979,"href":"https:\/\/tvmasmagazine.com\/en\/wp-json\/wp\/v2\/posts\/68974\/revisions\/68979"}],"wp:featuredmedia":[{"embeddable":true,"href":"https:\/\/tvmasmagazine.com\/en\/wp-json\/wp\/v2\/media\/68978"}],"wp:attachment":[{"href":"https:\/\/tvmasmagazine.com\/en\/wp-json\/wp\/v2\/media?parent=68974"}],"wp:term":[{"taxonomy":"category","embeddable":true,"href":"https:\/\/tvmasmagazine.com\/en\/wp-json\/wp\/v2\/categories?post=68974"},{"taxonomy":"post_tag","embeddable":true,"href":"https:\/\/tvmasmagazine.com\/en\/wp-json\/wp\/v2\/tags?post=68974"}],"curies":[{"name":"wp","href":"https:\/\/api.w.org\/{rel}","templated":true}]}}