{"id":69400,"date":"2025-09-09T01:00:52","date_gmt":"2025-09-09T04:00:52","guid":{"rendered":"https:\/\/tvmasmagazine.com\/?p=69400"},"modified":"2025-09-09T02:34:54","modified_gmt":"2025-09-09T05:34:54","slug":"atresplayer-y-disney-anuncian-acuerdo-historico-en-el-mercado-en-espanol","status":"publish","type":"post","link":"https:\/\/tvmasmagazine.com\/en\/2025\/09\/09\/atresplayer-y-disney-anuncian-acuerdo-historico-en-el-mercado-en-espanol\/","title":{"rendered":"Atresplayer and Disney+ Announce Historic Agreement in the Spanish Market"},"content":{"rendered":"<p><strong><span style=\"color: #ff0000;\">AGREEMENTS | BUSINESS | STREAMING | GLOBAL MARKETS<\/span><\/strong><\/p>\n<div id=\"attachment_69401\" style=\"width: 2570px\" class=\"wp-caption aligncenter\"><img loading=\"lazy\" decoding=\"async\" aria-describedby=\"caption-attachment-69401\" class=\"size-full wp-image-69401\" src=\"https:\/\/tvmasmagazine.com\/wp-content\/uploads\/2025\/09\/ATRESPLAYER-Y-DISNEY-FIRMAN-ACUEREDO-FOTO-DOS-scaled.jpg\" alt=\"\" width=\"2560\" height=\"1516\" srcset=\"https:\/\/tvmasmagazine.com\/wp-content\/uploads\/2025\/09\/ATRESPLAYER-Y-DISNEY-FIRMAN-ACUEREDO-FOTO-DOS-scaled.jpg 2560w, https:\/\/tvmasmagazine.com\/wp-content\/uploads\/2025\/09\/ATRESPLAYER-Y-DISNEY-FIRMAN-ACUEREDO-FOTO-DOS-350x207.jpg 350w, https:\/\/tvmasmagazine.com\/wp-content\/uploads\/2025\/09\/ATRESPLAYER-Y-DISNEY-FIRMAN-ACUEREDO-FOTO-DOS-1024x606.jpg 1024w, https:\/\/tvmasmagazine.com\/wp-content\/uploads\/2025\/09\/ATRESPLAYER-Y-DISNEY-FIRMAN-ACUEREDO-FOTO-DOS-150x89.jpg 150w, https:\/\/tvmasmagazine.com\/wp-content\/uploads\/2025\/09\/ATRESPLAYER-Y-DISNEY-FIRMAN-ACUEREDO-FOTO-DOS-768x455.jpg 768w, https:\/\/tvmasmagazine.com\/wp-content\/uploads\/2025\/09\/ATRESPLAYER-Y-DISNEY-FIRMAN-ACUEREDO-FOTO-DOS-1536x909.jpg 1536w, https:\/\/tvmasmagazine.com\/wp-content\/uploads\/2025\/09\/ATRESPLAYER-Y-DISNEY-FIRMAN-ACUEREDO-FOTO-DOS-2048x1213.jpg 2048w\" sizes=\"auto, (max-width: 2560px) 100vw, 2560px\" \/><p id=\"caption-attachment-69401\" class=\"wp-caption-text\">Jos\u00e9 Antonio Ant\u00f3n, CEO of Atresmedia Audiovisual y Simon Amselem, Country Manager of The Walt Disney Company Espa\u00f1a&amp;Portugal.<\/p><\/div>\n<ul>\n<li><span style=\"color: #0000ff;\">This unprecedented agreement between the leading television group in Spain and the global streaming platform Disney+ amplifies audience reach and strengthens its catalogs.<\/span><\/li>\n<li><span style=\"color: #0000ff;\">Javier Bardaj\u00ed, CEO of ATRESMEDIA, highlights, \u201cThis commitment has been part of our model and philosophy for decades and has allowed us to achieve international hits such as \u2018Gran Hotel,\u2019 \u2018Money Heist,\u2019 \u2018Velvet,\u2019 \u2018The Time Between Stitches,\u2019 \u2018Vis a Vis,\u2019 \u2018Veneno,\u2019 \u2018Alba,\u2019 and \u2018Entre Tierras.\u2019\u201d<\/span><\/li>\n<\/ul>\n<p><a href=\"https:\/\/intermedya.tv\/\" target=\"_blank\" rel=\"noopener\"><img loading=\"lazy\" decoding=\"async\" class=\"aligncenter wp-image-69041 size-full\" src=\"https:\/\/tvmasmagazine.com\/wp-content\/uploads\/2025\/04\/banner_intermedya_345x100_EsrefRuya_ValleyOfHearts.gif\" alt=\"\" width=\"345\" height=\"100\" \/><\/a><\/p>\n<p>The integration agreement allows Disney+ to offer customers more than 300 hours of new Atresplayer content annually included in their subscription. For ATRESMEDIA, this is another step in the consolidation of the Spanish platform and reinforces the collaboration strategy to distribute the best Spanish productions both nationally and internationally.<\/p>\n<p>Starting in September, Disney+ customers will have access to more than 300 hours annually. of content produced in Spain, which will be updated regularly, in a dedicated space on Atresplayer within Disney+.<\/p>\n<p><strong>Karl Holmes, General Manager of Disney+ for EMEA,<\/strong> said: \u201cATRESMEDIA offers quality local content, and adding hundreds of hours of this content to stream on Disney+ is excellent news for our customers in Spain. This agreement reflects our commitment to local television across Europe, including our recent agreement in the UK with ITVX. This partnership reflects our goal of offering a wide variety of quality and culturally relevant stories to our customers, complementing our own catalog, which continues to include Disney+ original series produced in Spain, such as the recent hit \u2018Ladrones: La tiara de Santa Agueda\u2019 (Thieves: The Tiara of Saint Agatha) and the upcoming \u2018La suerte: Una serie de coincidenciones\u2019 (Luck: A Series of Coincidences), which will premiere at the upcoming San Sebasti\u00e1n International Film Festival, as well as globally recognized films and series such as \u2018Lilo &amp; Stitch\u2019 and FX\u2019s \u2018The Bear\u2019.\u201d<\/p>\n<p><a href=\"https:\/\/welove-entertainment.com\/\" target=\"_blank\" rel=\"noopener\"><img loading=\"lazy\" decoding=\"async\" class=\"aligncenter wp-image-69229 size-full\" src=\"https:\/\/tvmasmagazine.com\/wp-content\/uploads\/2025\/06\/Desiguales-345-x-100.jpg\" alt=\"\" width=\"518\" height=\"150\" srcset=\"https:\/\/tvmasmagazine.com\/wp-content\/uploads\/2025\/06\/Desiguales-345-x-100.jpg 518w, https:\/\/tvmasmagazine.com\/wp-content\/uploads\/2025\/06\/Desiguales-345-x-100-350x101.jpg 350w, https:\/\/tvmasmagazine.com\/wp-content\/uploads\/2025\/06\/Desiguales-345-x-100-150x43.jpg 150w\" sizes=\"auto, (max-width: 518px) 100vw, 518px\" \/><\/a><\/p>\n<p><strong>Javier Bardaj\u00ed, CEO of ATRESMEDIA says<\/strong> that \u201cThis agreement consolidates our leadership and allows us to expand the reach of our productions, promoting Spanish talent and culture\u201d Bardaj\u00ed stated, explaining that: \u201cThis commitment has been part of our model and philosophy for decades and has allowed us to achieve international successes such as \u2018Gran Hotel\u2019, \u2018La Casa de Papel\u2019, \u2018Velvet\u2019, \u2018El Tiempo entre Costuras\u2019, \u2018Vis a Vis\u2019, \u2018Veneno\u2019, \u2018Alba\u2019 or \u2018Entre Tierras\u2019 that have left their mark and paved the way for the rest of the sector. Thus, we confirm that Atresplayer is the leading Spanish platform and a local hero in our country, with a history of continuous growth.&#8221;<\/p>\n<p><strong>THE OFFER IS NOW AVAILABLE<\/strong><\/p>\n<p>Since September, Disney+ has been offering Atresplayer original series such as &#8216;Mar Fuera&#8217; (premiering on September 14); top-rated entertainment programs such as &#8216;La Voz&#8217; and &#8216;Tu Cara Me suena&#8217;; and Antena 3 series such as &#8216;La Encrucijada&#8217; and &#8216;Sue\u00f1os de libertad&#8217;; as well as a selection of series from the ATRESMEDIA catalog, such as &#8216;Vis a Vis&#8217;, &#8216;F\u00edsica o Qu\u00edmica&#8217;, and &#8216;Aqu\u00ed no hay quien viva&#8217;<strong>.<\/strong><\/p>\n\n\t\t<style type=\"text\/css\">\n\t\t\t#gallery-2 {\n\t\t\t\tmargin: auto;\n\t\t\t}\n\t\t\t#gallery-2 .gallery-item {\n\t\t\t\tfloat: left;\n\t\t\t\tmargin-top: 10px;\n\t\t\t\ttext-align: center;\n\t\t\t\twidth: 33%;\n\t\t\t}\n\t\t\t#gallery-2 img {\n\t\t\t\tborder: 2px solid #cfcfcf;\n\t\t\t}\n\t\t\t#gallery-2 .gallery-caption {\n\t\t\t\tmargin-left: 0;\n\t\t\t}\n\t\t\t\/* see gallery_shortcode() in wp-includes\/media.php *\/\n\t\t<\/style>\n\t\t<div id='gallery-2' class='gallery galleryid-69400 gallery-columns-3 gallery-size-medium'><dl class='gallery-item'>\n\t\t\t<dt class='gallery-icon landscape'>\n\t\t\t\t<a href='https:\/\/tvmasmagazine.com\/en\/2025\/09\/09\/atresplayer-y-disney-anuncian-acuerdo-historico-en-el-mercado-en-espanol\/la-casa-de-papel\/'><img loading=\"lazy\" decoding=\"async\" width=\"350\" height=\"197\" src=\"https:\/\/tvmasmagazine.com\/wp-content\/uploads\/2025\/09\/LA-CASA-DE-PAPEL-350x197.jpeg\" class=\"attachment-medium size-medium\" alt=\"\" aria-describedby=\"gallery-2-69403\" srcset=\"https:\/\/tvmasmagazine.com\/wp-content\/uploads\/2025\/09\/LA-CASA-DE-PAPEL-350x197.jpeg 350w, https:\/\/tvmasmagazine.com\/wp-content\/uploads\/2025\/09\/LA-CASA-DE-PAPEL-150x84.jpeg 150w, https:\/\/tvmasmagazine.com\/wp-content\/uploads\/2025\/09\/LA-CASA-DE-PAPEL.jpeg 608w\" sizes=\"auto, (max-width: 350px) 100vw, 350px\" \/><\/a>\n\t\t\t<\/dt>\n\t\t\t\t<dd class='wp-caption-text gallery-caption' id='gallery-2-69403'>\n\t\t\t\tLa Casa de Papel\n\t\t\t\t<\/dd><\/dl><dl class='gallery-item'>\n\t\t\t<dt class='gallery-icon landscape'>\n\t\t\t\t<a href='https:\/\/tvmasmagazine.com\/en\/2025\/09\/09\/atresplayer-y-disney-anuncian-acuerdo-historico-en-el-mercado-en-espanol\/atresplayer-y-disney-firman-acueredo-foto-dos\/'><img loading=\"lazy\" decoding=\"async\" width=\"350\" height=\"207\" src=\"https:\/\/tvmasmagazine.com\/wp-content\/uploads\/2025\/09\/ATRESPLAYER-Y-DISNEY-FIRMAN-ACUEREDO-FOTO-DOS-350x207.jpg\" class=\"attachment-medium size-medium\" alt=\"\" aria-describedby=\"gallery-2-69401\" srcset=\"https:\/\/tvmasmagazine.com\/wp-content\/uploads\/2025\/09\/ATRESPLAYER-Y-DISNEY-FIRMAN-ACUEREDO-FOTO-DOS-350x207.jpg 350w, https:\/\/tvmasmagazine.com\/wp-content\/uploads\/2025\/09\/ATRESPLAYER-Y-DISNEY-FIRMAN-ACUEREDO-FOTO-DOS-1024x606.jpg 1024w, https:\/\/tvmasmagazine.com\/wp-content\/uploads\/2025\/09\/ATRESPLAYER-Y-DISNEY-FIRMAN-ACUEREDO-FOTO-DOS-150x89.jpg 150w, https:\/\/tvmasmagazine.com\/wp-content\/uploads\/2025\/09\/ATRESPLAYER-Y-DISNEY-FIRMAN-ACUEREDO-FOTO-DOS-768x455.jpg 768w, https:\/\/tvmasmagazine.com\/wp-content\/uploads\/2025\/09\/ATRESPLAYER-Y-DISNEY-FIRMAN-ACUEREDO-FOTO-DOS-1536x909.jpg 1536w, https:\/\/tvmasmagazine.com\/wp-content\/uploads\/2025\/09\/ATRESPLAYER-Y-DISNEY-FIRMAN-ACUEREDO-FOTO-DOS-2048x1213.jpg 2048w\" sizes=\"auto, (max-width: 350px) 100vw, 350px\" \/><\/a>\n\t\t\t<\/dt>\n\t\t\t\t<dd class='wp-caption-text gallery-caption' id='gallery-2-69401'>\n\t\t\t\tJos\u00e9 Antonio Ant\u00f3n, director general de Atresmedia Audiovisual y Simon Amselem, consejero delegado The Walt Disney Company Espa\u00f1a&#038;Portugal.\n\t\t\t\t<\/dd><\/dl><dl class='gallery-item'>\n\t\t\t<dt class='gallery-icon landscape'>\n\t\t\t\t<a href='https:\/\/tvmasmagazine.com\/en\/2025\/09\/09\/atresplayer-y-disney-anuncian-acuerdo-historico-en-el-mercado-en-espanol\/velvet-ok\/'><img loading=\"lazy\" decoding=\"async\" width=\"350\" height=\"202\" src=\"https:\/\/tvmasmagazine.com\/wp-content\/uploads\/2025\/09\/VELVET-OK-350x202.webp\" class=\"attachment-medium size-medium\" alt=\"\" aria-describedby=\"gallery-2-69402\" srcset=\"https:\/\/tvmasmagazine.com\/wp-content\/uploads\/2025\/09\/VELVET-OK-350x202.webp 350w, https:\/\/tvmasmagazine.com\/wp-content\/uploads\/2025\/09\/VELVET-OK-1024x592.webp 1024w, https:\/\/tvmasmagazine.com\/wp-content\/uploads\/2025\/09\/VELVET-OK-150x87.webp 150w, https:\/\/tvmasmagazine.com\/wp-content\/uploads\/2025\/09\/VELVET-OK-768x444.webp 768w, https:\/\/tvmasmagazine.com\/wp-content\/uploads\/2025\/09\/VELVET-OK.webp 1280w\" sizes=\"auto, (max-width: 350px) 100vw, 350px\" \/><\/a>\n\t\t\t<\/dt>\n\t\t\t\t<dd class='wp-caption-text gallery-caption' id='gallery-2-69402'>\n\t\t\t\tVelvet\n\t\t\t\t<\/dd><\/dl><br style=\"clear: both\" \/>\n\t\t<\/div>\n\n<p><a href=\"https:\/\/www.condista.com\/\" target=\"_blank\" rel=\"noopener\"><img loading=\"lazy\" decoding=\"async\" class=\"aligncenter wp-image-68177 size-full\" src=\"https:\/\/tvmasmagazine.com\/wp-content\/uploads\/2024\/04\/Condista-Rai-Italia_345-x-100.jpg\" alt=\"\" width=\"345\" height=\"100\" srcset=\"https:\/\/tvmasmagazine.com\/wp-content\/uploads\/2024\/04\/Condista-Rai-Italia_345-x-100.jpg 345w, https:\/\/tvmasmagazine.com\/wp-content\/uploads\/2024\/04\/Condista-Rai-Italia_345-x-100-150x43.jpg 150w\" sizes=\"auto, (max-width: 345px) 100vw, 345px\" \/><\/a><\/p>","protected":false},"excerpt":{"rendered":"<p>AGREEMENTS | BUSINESS | STREAMING | GLOBAL MARKETS This unprecedented agreement between the leading television group in Spain and the <a class=\"more-link\" href=\"https:\/\/tvmasmagazine.com\/en\/2025\/09\/09\/atresplayer-y-disney-anuncian-acuerdo-historico-en-el-mercado-en-espanol\/\">&#8230;<\/a><\/p>\n","protected":false},"author":1,"featured_media":69401,"comment_status":"open","ping_status":"closed","sticky":false,"template":"","format":"standard","meta":{"footnotes":""},"categories":[67,248,87,254,65,253,31,11,237,80,256,68,73,17,47,12,13],"tags":[],"class_list":["post-69400","post","type-post","status-publish","format-standard","has-post-thumbnail","hentry","category-archivo","category-audiencias","category-caja-principal","category-coproduccion","category-editorial","category-entretenimiento","category-internacional","category-negocios","category-noticias","category-ott","category-series","category-slider","category-telenovelas-series","category-television","category-tv-de-pagp","category-tvmas","category-ultimas-noticias"],"_links":{"self":[{"href":"https:\/\/tvmasmagazine.com\/en\/wp-json\/wp\/v2\/posts\/69400","targetHints":{"allow":["GET"]}}],"collection":[{"href":"https:\/\/tvmasmagazine.com\/en\/wp-json\/wp\/v2\/posts"}],"about":[{"href":"https:\/\/tvmasmagazine.com\/en\/wp-json\/wp\/v2\/types\/post"}],"author":[{"embeddable":true,"href":"https:\/\/tvmasmagazine.com\/en\/wp-json\/wp\/v2\/users\/1"}],"replies":[{"embeddable":true,"href":"https:\/\/tvmasmagazine.com\/en\/wp-json\/wp\/v2\/comments?post=69400"}],"version-history":[{"count":2,"href":"https:\/\/tvmasmagazine.com\/en\/wp-json\/wp\/v2\/posts\/69400\/revisions"}],"predecessor-version":[{"id":69405,"href":"https:\/\/tvmasmagazine.com\/en\/wp-json\/wp\/v2\/posts\/69400\/revisions\/69405"}],"wp:featuredmedia":[{"embeddable":true,"href":"https:\/\/tvmasmagazine.com\/en\/wp-json\/wp\/v2\/media\/69401"}],"wp:attachment":[{"href":"https:\/\/tvmasmagazine.com\/en\/wp-json\/wp\/v2\/media?parent=69400"}],"wp:term":[{"taxonomy":"category","embeddable":true,"href":"https:\/\/tvmasmagazine.com\/en\/wp-json\/wp\/v2\/categories?post=69400"},{"taxonomy":"post_tag","embeddable":true,"href":"https:\/\/tvmasmagazine.com\/en\/wp-json\/wp\/v2\/tags?post=69400"}],"curies":[{"name":"wp","href":"https:\/\/api.w.org\/{rel}","templated":true}]}}