{"id":7046,"date":"2013-11-27T18:21:49","date_gmt":"2013-11-27T21:21:49","guid":{"rendered":"http:\/\/www.tvmasmagazine.com\/?p=7046"},"modified":"2015-03-17T19:04:50","modified_gmt":"2015-03-17T18:04:50","slug":"asociacion-de-autores-audiovisuales-de-ficcion-y-documentales-presenta-la-usina-de-migre-en-natpe-2013","status":"publish","type":"post","link":"https:\/\/tvmasmagazine.com\/en\/2013\/11\/27\/asociacion-de-autores-audiovisuales-de-ficcion-y-documentales-presenta-la-usina-de-migre-en-natpe-2013\/","title":{"rendered":"The Audiovisual, Fiction and Documentary Authors&#8217; Association, presents \u201cLa Usina de Migre\u201d at NATPE 2014."},"content":{"rendered":"<p><div id=\"attachment_7047\" style=\"width: 310px\" class=\"wp-caption alignleft\"><a href=\"http:\/\/www.tvmasmagazine.com\/wp-content\/uploads\/2013\/11\/migre2.jpg\"><img loading=\"lazy\" decoding=\"async\" aria-describedby=\"caption-attachment-7047\" class=\"size-medium wp-image-7047 \" alt=\"LA USINA Migr\u00e9\" src=\"http:\/\/www.tvmasmagazine.com\/wp-content\/uploads\/2013\/11\/migre2-300x200.jpg\" width=\"300\" height=\"200\" \/><\/a><p id=\"caption-attachment-7047\" class=\"wp-caption-text\">Ana Montes y Marcelo Cama\u00f1o Association Directors<\/p><\/div><\/p>\n<p>It is the Association of skilled creators of stories to provide services to companies in key stages of the process of production of audiovisual works in the global market.<\/p>\n<p>LA USINA DE MIGR\u00c9 offers a powerful new tool for the audiovisual industry, brings the excellence of Argentine authors capable of creating in different genres and styles.<\/p>\n<p>&#8220;Argentina is ranked as the third book seller in the world. Our mission is to increase this potential, optimizing the dynamics of team building and enhancing the role of the integral author. We promote exceptional meeting of recognized authors, who argue, structure dialogue of the book that bears their signature. Thus, enhancing the creative result of team work for creative stories,&#8221; explained Argentine writers, Ana Montes and Marcelo Cama\u00f1o, Directors of the Association.<\/p>\n<p>The commitment is to provide excellence in book production dynamics in all instances\u00a0by the Coordinating Team of La Usina de Migr\u00e9 that tracks each work and adds its experience to each project. Its strength is the proven experience in coordinating teams of successful authors in various genres and formats. As well as the identity defined and recognized in each of their respective stories.<\/p>\n<p>&#8220;We have work foundations for adaptations or free versions of classics performed\u00a0by our teams and a clinic of stories&#8221; they concluded.<\/p>\n<p>With over 50 stories between telenovelas and series, LA USINA Migr\u00e9, brings together renowned authors like Victor Ag\u00fa, Marta Betoldi, Marcelo Cama\u00f1o, Susana Cardozo, Marcia Cerretani, Enrique Sdrech, Esther Feldman, Cecilia Guerty, Marcela Guerty, Ismael Hase, Korovsky Ernesto, Pablo Lago, Jorge Oscar Leyes, Adriana Lorenz\u00f3n, Ana Montes, Marcelo Nacci, Guillermo Salmeron. And more than 100 authors capable of creating in different genres and styles.<\/p>\n<p>They will be at the Fontainebleau Hotel NATPE2014 in Miami Beach.<\/p>\n<p>To request meetings contact:<br \/>\nLa Usina de Migr\u00e9<br \/>\nusina@asociacionmigre.com.ar<br \/>\nBuenos Aires &#8211; Argentina<br \/>\n(54 11) 48313617<br \/>\nAna Montes: ana@asociacionmigre.com.ar<\/p>","protected":false},"excerpt":{"rendered":"<p>It is the Association of skilled creators of stories to provide services to companies in key stages of the process <a class=\"more-link\" href=\"https:\/\/tvmasmagazine.com\/en\/2013\/11\/27\/asociacion-de-autores-audiovisuales-de-ficcion-y-documentales-presenta-la-usina-de-migre-en-natpe-2013\/\">&#8230;<\/a><\/p>\n","protected":false},"author":1,"featured_media":7048,"comment_status":"closed","ping_status":"closed","sticky":false,"template":"","format":"standard","meta":{"footnotes":""},"categories":[73,13],"tags":[],"class_list":["post-7046","post","type-post","status-publish","format-standard","has-post-thumbnail","hentry","category-telenovelas-series","category-ultimas-noticias"],"_links":{"self":[{"href":"https:\/\/tvmasmagazine.com\/en\/wp-json\/wp\/v2\/posts\/7046","targetHints":{"allow":["GET"]}}],"collection":[{"href":"https:\/\/tvmasmagazine.com\/en\/wp-json\/wp\/v2\/posts"}],"about":[{"href":"https:\/\/tvmasmagazine.com\/en\/wp-json\/wp\/v2\/types\/post"}],"author":[{"embeddable":true,"href":"https:\/\/tvmasmagazine.com\/en\/wp-json\/wp\/v2\/users\/1"}],"replies":[{"embeddable":true,"href":"https:\/\/tvmasmagazine.com\/en\/wp-json\/wp\/v2\/comments?post=7046"}],"version-history":[{"count":9,"href":"https:\/\/tvmasmagazine.com\/en\/wp-json\/wp\/v2\/posts\/7046\/revisions"}],"predecessor-version":[{"id":8970,"href":"https:\/\/tvmasmagazine.com\/en\/wp-json\/wp\/v2\/posts\/7046\/revisions\/8970"}],"wp:featuredmedia":[{"embeddable":true,"href":"https:\/\/tvmasmagazine.com\/en\/wp-json\/wp\/v2\/media\/7048"}],"wp:attachment":[{"href":"https:\/\/tvmasmagazine.com\/en\/wp-json\/wp\/v2\/media?parent=7046"}],"wp:term":[{"taxonomy":"category","embeddable":true,"href":"https:\/\/tvmasmagazine.com\/en\/wp-json\/wp\/v2\/categories?post=7046"},{"taxonomy":"post_tag","embeddable":true,"href":"https:\/\/tvmasmagazine.com\/en\/wp-json\/wp\/v2\/tags?post=7046"}],"curies":[{"name":"wp","href":"https:\/\/api.w.org\/{rel}","templated":true}]}}