{"id":868,"date":"2012-04-17T10:38:38","date_gmt":"2012-04-17T10:38:38","guid":{"rendered":"http:\/\/www.tvmasmagazine.com\/?p=868"},"modified":"2015-03-17T19:05:20","modified_gmt":"2015-03-17T18:05:20","slug":"en-mexico-iniciaron-las-grabaciones-de-cachito-de-cielo","status":"publish","type":"post","link":"https:\/\/tvmasmagazine.com\/en\/2012\/04\/17\/en-mexico-iniciaron-las-grabaciones-de-cachito-de-cielo\/","title":{"rendered":"En M\u00e9xico: Iniciaron las grabaciones de Cachito de cielo"},"content":{"rendered":"<p><\/p>\n<h1><\/h1>\n<h1><strong>En M\u00e9xico: Iniciaron las grabaciones de<em> Cachito de cielo<\/em><\/strong> .-<\/h1>\n<h1><\/h1>\n<h2><strong>La nueva telenovela vespertina de Televisa<\/strong><\/h2>\n<p>&nbsp;<\/p>\n<p>Con una misa en el foro 11 de Televisa San \u00c1ngel de la Ciudad de M\u00e9xico, se di\u00f3 el pizarrazo oficial del inicio de grabaciones de la telenovela <em>Cachito de cielo<\/em>, historia original de Mario Schajris<strong>,<\/strong> y adaptada por<strong> <\/strong>A\u00edda Guajardo. El melodrama es protagonizado por Maite Perroni y Pedro Fern\u00e1ndez.<\/p>\n<p>&nbsp;<\/p>\n<p>Los productores, Giselle Gonz\u00e1lez y Roberto G\u00f3mez Fern\u00e1ndez, se reunieron con los actores, equipo de producci\u00f3n y staff para realizar la ceremonia religiosa donde agradecieron a cada uno de los integrantes de esta producci\u00f3n.<\/p>\n<p>&nbsp;<\/p>\n<p>La direcci\u00f3n de escena correr\u00e1 a cargo de Eric Morales y Alejandro Gamboa. Manuel Barajas y Luis Rodr\u00edguez<strong> <\/strong>ser\u00e1n los responsables de la direcci\u00f3n de c\u00e1maras.<\/p>\n<p>&nbsp;<\/p>\n<p>Cachito de cielo se estrenar\u00e1 el pr\u00f3ximo 11 de junio del presente a\u00f1o a las 18:00 horas por el canal de las estrellas.<\/p>\n<h1><\/h1>\n<p>&nbsp;<\/p>","protected":false},"excerpt":{"rendered":"<p>En M\u00e9xico: Iniciaron las grabaciones de Cachito de cielo .- La nueva telenovela vespertina de Televisa &nbsp; Con una misa <a class=\"more-link\" href=\"https:\/\/tvmasmagazine.com\/en\/2012\/04\/17\/en-mexico-iniciaron-las-grabaciones-de-cachito-de-cielo\/\">&#8230;<\/a><\/p>\n","protected":false},"author":1,"featured_media":870,"comment_status":"closed","ping_status":"open","sticky":false,"template":"","format":"standard","meta":{"footnotes":""},"categories":[73,13],"tags":[],"class_list":["post-868","post","type-post","status-publish","format-standard","has-post-thumbnail","hentry","category-telenovelas-series","category-ultimas-noticias"],"_links":{"self":[{"href":"https:\/\/tvmasmagazine.com\/en\/wp-json\/wp\/v2\/posts\/868","targetHints":{"allow":["GET"]}}],"collection":[{"href":"https:\/\/tvmasmagazine.com\/en\/wp-json\/wp\/v2\/posts"}],"about":[{"href":"https:\/\/tvmasmagazine.com\/en\/wp-json\/wp\/v2\/types\/post"}],"author":[{"embeddable":true,"href":"https:\/\/tvmasmagazine.com\/en\/wp-json\/wp\/v2\/users\/1"}],"replies":[{"embeddable":true,"href":"https:\/\/tvmasmagazine.com\/en\/wp-json\/wp\/v2\/comments?post=868"}],"version-history":[{"count":2,"href":"https:\/\/tvmasmagazine.com\/en\/wp-json\/wp\/v2\/posts\/868\/revisions"}],"predecessor-version":[{"id":9133,"href":"https:\/\/tvmasmagazine.com\/en\/wp-json\/wp\/v2\/posts\/868\/revisions\/9133"}],"wp:featuredmedia":[{"embeddable":true,"href":"https:\/\/tvmasmagazine.com\/en\/wp-json\/wp\/v2\/media\/870"}],"wp:attachment":[{"href":"https:\/\/tvmasmagazine.com\/en\/wp-json\/wp\/v2\/media?parent=868"}],"wp:term":[{"taxonomy":"category","embeddable":true,"href":"https:\/\/tvmasmagazine.com\/en\/wp-json\/wp\/v2\/categories?post=868"},{"taxonomy":"post_tag","embeddable":true,"href":"https:\/\/tvmasmagazine.com\/en\/wp-json\/wp\/v2\/tags?post=868"}],"curies":[{"name":"wp","href":"https:\/\/api.w.org\/{rel}","templated":true}]}}