{"id":1005,"date":"2012-05-14T08:55:40","date_gmt":"2012-05-14T08:55:40","guid":{"rendered":"http:\/\/www.tvmasmagazine.com\/?p=1005"},"modified":"2015-01-27T12:08:12","modified_gmt":"2015-01-27T11:08:12","slug":"en-espana-telecinco-presento-la-vigesima-temporada-de-hospital-central","status":"publish","type":"post","link":"https:\/\/tvmasmagazine.com\/es\/2012\/05\/14\/en-espana-telecinco-presento-la-vigesima-temporada-de-hospital-central\/","title":{"rendered":"En Espa\u00f1a: Telecinco present\u00f3 la vig\u00e9sima temporada de Hospital central"},"content":{"rendered":"<p><a href=\"http:\/\/www.tvmasmagazine.com\/wp-content\/uploads\/2012\/05\/JORGE-ARQUE-PRESIDENTE-VIDEOMEDIA.jpg\"><img loading=\"lazy\" decoding=\"async\" class=\"alignleft size-full wp-image-1007\" title=\"JORGE ARQUE ,PRESIDENTE VIDEOMEDIA\" src=\"http:\/\/www.tvmasmagazine.com\/wp-content\/uploads\/2012\/05\/JORGE-ARQUE-PRESIDENTE-VIDEOMEDIA.jpg\" alt=\"\" width=\"439\" height=\"420\" srcset=\"https:\/\/tvmasmagazine.com\/wp-content\/uploads\/2012\/05\/JORGE-ARQUE-PRESIDENTE-VIDEOMEDIA.jpg 439w, https:\/\/tvmasmagazine.com\/wp-content\/uploads\/2012\/05\/JORGE-ARQUE-PRESIDENTE-VIDEOMEDIA-150x143.jpg 150w, https:\/\/tvmasmagazine.com\/wp-content\/uploads\/2012\/05\/JORGE-ARQUE-PRESIDENTE-VIDEOMEDIA-350x334.jpg 350w\" sizes=\"auto, (max-width: 439px) 100vw, 439px\" \/><\/a><\/p>\n<p><strong>La serie cumple 12 a\u00f1os al aire con m\u00e1s de 300 episodios<\/strong><\/p>\n<p>En esta nueva temporada, la serie producida por Telecinco en colaboraci\u00f3n con Videomedia, presenta algunas novedades, entre las que destacan: una trama-denuncia de explotaci\u00f3n sexual infantil grabada en Camboya y la entrada de la Fundaci\u00f3n Marquina como gestor del centro. Adem\u00e1s incorporan a nuevo elenco en la trama, entre ellos: Mar Regueras, Nani Jim\u00e9nez y Jos\u00e9 Lamu\u00f1o por citar algunos.<\/p>\n<p>\u201cEl secreto de la longevidad de\u00a0<em>Hospital Central<\/em>\u00a0est\u00e1 en la voluntad del espectador de seguir vi\u00e9ndola: sin los espectadores no ser\u00edamos nada, pero tambi\u00e9n quiero destacar la importancia de la ilusi\u00f3n de los que estamos detr\u00e1s de la serie\u201d coment\u00f3 Jorge Arqu\u00e9, presidente de Videomedia.<\/p>\n<p>Por su parte, Manuel Villanueva, director general de contenidos de Telecinco resalt\u00f3: \u201cLos espectadores que durante esos 12 a\u00f1os, 20 temporadas y 300 episodios han querido que\u00a0<em>Hospital Central<\/em>\u00a0siga entrando cada noche en sus casas y, por tanto, en sus vidas\u201d, finaliz\u00f3 Villanueva.<\/p>\n<p>La serie se estrenar\u00e1 el 16 de mayo a las 22:30 horas.<\/p>","protected":false},"excerpt":{"rendered":"<p>La serie cumple 12 a\u00f1os al aire con m\u00e1s de 300 episodios En esta nueva temporada, la serie producida por <a class=\"more-link\" href=\"https:\/\/tvmasmagazine.com\/es\/2012\/05\/14\/en-espana-telecinco-presento-la-vigesima-temporada-de-hospital-central\/\">&#8230;<\/a><\/p>\n","protected":false},"author":1,"featured_media":1006,"comment_status":"closed","ping_status":"open","sticky":false,"template":"","format":"standard","meta":{"footnotes":""},"categories":[41],"tags":[],"class_list":["post-1005","post","type-post","status-publish","format-standard","has-post-thumbnail","hentry","category-europa"],"_links":{"self":[{"href":"https:\/\/tvmasmagazine.com\/es\/wp-json\/wp\/v2\/posts\/1005","targetHints":{"allow":["GET"]}}],"collection":[{"href":"https:\/\/tvmasmagazine.com\/es\/wp-json\/wp\/v2\/posts"}],"about":[{"href":"https:\/\/tvmasmagazine.com\/es\/wp-json\/wp\/v2\/types\/post"}],"author":[{"embeddable":true,"href":"https:\/\/tvmasmagazine.com\/es\/wp-json\/wp\/v2\/users\/1"}],"replies":[{"embeddable":true,"href":"https:\/\/tvmasmagazine.com\/es\/wp-json\/wp\/v2\/comments?post=1005"}],"version-history":[{"count":3,"href":"https:\/\/tvmasmagazine.com\/es\/wp-json\/wp\/v2\/posts\/1005\/revisions"}],"predecessor-version":[{"id":8243,"href":"https:\/\/tvmasmagazine.com\/es\/wp-json\/wp\/v2\/posts\/1005\/revisions\/8243"}],"wp:featuredmedia":[{"embeddable":true,"href":"https:\/\/tvmasmagazine.com\/es\/wp-json\/wp\/v2\/media\/1006"}],"wp:attachment":[{"href":"https:\/\/tvmasmagazine.com\/es\/wp-json\/wp\/v2\/media?parent=1005"}],"wp:term":[{"taxonomy":"category","embeddable":true,"href":"https:\/\/tvmasmagazine.com\/es\/wp-json\/wp\/v2\/categories?post=1005"},{"taxonomy":"post_tag","embeddable":true,"href":"https:\/\/tvmasmagazine.com\/es\/wp-json\/wp\/v2\/tags?post=1005"}],"curies":[{"name":"wp","href":"https:\/\/api.w.org\/{rel}","templated":true}]}}