{"id":1012,"date":"2012-05-15T16:11:00","date_gmt":"2012-05-15T16:11:00","guid":{"rendered":"http:\/\/www.tvmasmagazine.com\/?p=1012"},"modified":"2015-01-27T12:08:12","modified_gmt":"2015-01-27T11:08:12","slug":"globomedia-y-grupo-televisa-crean-nueva-productora","status":"publish","type":"post","link":"https:\/\/tvmasmagazine.com\/es\/2012\/05\/15\/globomedia-y-grupo-televisa-crean-nueva-productora\/","title":{"rendered":"Globomedia y Grupo Televisa crean nueva productora"},"content":{"rendered":"<p><div style=\"width: 208px\" class=\"wp-caption alignleft\"><a href=\"http:\/\/www.tvmasmagazine.com\/wp-content\/uploads\/2012\/05\/Daniel-\u00c9cija-presidente-de-Globomedia.jpg\"><img loading=\"lazy\" decoding=\"async\" class=\"size-full wp-image-1014\" title=\"Daniel \u00c9cija, presidente de Globomedia\" src=\"http:\/\/www.tvmasmagazine.com\/wp-content\/uploads\/2012\/05\/Daniel-\u00c9cija-presidente-de-Globomedia.jpg\" alt=\"\" width=\"198\" height=\"293\" \/><\/a><\/p>\n<dl id=\"attachment_1014\" class=\"wp-caption alignleft\" style=\"width: 208px;\">\n<dt class=\"wp-caption-dt\"><p class=\"wp-caption-text\">Daniel \u00c9cija, presidente de Globomedia<\/p><\/div><\/p>\n<div id=\"attachment_1013\" style=\"width: 218px\" class=\"wp-caption alignleft\"><a href=\"http:\/\/www.tvmasmagazine.com\/wp-content\/uploads\/2012\/05\/Jos\u00e9-Bast\u00f3n.jpg\"><img loading=\"lazy\" decoding=\"async\" aria-describedby=\"caption-attachment-1013\" class=\"size-full wp-image-1013\" title=\"Jos\u00e9 Bast\u00f3n\" src=\"http:\/\/www.tvmasmagazine.com\/wp-content\/uploads\/2012\/05\/Jos\u00e9-Bast\u00f3n.jpg\" alt=\"\" width=\"208\" height=\"292\" \/><\/a><p id=\"caption-attachment-1013\" class=\"wp-caption-text\">Jos\u00e9 Bast\u00f3n, presidente de televisi\u00f3n y contenidos de Grupo Televisa<\/p><\/div>\n<p><strong>Esta desarrollar\u00e1 contenidos para televisi\u00f3n dirigidos al mercado espa\u00f1ol e internacional<\/strong><\/p>\n<p><strong><\/strong>La nueva alianza es consecuencia de la entrada de Grupo Televisa en el accionariado de Imagina Media Audiovisual, holding al que tambi\u00e9n pertenece Globomedia. La nueva productora tendr\u00e1 los derechos de adaptaci\u00f3n del cat\u00e1logo de Grupo Televisa para Espa\u00f1a. Asimismo, podr\u00e1 poner en marcha producciones originales.<\/p>\n<p>Televisa incorporar\u00e1 a la compa\u00f1\u00eda, los derechos para Espa\u00f1a del cat\u00e1logo de ficci\u00f3n de Sony, compa\u00f1\u00eda con la que acaba de rubricar un importante acuerdo de colaboraci\u00f3n.<\/p>\n<p>\u201cEstoy satisfecho por este acuerdo que facilita un acceso preferente a dos de los mejores cat\u00e1logos de la ficci\u00f3n mundial, el de Grupo Televisa y el de la norteamericana Sony Pictures. Adem\u00e1s, estamos encantados de crear esta productora con nuestros socios de M\u00e9xico. Creemos que es un acuerdo muy importante que potencia la expansi\u00f3n internacional de Globomedia. Ser\u00e1 muy fruct\u00edfero para ambas partes\u00bb, coment\u00f3 Daniel \u00c9cija, presidente de Globomedia.<\/p>\n<p>Por su parte Jos\u00e9 Bast\u00f3n, presidente de televisi\u00f3n y contenidos de Grupo Televisa, afirm\u00f3: \u00abEl acuerdo con Globomedia es un paso importante para consolidar la presencia de Grupo Televisa en el mundo de habla hispana y en Europa de la mano de un gran socio, ya que en el negocio de los contenidos una parte fundamental del crecimiento est\u00e1 en las ventas de formatos, los acuerdos de co-producci\u00f3n y las sinergias con expertos\u00bb, finaliz\u00f3 el ejecutivo.<\/p>","protected":false},"excerpt":{"rendered":"<p>Esta desarrollar\u00e1 contenidos para televisi\u00f3n dirigidos al mercado espa\u00f1ol e internacional La nueva alianza es consecuencia de la entrada de <a class=\"more-link\" href=\"https:\/\/tvmasmagazine.com\/es\/2012\/05\/15\/globomedia-y-grupo-televisa-crean-nueva-productora\/\">&#8230;<\/a><\/p>\n","protected":false},"author":1,"featured_media":1015,"comment_status":"closed","ping_status":"open","sticky":false,"template":"","format":"standard","meta":{"footnotes":""},"categories":[41],"tags":[],"class_list":["post-1012","post","type-post","status-publish","format-standard","has-post-thumbnail","hentry","category-europa"],"_links":{"self":[{"href":"https:\/\/tvmasmagazine.com\/es\/wp-json\/wp\/v2\/posts\/1012","targetHints":{"allow":["GET"]}}],"collection":[{"href":"https:\/\/tvmasmagazine.com\/es\/wp-json\/wp\/v2\/posts"}],"about":[{"href":"https:\/\/tvmasmagazine.com\/es\/wp-json\/wp\/v2\/types\/post"}],"author":[{"embeddable":true,"href":"https:\/\/tvmasmagazine.com\/es\/wp-json\/wp\/v2\/users\/1"}],"replies":[{"embeddable":true,"href":"https:\/\/tvmasmagazine.com\/es\/wp-json\/wp\/v2\/comments?post=1012"}],"version-history":[{"count":5,"href":"https:\/\/tvmasmagazine.com\/es\/wp-json\/wp\/v2\/posts\/1012\/revisions"}],"predecessor-version":[{"id":8242,"href":"https:\/\/tvmasmagazine.com\/es\/wp-json\/wp\/v2\/posts\/1012\/revisions\/8242"}],"wp:featuredmedia":[{"embeddable":true,"href":"https:\/\/tvmasmagazine.com\/es\/wp-json\/wp\/v2\/media\/1015"}],"wp:attachment":[{"href":"https:\/\/tvmasmagazine.com\/es\/wp-json\/wp\/v2\/media?parent=1012"}],"wp:term":[{"taxonomy":"category","embeddable":true,"href":"https:\/\/tvmasmagazine.com\/es\/wp-json\/wp\/v2\/categories?post=1012"},{"taxonomy":"post_tag","embeddable":true,"href":"https:\/\/tvmasmagazine.com\/es\/wp-json\/wp\/v2\/tags?post=1012"}],"curies":[{"name":"wp","href":"https:\/\/api.w.org\/{rel}","templated":true}]}}