{"id":1126,"date":"2012-05-29T08:56:55","date_gmt":"2012-05-29T08:56:55","guid":{"rendered":"http:\/\/www.tvmasmagazine.com\/?p=1126"},"modified":"2015-01-27T12:08:12","modified_gmt":"2015-01-27T11:08:12","slug":"en-espana-canal-recupera-la-liga-champions","status":"publish","type":"post","link":"https:\/\/tvmasmagazine.com\/es\/2012\/05\/29\/en-espana-canal-recupera-la-liga-champions\/","title":{"rendered":"En Espa\u00f1a: Canal+ recupera La Liga  Champions"},"content":{"rendered":"<p><div id=\"attachment_1127\" style=\"width: 330px\" class=\"wp-caption alignleft\"><a href=\"http:\/\/www.tvmasmagazine.com\/wp-content\/uploads\/2012\/05\/attachment1.jpg\"><img loading=\"lazy\" decoding=\"async\" aria-describedby=\"caption-attachment-1127\" class=\"size-full wp-image-1127\" title=\"attachment\" src=\"http:\/\/www.tvmasmagazine.com\/wp-content\/uploads\/2012\/05\/attachment1.jpg\" alt=\"\" width=\"320\" height=\"400\" srcset=\"https:\/\/tvmasmagazine.com\/wp-content\/uploads\/2012\/05\/attachment1.jpg 320w, https:\/\/tvmasmagazine.com\/wp-content\/uploads\/2012\/05\/attachment1-120x150.jpg 120w, https:\/\/tvmasmagazine.com\/wp-content\/uploads\/2012\/05\/attachment1-280x350.jpg 280w\" sizes=\"auto, (max-width: 320px) 100vw, 320px\" \/><\/a><p id=\"caption-attachment-1127\" class=\"wp-caption-text\">Carlos Mart\u00ednez, director de deportes de Canal+<\/p><\/div><\/p>\n<p><strong>\u00a0<span style=\"color: #000000;\">Trans<\/span><\/strong><strong><span style=\"color: #000000;\">mitir\u00e1<\/span>\u00a0en exclusiva las pr\u00f3ximas tres temporadas, adem\u00e1s de preparar una programaci\u00f3n especial<\/strong><\/p>\n<p><span style=\"font-size: small;\">Despu\u00e9s de recuperar\u00a0\u00a0la Liga de Campeones para las pr\u00f3ximas tres temporadas, el Canal+ ya prepara una programaci\u00f3n especial, que comenz\u00f3 este 28 de mayo a las 20.30 horas, para darle la bienvenida de nuevo, utilizando el slogan \u201c<strong><em>La champions ya est\u00e1 en casa<\/em><\/strong>\u201d. Durante el verano, un total de tres meses, el canal emitir\u00e1 programas, reportajes, monogr\u00e1ficos y m\u00e1s de medio centenar de partidos hist\u00f3ricos.<\/span><\/p>\n<p><span style=\"font-size: small;\">\u201cSe transmitir\u00e1n en alta definici\u00f3n y en exclusiva por nuestro canal, 15 de cada 16 partidos, de cada una de las jornadas de la competici\u00f3n. Adem\u00e1s los abonados a Canal+ tendr\u00e1n la posibilidad de disfrutar de las \u00faltimas veinte finales de la competencia, as\u00ed como de otros partidos hist\u00f3ricos, entre los que destacan aquellos en los que han participado equipos espa\u00f1oles\u201d, coment\u00f3 Carlos Mart\u00ednez, director de deportes de Canal+.<\/span><\/p>\n<p><span style=\"font-size: small;\">De esta forma, el canal presentar\u00e1 tres meses repletos de Liga de Campeones, la cual llegar\u00e1 a su fin el 21 de agosto cuando el M\u00e1laga club de f\u00fatbol compita para clasificarse en la ronda previa con la intenci\u00f3n de acompa\u00f1ar al Real Madrid, al Barcelona y al Valencia en este nueva edici\u00f3n de la competencia.<\/span><\/p>","protected":false},"excerpt":{"rendered":"<p>\u00a0Transmitir\u00e1\u00a0en exclusiva las pr\u00f3ximas tres temporadas, adem\u00e1s de preparar una programaci\u00f3n especial Despu\u00e9s de recuperar\u00a0\u00a0la Liga de Campeones para las <a class=\"more-link\" href=\"https:\/\/tvmasmagazine.com\/es\/2012\/05\/29\/en-espana-canal-recupera-la-liga-champions\/\">&#8230;<\/a><\/p>\n","protected":false},"author":1,"featured_media":1128,"comment_status":"closed","ping_status":"open","sticky":false,"template":"","format":"standard","meta":{"footnotes":""},"categories":[41],"tags":[],"class_list":["post-1126","post","type-post","status-publish","format-standard","has-post-thumbnail","hentry","category-europa"],"_links":{"self":[{"href":"https:\/\/tvmasmagazine.com\/es\/wp-json\/wp\/v2\/posts\/1126","targetHints":{"allow":["GET"]}}],"collection":[{"href":"https:\/\/tvmasmagazine.com\/es\/wp-json\/wp\/v2\/posts"}],"about":[{"href":"https:\/\/tvmasmagazine.com\/es\/wp-json\/wp\/v2\/types\/post"}],"author":[{"embeddable":true,"href":"https:\/\/tvmasmagazine.com\/es\/wp-json\/wp\/v2\/users\/1"}],"replies":[{"embeddable":true,"href":"https:\/\/tvmasmagazine.com\/es\/wp-json\/wp\/v2\/comments?post=1126"}],"version-history":[{"count":2,"href":"https:\/\/tvmasmagazine.com\/es\/wp-json\/wp\/v2\/posts\/1126\/revisions"}],"predecessor-version":[{"id":8241,"href":"https:\/\/tvmasmagazine.com\/es\/wp-json\/wp\/v2\/posts\/1126\/revisions\/8241"}],"wp:featuredmedia":[{"embeddable":true,"href":"https:\/\/tvmasmagazine.com\/es\/wp-json\/wp\/v2\/media\/1128"}],"wp:attachment":[{"href":"https:\/\/tvmasmagazine.com\/es\/wp-json\/wp\/v2\/media?parent=1126"}],"wp:term":[{"taxonomy":"category","embeddable":true,"href":"https:\/\/tvmasmagazine.com\/es\/wp-json\/wp\/v2\/categories?post=1126"},{"taxonomy":"post_tag","embeddable":true,"href":"https:\/\/tvmasmagazine.com\/es\/wp-json\/wp\/v2\/tags?post=1126"}],"curies":[{"name":"wp","href":"https:\/\/api.w.org\/{rel}","templated":true}]}}