{"id":1138,"date":"2012-05-30T09:07:48","date_gmt":"2012-05-30T09:07:48","guid":{"rendered":"http:\/\/www.tvmasmagazine.com\/?p=1138"},"modified":"2015-03-17T19:05:18","modified_gmt":"2015-03-17T18:05:18","slug":"monica-alvarez-se-integra-al-area-de-ventas-internacionales-de-rcn","status":"publish","type":"post","link":"https:\/\/tvmasmagazine.com\/es\/2012\/05\/30\/monica-alvarez-se-integra-al-area-de-ventas-internacionales-de-rcn\/","title":{"rendered":"M\u00f3nica \u00c1lvarez se integra al \u00e1rea de ventas internacionales de RCN"},"content":{"rendered":"<p><div id=\"attachment_1140\" style=\"width: 208px\" class=\"wp-caption alignleft\"><a href=\"http:\/\/www.tvmasmagazine.com\/wp-content\/uploads\/2012\/05\/30demayoinsertada2.jpg\"><img loading=\"lazy\" decoding=\"async\" aria-describedby=\"caption-attachment-1140\" class=\"size-full wp-image-1140\" title=\"30demayoinsertada2\" src=\"http:\/\/www.tvmasmagazine.com\/wp-content\/uploads\/2012\/05\/30demayoinsertada2.jpg\" alt=\"\" width=\"198\" height=\"293\" srcset=\"https:\/\/tvmasmagazine.com\/wp-content\/uploads\/2012\/05\/30demayoinsertada2.jpg 198w, https:\/\/tvmasmagazine.com\/wp-content\/uploads\/2012\/05\/30demayoinsertada2-101x150.jpg 101w\" sizes=\"auto, (max-width: 198px) 100vw, 198px\" \/><\/a><p id=\"caption-attachment-1140\" class=\"wp-caption-text\">M\u00f3nica \u00c1lvarez, ejecutiva en el \u00e1rea de ventas internacionales de RCN<\/p><\/div><\/p>\n<p><strong>M\u00f3nica \u00c1lvarez se integra al \u00e1rea de ventas internacionales de RCN<\/strong><\/p>\n<p>M\u00f3nica Paola \u00c1lvarez Rodr\u00edguez,\u00a0viene a ocupar el cargo de ejecutiva de ventas, encarg\u00e1ndose de la gesti\u00f3n y atenci\u00f3n de Am\u00e9rica Latina.<\/p>\n<p>\u201cEstar en el Canal RCN es un reto bastante grande y apasionante porque est\u00e1s representando una marca muy importante para nosotros los colombianos y que es reconocida internacionalmente. La idea es crecer y fortalecernos a nivel mundial. Mi familia me dice que no me pudieron poner en mejor empresa porque para informarme del producto me toca ver y conocer de las telenovelas que vamos vender, y personalmente a m\u00ed me encantan las series y telenovelas que produce RCN\u201d, coment\u00f3 M\u00f3nica \u00c1lvarez.<\/p>\n<p>Por su parte, Mar\u00eda Luc\u00eda Hern\u00e1ndez Frieri, directora de ventas internacionales, dijo: \u201cEstamos muy contentos de tener a M\u00f3nica en nuestro equipo, y confiamos en el \u00e9xito que ser\u00e1 tener su colaboraci\u00f3n\u201d, finaliz\u00f3 la ejecutiva.<\/p>\n<p>Nacida en Bogot\u00e1, M\u00f3nica es profesional en comercio Internacional de la Universidad Jorge Tadeo Lozano, cuenta con una especializaci\u00f3n en gerencia de mercadeo de la Pontificia Universidad Javeriana. En su historia laboral, fue parte de la Federaci\u00f3n Nacional de Cafeteros con la reconocida marca Juan Valdez en el departamento de mercadeo y ventas, y posteriormente en Dentsply Finance Co, la segunda multinacional de productos dentales en el mundo.<\/p>","protected":false},"excerpt":{"rendered":"<p>M\u00f3nica \u00c1lvarez se integra al \u00e1rea de ventas internacionales de RCN M\u00f3nica Paola \u00c1lvarez Rodr\u00edguez,\u00a0viene a ocupar el cargo de <a class=\"more-link\" href=\"https:\/\/tvmasmagazine.com\/es\/2012\/05\/30\/monica-alvarez-se-integra-al-area-de-ventas-internacionales-de-rcn\/\">&#8230;<\/a><\/p>\n","protected":false},"author":1,"featured_media":1139,"comment_status":"closed","ping_status":"open","sticky":false,"template":"","format":"standard","meta":{"footnotes":""},"categories":[73,13],"tags":[],"class_list":["post-1138","post","type-post","status-publish","format-standard","has-post-thumbnail","hentry","category-telenovelas-series","category-ultimas-noticias"],"_links":{"self":[{"href":"https:\/\/tvmasmagazine.com\/es\/wp-json\/wp\/v2\/posts\/1138","targetHints":{"allow":["GET"]}}],"collection":[{"href":"https:\/\/tvmasmagazine.com\/es\/wp-json\/wp\/v2\/posts"}],"about":[{"href":"https:\/\/tvmasmagazine.com\/es\/wp-json\/wp\/v2\/types\/post"}],"author":[{"embeddable":true,"href":"https:\/\/tvmasmagazine.com\/es\/wp-json\/wp\/v2\/users\/1"}],"replies":[{"embeddable":true,"href":"https:\/\/tvmasmagazine.com\/es\/wp-json\/wp\/v2\/comments?post=1138"}],"version-history":[{"count":2,"href":"https:\/\/tvmasmagazine.com\/es\/wp-json\/wp\/v2\/posts\/1138\/revisions"}],"predecessor-version":[{"id":9111,"href":"https:\/\/tvmasmagazine.com\/es\/wp-json\/wp\/v2\/posts\/1138\/revisions\/9111"}],"wp:featuredmedia":[{"embeddable":true,"href":"https:\/\/tvmasmagazine.com\/es\/wp-json\/wp\/v2\/media\/1139"}],"wp:attachment":[{"href":"https:\/\/tvmasmagazine.com\/es\/wp-json\/wp\/v2\/media?parent=1138"}],"wp:term":[{"taxonomy":"category","embeddable":true,"href":"https:\/\/tvmasmagazine.com\/es\/wp-json\/wp\/v2\/categories?post=1138"},{"taxonomy":"post_tag","embeddable":true,"href":"https:\/\/tvmasmagazine.com\/es\/wp-json\/wp\/v2\/tags?post=1138"}],"curies":[{"name":"wp","href":"https:\/\/api.w.org\/{rel}","templated":true}]}}