{"id":1388,"date":"2012-07-03T13:53:49","date_gmt":"2012-07-03T13:53:49","guid":{"rendered":"http:\/\/www.tvmasmagazine.com\/?p=1388"},"modified":"2015-03-18T16:01:06","modified_gmt":"2015-03-18T15:01:06","slug":"en-espana-el-presidente-de-rtve-leopoldo-gonzalez-echenique-tomo-posesion-de-su-cargo","status":"publish","type":"post","link":"https:\/\/tvmasmagazine.com\/es\/2012\/07\/03\/en-espana-el-presidente-de-rtve-leopoldo-gonzalez-echenique-tomo-posesion-de-su-cargo\/","title":{"rendered":"En Espa\u00f1a: El presidente de RTVE, Leopoldo Gonz\u00e1lez-Echenique, tom\u00f3 posesi\u00f3n de su cargo"},"content":{"rendered":"<p><div style=\"width: 490px\" class=\"wp-caption alignleft\"><img loading=\"lazy\" decoding=\"async\" class=\" \" title=\"Leopoldo Gonz\u00e1lez Echenique, Presidente  de RTVE\" src=\"http:\/\/www.tvmasmagazine.com\/wp-content\/uploads\/2012\/07\/Leopoldo%20Gonz\u00e1lez-Echenique.jpg\" alt=\"\" width=\"480\" height=\"341\" \/><p class=\"wp-caption-text\">Leopoldo Gonz\u00e1lez Echenique, Presidente de RTVE<\/p><\/div><\/p>\n<h2><strong>Mientras que Fernando Navarrete, Jos\u00e9 Manuel Pe\u00f1alosa,\u00a0<img loading=\"lazy\" decoding=\"async\" src=\"http:\/\/dp.prisacom.com\/ProfileService\/p.gif\" alt=\"\" width=\"1\" height=\"1\" align=\"BOTTOM\" border=\"0\" \/>Marisa Ciriza y \u00d3scar Pierre son los nuevos miembros del consejo<\/strong><\/h2>\n<p>A la toma de posesi\u00f3n\u00a0en el Sal\u00f3n de pasos perdidos del Congreso de los Diputados,\u00a0asistieron en representaci\u00f3n del Gobierno la vicepresidenta Soraya Sa\u00e9nz de Santamar\u00eda, el ministro de Industria, Jos\u00e9 Manuel Soria, el de Agricultura, Miguel Arias Ca\u00f1ete, as\u00ed como el secretario de Estado de Relaciones con las Cortes, Jos\u00e9 Luis Ayll\u00f3n.<\/p>\n<p><strong>Como parte de la renovaci\u00f3n del consejo, La C\u00e1mara Alta design\u00f3 a Fernando Navarrete y Jos\u00e9 Manuel Pe\u00f1alosa como miembros del Consejo de Administraci\u00f3n de la Corporaci\u00f3n por mayor\u00eda absoluta en segunda vuelta. Mientras que el congreso eligi\u00f3 a Marisa Ciriza y \u00d3scar Pierre.<\/strong><\/p>\n<p><a name=\"distribuidor_ready1\" target=\"_blank\"><\/a>\u00abEstamos viviendo momentos dif\u00edciles que afectan a todos los sectores de la sociedad, las nuevas responsabilidades que tienen los consejeros, las deben afrontar sabiamente, as\u00ed como tambi\u00e9n los importantes desaf\u00edos de una corporaci\u00f3n moderna y adaptada a las nuevas tecnolog\u00edas\u201d, coment\u00f3 Jes\u00fas Posada, presidente del Congreso.<\/p>\n<p>Echenique aprovech\u00f3 la primera sesi\u00f3n del nuevo Consejo de Administraci\u00f3n para nombrar a Julio Somoano como director de Informativos en sustituci\u00f3n de Fran Llorente. As\u00ed como a Manuel Ventero, quien ocupar\u00e1 la direcci\u00f3n de Radio Nacional de Espa\u00f1a<\/p>\n<p><div style=\"width: 310px\" class=\"wp-caption alignleft\"><img loading=\"lazy\" decoding=\"async\" class=\" \" title=\"JOS\u00e9 MANUEL PE\u00f1ALOSA RUIZ, CONSEJERO DE RTVE\" src=\"http:\/\/www.tvmasmagazine.com\/wp-content\/uploads\/2012\/07\/Jose%20Manuel%20Pe\u00f1alosa.jpg\" alt=\"\" width=\"300\" height=\"416\" \/><p class=\"wp-caption-text\">Jos\u00e9 Manuel Pe\u00f1alosa Ruiz, Consejero de RTVE<\/p><\/div><\/p>","protected":false},"excerpt":{"rendered":"<p>Mientras que Fernando Navarrete, Jos\u00e9 Manuel Pe\u00f1alosa,\u00a0Marisa Ciriza y \u00d3scar Pierre son los nuevos miembros del consejo A la toma <a class=\"more-link\" href=\"https:\/\/tvmasmagazine.com\/es\/2012\/07\/03\/en-espana-el-presidente-de-rtve-leopoldo-gonzalez-echenique-tomo-posesion-de-su-cargo\/\">&#8230;<\/a><\/p>\n","protected":false},"author":1,"featured_media":1395,"comment_status":"closed","ping_status":"open","sticky":false,"template":"","format":"standard","meta":{"footnotes":""},"categories":[73,47,13],"tags":[],"class_list":["post-1388","post","type-post","status-publish","format-standard","has-post-thumbnail","hentry","category-telenovelas-series","category-tv-de-pagp","category-ultimas-noticias"],"_links":{"self":[{"href":"https:\/\/tvmasmagazine.com\/es\/wp-json\/wp\/v2\/posts\/1388","targetHints":{"allow":["GET"]}}],"collection":[{"href":"https:\/\/tvmasmagazine.com\/es\/wp-json\/wp\/v2\/posts"}],"about":[{"href":"https:\/\/tvmasmagazine.com\/es\/wp-json\/wp\/v2\/types\/post"}],"author":[{"embeddable":true,"href":"https:\/\/tvmasmagazine.com\/es\/wp-json\/wp\/v2\/users\/1"}],"replies":[{"embeddable":true,"href":"https:\/\/tvmasmagazine.com\/es\/wp-json\/wp\/v2\/comments?post=1388"}],"version-history":[{"count":10,"href":"https:\/\/tvmasmagazine.com\/es\/wp-json\/wp\/v2\/posts\/1388\/revisions"}],"predecessor-version":[{"id":9097,"href":"https:\/\/tvmasmagazine.com\/es\/wp-json\/wp\/v2\/posts\/1388\/revisions\/9097"}],"wp:featuredmedia":[{"embeddable":true,"href":"https:\/\/tvmasmagazine.com\/es\/wp-json\/wp\/v2\/media\/1395"}],"wp:attachment":[{"href":"https:\/\/tvmasmagazine.com\/es\/wp-json\/wp\/v2\/media?parent=1388"}],"wp:term":[{"taxonomy":"category","embeddable":true,"href":"https:\/\/tvmasmagazine.com\/es\/wp-json\/wp\/v2\/categories?post=1388"},{"taxonomy":"post_tag","embeddable":true,"href":"https:\/\/tvmasmagazine.com\/es\/wp-json\/wp\/v2\/tags?post=1388"}],"curies":[{"name":"wp","href":"https:\/\/api.w.org\/{rel}","templated":true}]}}