{"id":2109,"date":"2012-08-30T22:49:31","date_gmt":"2012-08-30T20:49:31","guid":{"rendered":"http:\/\/www.tvmasmagazine.com\/?p=2109"},"modified":"2014-12-18T19:29:41","modified_gmt":"2014-12-18T18:29:41","slug":"carlos-perez-davila-renuncia-a-la-presidencia-de-caracol-television","status":"publish","type":"post","link":"https:\/\/tvmasmagazine.com\/es\/2012\/08\/30\/carlos-perez-davila-renuncia-a-la-presidencia-de-caracol-television\/","title":{"rendered":"Carlos P\u00e9rez D\u00e1vila, renuncia a la presidencia de Caracol Televisi\u00f3n"},"content":{"rendered":"<p><div id=\"attachment_2113\" style=\"width: 310px\" class=\"wp-caption alignleft\"><a href=\"http:\/\/www.tvmasmagazine.com\/wp-content\/uploads\/2012\/08\/Carlos-P\u00e9rez-D\u00e1vila.jpg\"><img loading=\"lazy\" decoding=\"async\" aria-describedby=\"caption-attachment-2113\" src=\"http:\/\/www.tvmasmagazine.com\/wp-content\/uploads\/2012\/08\/Carlos-P\u00e9rez-D\u00e1vila-300x300.jpg\" alt=\"Carlos P\u00e9rez D\u00e1vila, despu\u00e9s de su renuncia, asumir\u00e1 la presidencia de la junta directiva de Caracol Televisi\u00f3n\" title=\"Carlos P\u00e9rez D\u00e1vila\" width=\"300\" height=\"300\" class=\"size-medium wp-image-2113\" srcset=\"https:\/\/tvmasmagazine.com\/wp-content\/uploads\/2012\/08\/Carlos-P\u00e9rez-D\u00e1vila-300x300.jpg 300w, https:\/\/tvmasmagazine.com\/wp-content\/uploads\/2012\/08\/Carlos-P\u00e9rez-D\u00e1vila-150x150.jpg 150w, https:\/\/tvmasmagazine.com\/wp-content\/uploads\/2012\/08\/Carlos-P\u00e9rez-D\u00e1vila.jpg 320w\" sizes=\"auto, (max-width: 300px) 100vw, 300px\" \/><\/a><p id=\"caption-attachment-2113\" class=\"wp-caption-text\">Carlos P\u00e9rez D\u00e1vila, despu\u00e9s de su renuncia, asumir\u00e1 la presidencia de la junta directiva de Caracol Televisi\u00f3n<\/p><\/div><\/p>\n<div id=\"attachment_2114\" style=\"width: 310px\" class=\"wp-caption alignleft\"><a href=\"http:\/\/www.tvmasmagazine.com\/wp-content\/uploads\/2012\/08\/Gonzalo-C\u00f3rdoba-Mallarino.jpg\"><img loading=\"lazy\" decoding=\"async\" aria-describedby=\"caption-attachment-2114\" src=\"http:\/\/www.tvmasmagazine.com\/wp-content\/uploads\/2012\/08\/Gonzalo-C\u00f3rdoba-Mallarino-300x200.jpg\" alt=\"Gonzalo C\u00f3rdoba Mallarino, nuevo presidente de Caracol Televisi\u00f3n\" title=\"Gonzalo C\u00f3rdoba Mallarino\" width=\"300\" height=\"200\" class=\"size-medium wp-image-2114\" srcset=\"https:\/\/tvmasmagazine.com\/wp-content\/uploads\/2012\/08\/Gonzalo-C\u00f3rdoba-Mallarino-300x200.jpg 300w, https:\/\/tvmasmagazine.com\/wp-content\/uploads\/2012\/08\/Gonzalo-C\u00f3rdoba-Mallarino.jpg 600w\" sizes=\"auto, (max-width: 300px) 100vw, 300px\" \/><\/a><p id=\"caption-attachment-2114\" class=\"wp-caption-text\">Gonzalo C\u00f3rdoba Mallarino, nuevo presidente de Caracol Televisi\u00f3n<\/p><\/div>\n<p><strong>Lo reemplazar\u00e1 Gonzalo C\u00f3rdoba Mallarino.<\/strong><\/p>\n<p>Despu\u00e9s de a\u00f1o y medio en el cargo, Carlos P\u00e9rez D\u00e1vila, decidi\u00f3 dejar el cargo de presidente de Caracol Televisi\u00f3n S.A., tras liderar un proceso de reestructuraci\u00f3n y modernizaci\u00f3n que transform\u00f3 a la empresa. En su lugar queda Gonzalo C\u00f3rdoba Mallarino, actual presidente de la junta directiva de El Espectador y miembro de la junta directiva de Caracol Televisi\u00f3n.<\/p>\n<p>Bajo su cargo, P\u00e9rez D\u00e1vila consolid\u00f3 las diferentes unidades de negocio y prepar\u00f3 a la compa\u00f1\u00eda para los desaf\u00edos de la industria. Transform\u00f3 la estructura de noticias y el \u00e1rea de plataformas digitales desde donde Caracol asegura su presencia en los medios del futuro. Asimismo, gest\u00f3 y lider\u00f3 el proyecto que le permitir\u00e1 al Grupo Santo Domingo regresar al mundo de la Radio.<\/p>\n<p>A partir de ahora, Carlos asumir\u00e1 la presidencia de la junta directiva de Caracol Televisi\u00f3n y continuar\u00e1 siendo gestor esencial en el Grupo Santo Domingo.<\/p>\n<p>\u201cTan s\u00f3lo en a\u00f1o y medio, Carlos alcanz\u00f3 el objetivo que nos hab\u00edamos planteado \u2013 transformar y preparar a Caracol para los desaf\u00edos que se vienen. Gracias a su gesti\u00f3n estoy convencido que Caracol est\u00e1 preparada como nunca para enfrentar el duro entorno competitivo en el que estamos, as\u00ed como conservar y fortalecer su liderazgo\u201d, coment\u00f3 Alejandro Santo Domingo, representante de los accionistas.<\/p>\n<p>Por su parte, Gonzalo C\u00f3rdoba, dijo: \u201cGracias a la gesti\u00f3n de Carlos y al equipo conformado por \u00e9l, podremos consolidar en Caracol Televisi\u00f3n la posici\u00f3n de liderazgo que ha alcanzado, afrontando exitosamente los retos de la convergencia audiovisual\u201d, finaliz\u00f3 el nuevo presidente.<\/p>","protected":false},"excerpt":{"rendered":"<p>Lo reemplazar\u00e1 Gonzalo C\u00f3rdoba Mallarino. Despu\u00e9s de a\u00f1o y medio en el cargo, Carlos P\u00e9rez D\u00e1vila, decidi\u00f3 dejar el cargo <a class=\"more-link\" href=\"https:\/\/tvmasmagazine.com\/es\/2012\/08\/30\/carlos-perez-davila-renuncia-a-la-presidencia-de-caracol-television\/\">&#8230;<\/a><\/p>\n","protected":false},"author":1,"featured_media":2112,"comment_status":"closed","ping_status":"open","sticky":false,"template":"","format":"standard","meta":{"footnotes":""},"categories":[11,17],"tags":[],"class_list":["post-2109","post","type-post","status-publish","format-standard","has-post-thumbnail","hentry","category-negocios","category-television"],"_links":{"self":[{"href":"https:\/\/tvmasmagazine.com\/es\/wp-json\/wp\/v2\/posts\/2109","targetHints":{"allow":["GET"]}}],"collection":[{"href":"https:\/\/tvmasmagazine.com\/es\/wp-json\/wp\/v2\/posts"}],"about":[{"href":"https:\/\/tvmasmagazine.com\/es\/wp-json\/wp\/v2\/types\/post"}],"author":[{"embeddable":true,"href":"https:\/\/tvmasmagazine.com\/es\/wp-json\/wp\/v2\/users\/1"}],"replies":[{"embeddable":true,"href":"https:\/\/tvmasmagazine.com\/es\/wp-json\/wp\/v2\/comments?post=2109"}],"version-history":[{"count":4,"href":"https:\/\/tvmasmagazine.com\/es\/wp-json\/wp\/v2\/posts\/2109\/revisions"}],"predecessor-version":[{"id":2116,"href":"https:\/\/tvmasmagazine.com\/es\/wp-json\/wp\/v2\/posts\/2109\/revisions\/2116"}],"wp:featuredmedia":[{"embeddable":true,"href":"https:\/\/tvmasmagazine.com\/es\/wp-json\/wp\/v2\/media\/2112"}],"wp:attachment":[{"href":"https:\/\/tvmasmagazine.com\/es\/wp-json\/wp\/v2\/media?parent=2109"}],"wp:term":[{"taxonomy":"category","embeddable":true,"href":"https:\/\/tvmasmagazine.com\/es\/wp-json\/wp\/v2\/categories?post=2109"},{"taxonomy":"post_tag","embeddable":true,"href":"https:\/\/tvmasmagazine.com\/es\/wp-json\/wp\/v2\/tags?post=2109"}],"curies":[{"name":"wp","href":"https:\/\/api.w.org\/{rel}","templated":true}]}}