{"id":2235,"date":"2012-09-22T08:56:12","date_gmt":"2012-09-22T06:56:12","guid":{"rendered":"http:\/\/www.tvmasmagazine.com\/?p=2235"},"modified":"2014-12-18T19:29:17","modified_gmt":"2014-12-18T18:29:17","slug":"bolivia-y-argentina-firman-acuerdo-de-cooperacion","status":"publish","type":"post","link":"https:\/\/tvmasmagazine.com\/es\/2012\/09\/22\/bolivia-y-argentina-firman-acuerdo-de-cooperacion\/","title":{"rendered":"Bolivia y Argentina firman acuerdo de cooperaci\u00f3n"},"content":{"rendered":"<p><div id=\"attachment_2237\" style=\"width: 310px\" class=\"wp-caption alignleft\"><a href=\"http:\/\/www.tvmasmagazine.com\/wp-content\/uploads\/2012\/09\/Sr_Hugo_De_Vido_b1.jpg\"><img loading=\"lazy\" decoding=\"async\" aria-describedby=\"caption-attachment-2237\" src=\"http:\/\/www.tvmasmagazine.com\/wp-content\/uploads\/2012\/09\/Sr_Hugo_De_Vido_b1-300x153.jpg\" alt=\"Hugo de Vido, secretario del Consejo Federal de Ciencia y Tecnolog\u00eda de Argentina\" title=\"Sr_Hugo_De_Vido_b\" width=\"300\" height=\"153\" class=\"size-medium wp-image-2237\" \/><\/a><p id=\"caption-attachment-2237\" class=\"wp-caption-text\">Hugo de Vido, secretario del Consejo Federal de Ciencia y Tecnolog\u00eda de Argentina<\/p><\/div><\/p>\n<div id=\"attachment_2241\" style=\"width: 310px\" class=\"wp-caption alignleft\"><a href=\"http:\/\/www.tvmasmagazine.com\/wp-content\/uploads\/2012\/09\/Clifford-Paravicini3.jpg\"><img loading=\"lazy\" decoding=\"async\" aria-describedby=\"caption-attachment-2241\" src=\"http:\/\/www.tvmasmagazine.com\/wp-content\/uploads\/2012\/09\/Clifford-Paravicini3-300x189.jpg\" alt=\"Clifford Paravicini, director de la Autoridad de Fiscalizaci\u00f3n y Regulaci\u00f3n de Telecomunicaciones y Transportes de Bolivia\" title=\"Clifford Paravicini\" width=\"300\" height=\"189\" class=\"size-medium wp-image-2241\" \/><\/a><p id=\"caption-attachment-2241\" class=\"wp-caption-text\">Clifford Paravicini, director de la Autoridad de Fiscalizaci\u00f3n y Regulaci\u00f3n de Telecomunicaciones y Transportes de Bolivia<\/p><\/div>\n<p><strong>Ambos gobiernos intercambiar\u00e1n producciones audiovisuales de contenido educativo y cultural.<\/strong><\/p>\n<p>Con la finalidad de comprometerse al desarrollo\u00a0\u00a0en conjunto de acciones en pol\u00edticas p\u00fablicas de inclusi\u00f3n social y telecomunicaciones, Argentina y Bolivia compartir\u00e1n sus producciones de contenido educativo y cultural.<\/p>\n<p>Durante\u00a0las jornadas de trabajo, ambos pa\u00edses intercambiaron sus experiencias. Argentina resalt\u00f3 que junto a Brasil, lideran la televisi\u00f3n digital en Sudam\u00e9rica.<\/p>\n<p>Hugo de Vido, secretario del Consejo Federal de Ciencia y Tecnolog\u00eda de Argentina, dijo que: \u201cHace un par de a\u00f1os, en Argentina se implement\u00f3 el sistema de Televisi\u00f3n Digital, que cuenta en la actualidad con 70 estaciones y 90 por ciento de coberturas en \u00e1reas rurales. Este avance se reflej\u00f3 en nuestra participaci\u00f3n para implementar la TV digital en Venezuela, la cual est\u00e1 estrenando sus primeras estaciones en los pr\u00f3ximos d\u00edas\u201d, finaliz\u00f3 el ejecutivo.<\/p>\n<p>Por su parte, el viceministro de Telecomunicaciones,\u00a0Gustavo Pozo, y el director de la Autoridad de Fiscalizaci\u00f3n y Regulaci\u00f3n de Telecomunicaciones y Transportes de Bolivia,Clifford Paravicini\u00a0mencionaron los avances y la perspectiva en la normativa para la televisi\u00f3n digital p\u00fablica, abierta y terrestre boliviana.<\/p>","protected":false},"excerpt":{"rendered":"<p>Ambos gobiernos intercambiar\u00e1n producciones audiovisuales de contenido educativo y cultural. Con la finalidad de comprometerse al desarrollo\u00a0\u00a0en conjunto de acciones <a class=\"more-link\" href=\"https:\/\/tvmasmagazine.com\/es\/2012\/09\/22\/bolivia-y-argentina-firman-acuerdo-de-cooperacion\/\">&#8230;<\/a><\/p>\n","protected":false},"author":1,"featured_media":2237,"comment_status":"closed","ping_status":"open","sticky":false,"template":"","format":"standard","meta":{"footnotes":""},"categories":[11,17],"tags":[],"class_list":["post-2235","post","type-post","status-publish","format-standard","has-post-thumbnail","hentry","category-negocios","category-television"],"_links":{"self":[{"href":"https:\/\/tvmasmagazine.com\/es\/wp-json\/wp\/v2\/posts\/2235","targetHints":{"allow":["GET"]}}],"collection":[{"href":"https:\/\/tvmasmagazine.com\/es\/wp-json\/wp\/v2\/posts"}],"about":[{"href":"https:\/\/tvmasmagazine.com\/es\/wp-json\/wp\/v2\/types\/post"}],"author":[{"embeddable":true,"href":"https:\/\/tvmasmagazine.com\/es\/wp-json\/wp\/v2\/users\/1"}],"replies":[{"embeddable":true,"href":"https:\/\/tvmasmagazine.com\/es\/wp-json\/wp\/v2\/comments?post=2235"}],"version-history":[{"count":2,"href":"https:\/\/tvmasmagazine.com\/es\/wp-json\/wp\/v2\/posts\/2235\/revisions"}],"predecessor-version":[{"id":2243,"href":"https:\/\/tvmasmagazine.com\/es\/wp-json\/wp\/v2\/posts\/2235\/revisions\/2243"}],"wp:featuredmedia":[{"embeddable":true,"href":"https:\/\/tvmasmagazine.com\/es\/wp-json\/wp\/v2\/media\/2237"}],"wp:attachment":[{"href":"https:\/\/tvmasmagazine.com\/es\/wp-json\/wp\/v2\/media?parent=2235"}],"wp:term":[{"taxonomy":"category","embeddable":true,"href":"https:\/\/tvmasmagazine.com\/es\/wp-json\/wp\/v2\/categories?post=2235"},{"taxonomy":"post_tag","embeddable":true,"href":"https:\/\/tvmasmagazine.com\/es\/wp-json\/wp\/v2\/tags?post=2235"}],"curies":[{"name":"wp","href":"https:\/\/api.w.org\/{rel}","templated":true}]}}