{"id":3080,"date":"2013-01-24T17:07:04","date_gmt":"2013-01-24T17:07:04","guid":{"rendered":"http:\/\/www.tvmasmagazine.com\/?p=3080"},"modified":"2015-01-27T12:01:30","modified_gmt":"2015-01-27T11:01:30","slug":"en-mexico-gloria-trevi-es-presentada-como-protagonista-de-libre-para-amarte","status":"publish","type":"post","link":"https:\/\/tvmasmagazine.com\/es\/2013\/01\/24\/en-mexico-gloria-trevi-es-presentada-como-protagonista-de-libre-para-amarte\/","title":{"rendered":"En M\u00e9xico: Gloria Trevi es presentada como protagonista de \u201cLibre para amarte\u201d"},"content":{"rendered":"<p><\/p>\n<h3>La nueva telenovela del productor Emilio Larrosa, basada en la colombiana \u201cLos canarios\u201d<\/h3>\n<p><div id=\"attachment_3081\" style=\"width: 428px\" class=\"wp-caption alignleft\"><a href=\"http:\/\/www.tvmasmagazine.com\/wp-content\/uploads\/2013\/01\/Gloria-Trevi-y-Emilio-Larrosa-productor-de-Libre-para-amarte.jpg\"><img loading=\"lazy\" decoding=\"async\" aria-describedby=\"caption-attachment-3081\" src=\"http:\/\/www.tvmasmagazine.com\/wp-content\/uploads\/2013\/01\/Gloria-Trevi-y-Emilio-Larrosa-productor-de-Libre-para-amarte.jpg\" alt=\"\" title=\"Gloria-Trevi-y-Emilio-Larrosa,-productor-de-Libre-para-amarte\" width=\"418\" height=\"383\" class=\"size-full wp-image-3081\" srcset=\"https:\/\/tvmasmagazine.com\/wp-content\/uploads\/2013\/01\/Gloria-Trevi-y-Emilio-Larrosa-productor-de-Libre-para-amarte.jpg 418w, https:\/\/tvmasmagazine.com\/wp-content\/uploads\/2013\/01\/Gloria-Trevi-y-Emilio-Larrosa-productor-de-Libre-para-amarte-150x137.jpg 150w, https:\/\/tvmasmagazine.com\/wp-content\/uploads\/2013\/01\/Gloria-Trevi-y-Emilio-Larrosa-productor-de-Libre-para-amarte-350x320.jpg 350w\" sizes=\"auto, (max-width: 418px) 100vw, 418px\" \/><\/a><p id=\"caption-attachment-3081\" class=\"wp-caption-text\">Gloria Trevi y Emilio Larrosa, productor de \u201cLibre para amarte\u201d<\/p><\/div>En el foro 1 de Televisa San \u00c1ngel en la Ciudad de M\u00e9xico, el productor Emilio Larrosa present\u00f3 ante los medios a la protagonista de su nueva telenovela que saldr\u00e1 al aire en junio pr\u00f3ximo. TVMAS asisti\u00f3 a dicho evento, d\u00f3nde el productor dijo:<\/p>\n<p>\u201cEs un honor para m\u00ed haber logrado traer a una figura indiscutible del mundo del espect\u00e1culo y discogr\u00e1fico a la televisi\u00f3n. Es una mujer que llena todo tipo de foros y con arraigo en todos los estratos sociales, les presento a Gloria Trevi, protagonista de \u00b4Libre para amarte\u00b4\u00bb, finaliz\u00f3 Larrosa.<\/p>\n<p><a href=\"http:\/\/www.tvmasmagazine.com\/wp-content\/uploads\/2013\/01\/GLORIA-TREVI-300.jpg\"><img loading=\"lazy\" decoding=\"async\" src=\"http:\/\/www.tvmasmagazine.com\/wp-content\/uploads\/2013\/01\/GLORIA-TREVI-300.jpg\" alt=\"\" title=\"GLORIA-TREVI-300\" width=\"300\" height=\"358\" class=\"alignright size-full wp-image-3082\" srcset=\"https:\/\/tvmasmagazine.com\/wp-content\/uploads\/2013\/01\/GLORIA-TREVI-300.jpg 300w, https:\/\/tvmasmagazine.com\/wp-content\/uploads\/2013\/01\/GLORIA-TREVI-300-125x150.jpg 125w, https:\/\/tvmasmagazine.com\/wp-content\/uploads\/2013\/01\/GLORIA-TREVI-300-293x350.jpg 293w\" sizes=\"auto, (max-width: 300px) 100vw, 300px\" \/><\/a>Por su parte Gloria Trevi, quien hace su debut en el g\u00e9nero, mencion\u00f3: \u201cEstoy contenta y nerviosa porque voy a realizar un papel lo m\u00e1s cercano a mi forma de ser. Interpretar\u00e9 a una taxista llamada \u00b4Aurora\u00b4, me dieron la libertad de poner el nombre de mi personaje y es en honor a la memoria de mi abuela que est\u00e1 en el cielo. Lo que me agrada es que es una telenovela tipo miniserie porque tiene cap\u00edtulos que inician y terminan el mismo d\u00eda. Es la primera vez que hago una telenovela y me preocupa hacer un buen personaje, con el que estoy segura que nos identificaremos todas las mujeres que nos hemos abierto camino\u201d, finaliz\u00f3 Trevi.<\/p>\n<p>La cantante resalt\u00f3 la exposici\u00f3n que las telenovelas tienen en el mundo, por ello quiere aprovechar para que su m\u00fasica tambi\u00e9n llegue a otras fronteras a trav\u00e9s de este g\u00e9nero.<\/p>","protected":false},"excerpt":{"rendered":"<p>La nueva telenovela del productor Emilio Larrosa, basada en la colombiana \u201cLos canarios\u201d En el foro 1 de Televisa San <a class=\"more-link\" href=\"https:\/\/tvmasmagazine.com\/es\/2013\/01\/24\/en-mexico-gloria-trevi-es-presentada-como-protagonista-de-libre-para-amarte\/\">&#8230;<\/a><\/p>\n","protected":false},"author":1,"featured_media":3083,"comment_status":"closed","ping_status":"open","sticky":false,"template":"","format":"standard","meta":{"footnotes":""},"categories":[73],"tags":[],"class_list":["post-3080","post","type-post","status-publish","format-standard","has-post-thumbnail","hentry","category-telenovelas-series"],"_links":{"self":[{"href":"https:\/\/tvmasmagazine.com\/es\/wp-json\/wp\/v2\/posts\/3080","targetHints":{"allow":["GET"]}}],"collection":[{"href":"https:\/\/tvmasmagazine.com\/es\/wp-json\/wp\/v2\/posts"}],"about":[{"href":"https:\/\/tvmasmagazine.com\/es\/wp-json\/wp\/v2\/types\/post"}],"author":[{"embeddable":true,"href":"https:\/\/tvmasmagazine.com\/es\/wp-json\/wp\/v2\/users\/1"}],"replies":[{"embeddable":true,"href":"https:\/\/tvmasmagazine.com\/es\/wp-json\/wp\/v2\/comments?post=3080"}],"version-history":[{"count":2,"href":"https:\/\/tvmasmagazine.com\/es\/wp-json\/wp\/v2\/posts\/3080\/revisions"}],"predecessor-version":[{"id":8168,"href":"https:\/\/tvmasmagazine.com\/es\/wp-json\/wp\/v2\/posts\/3080\/revisions\/8168"}],"wp:featuredmedia":[{"embeddable":true,"href":"https:\/\/tvmasmagazine.com\/es\/wp-json\/wp\/v2\/media\/3083"}],"wp:attachment":[{"href":"https:\/\/tvmasmagazine.com\/es\/wp-json\/wp\/v2\/media?parent=3080"}],"wp:term":[{"taxonomy":"category","embeddable":true,"href":"https:\/\/tvmasmagazine.com\/es\/wp-json\/wp\/v2\/categories?post=3080"},{"taxonomy":"post_tag","embeddable":true,"href":"https:\/\/tvmasmagazine.com\/es\/wp-json\/wp\/v2\/tags?post=3080"}],"curies":[{"name":"wp","href":"https:\/\/api.w.org\/{rel}","templated":true}]}}