{"id":3125,"date":"2013-01-30T17:26:54","date_gmt":"2013-01-30T17:26:54","guid":{"rendered":"http:\/\/www.tvmasmagazine.com\/?p=3125"},"modified":"2015-03-17T19:06:27","modified_gmt":"2015-03-17T18:06:27","slug":"carla-conde-es-ascendida-a-vp-de-comunicaciones-corporativas-de-discovery-latin-america","status":"publish","type":"post","link":"https:\/\/tvmasmagazine.com\/es\/2013\/01\/30\/carla-conde-es-ascendida-a-vp-de-comunicaciones-corporativas-de-discovery-latin-america\/","title":{"rendered":"Carla Conde es ascendida a VP de comunicaciones corporativas de Discovery Latin Am\u00e9rica"},"content":{"rendered":"<p><\/p>\n<h3>Reportar\u00e1 a Enrique R. Mart\u00ednez, presidente y director general de DLA\/USH y Canad\u00e1<\/h3>\n<p><div id=\"attachment_3126\" style=\"width: 310px\" class=\"wp-caption alignleft\"><a href=\"http:\/\/www.tvmasmagazine.com\/wp-content\/uploads\/2013\/01\/Carla-Conde-300.jpg\"><img loading=\"lazy\" decoding=\"async\" aria-describedby=\"caption-attachment-3126\" src=\"http:\/\/www.tvmasmagazine.com\/wp-content\/uploads\/2013\/01\/Carla-Conde-300.jpg\" alt=\"\" title=\"Carla-Conde---300\" width=\"300\" height=\"434\" class=\"size-full wp-image-3126\" srcset=\"https:\/\/tvmasmagazine.com\/wp-content\/uploads\/2013\/01\/Carla-Conde-300.jpg 300w, https:\/\/tvmasmagazine.com\/wp-content\/uploads\/2013\/01\/Carla-Conde-300-103x150.jpg 103w, https:\/\/tvmasmagazine.com\/wp-content\/uploads\/2013\/01\/Carla-Conde-300-241x350.jpg 241w\" sizes=\"auto, (max-width: 300px) 100vw, 300px\" \/><\/a><p id=\"caption-attachment-3126\" class=\"wp-caption-text\">Carla Conde, VP de comunicaciones corporativas de Discovery Latin Am\u00e9rica<\/p><\/div>Conde continuar\u00e1 trabajando desde su oficina con sede en Miami. Como parte de sus funciones bajo su nuevo cargo, Conde continuar\u00e1 posicionando el perfil de la compa\u00f1\u00eda como la n\u00famero uno del mundo con programaci\u00f3n basada en la vida real as\u00ed como la reputaci\u00f3n de sus l\u00edderes de negocio. Brindar\u00e1  tambi\u00e9n direcci\u00f3n estrat\u00e9gica y conducir\u00e1 la implementaci\u00f3n de las iniciativas de comunicaci\u00f3n en la regi\u00f3n y el mercado hispano de los Estados Unidos, frente al panorama de la industria de la TV de pago en constante evoluci\u00f3n y desarrollo.<\/p>\n<p> \u201cEstamos orgullosos de contar con el talento, liderazgo y habilidad de Carla para generar iniciativas que promuevan y fortalezcan nuestra imagen y la de nuestros ejecutivos en beneficio de cada una de nuestras unidades de negocio\u201d, coment\u00f3 Enrique R. Mart\u00ednez, presidente y director general, DLA\/USH y Canad\u00e1. <\/p>\n<p>Conde se uni\u00f3 al equipo de comunicaciones de la compa\u00f1\u00eda en el 2004. Desde entonces, ha contribuido al desarrollo de una imagen corporativa coherente para la marca Discovery y su porfolio de canales en Am\u00e9rica Latina y el mercado hispano de EE.UU., el cual ha crecido de 6 a 15 marcas y de 87 millones de suscriptores acumulativos a m\u00e1s de 246 \u200b\u200bmillones a lo largo de los \u00faltimos siete a\u00f1os.<\/p>","protected":false},"excerpt":{"rendered":"<p>Reportar\u00e1 a Enrique R. Mart\u00ednez, presidente y director general de DLA\/USH y Canad\u00e1 Conde continuar\u00e1 trabajando desde su oficina con <a class=\"more-link\" href=\"https:\/\/tvmasmagazine.com\/es\/2013\/01\/30\/carla-conde-es-ascendida-a-vp-de-comunicaciones-corporativas-de-discovery-latin-america\/\">&#8230;<\/a><\/p>\n","protected":false},"author":1,"featured_media":3127,"comment_status":"closed","ping_status":"open","sticky":false,"template":"","format":"standard","meta":{"footnotes":""},"categories":[18,26,73,17,47,12,13],"tags":[],"class_list":["post-3125","post","type-post","status-publish","format-standard","has-post-thumbnail","hentry","category-latnoamerica","category-nombramientos","category-telenovelas-series","category-television","category-tv-de-pagp","category-tvmas","category-ultimas-noticias"],"_links":{"self":[{"href":"https:\/\/tvmasmagazine.com\/es\/wp-json\/wp\/v2\/posts\/3125","targetHints":{"allow":["GET"]}}],"collection":[{"href":"https:\/\/tvmasmagazine.com\/es\/wp-json\/wp\/v2\/posts"}],"about":[{"href":"https:\/\/tvmasmagazine.com\/es\/wp-json\/wp\/v2\/types\/post"}],"author":[{"embeddable":true,"href":"https:\/\/tvmasmagazine.com\/es\/wp-json\/wp\/v2\/users\/1"}],"replies":[{"embeddable":true,"href":"https:\/\/tvmasmagazine.com\/es\/wp-json\/wp\/v2\/comments?post=3125"}],"version-history":[{"count":1,"href":"https:\/\/tvmasmagazine.com\/es\/wp-json\/wp\/v2\/posts\/3125\/revisions"}],"predecessor-version":[{"id":3128,"href":"https:\/\/tvmasmagazine.com\/es\/wp-json\/wp\/v2\/posts\/3125\/revisions\/3128"}],"wp:featuredmedia":[{"embeddable":true,"href":"https:\/\/tvmasmagazine.com\/es\/wp-json\/wp\/v2\/media\/3127"}],"wp:attachment":[{"href":"https:\/\/tvmasmagazine.com\/es\/wp-json\/wp\/v2\/media?parent=3125"}],"wp:term":[{"taxonomy":"category","embeddable":true,"href":"https:\/\/tvmasmagazine.com\/es\/wp-json\/wp\/v2\/categories?post=3125"},{"taxonomy":"post_tag","embeddable":true,"href":"https:\/\/tvmasmagazine.com\/es\/wp-json\/wp\/v2\/tags?post=3125"}],"curies":[{"name":"wp","href":"https:\/\/api.w.org\/{rel}","templated":true}]}}