{"id":3181,"date":"2013-02-08T18:50:04","date_gmt":"2013-02-08T18:50:04","guid":{"rendered":"http:\/\/www.tvmasmagazine.com\/?p=3181"},"modified":"2015-01-27T12:01:29","modified_gmt":"2015-01-27T11:01:29","slug":"en-mexico-inician-grabaciones-de-la-telenovela-de-azteca-vivir-a-destiempo","status":"publish","type":"post","link":"https:\/\/tvmasmagazine.com\/es\/2013\/02\/08\/en-mexico-inician-grabaciones-de-la-telenovela-de-azteca-vivir-a-destiempo\/","title":{"rendered":"En M\u00e9xico: Inician grabaciones de la telenovela de Azteca, \u201cVivir a destiempo\u201d"},"content":{"rendered":"<p><\/p>\n<h3>TVMAS convers\u00f3 con la productora Fides Velasco sobre su nueva apuesta, as\u00ed como de la importancia de imponer su sello ante la competencia<\/h3>\n<p><div id=\"attachment_3182\" style=\"width: 310px\" class=\"wp-caption alignleft\"><a href=\"http:\/\/www.tvmasmagazine.com\/wp-content\/uploads\/2013\/02\/EDITH-Y-HUMBERTO.jpg\"><img loading=\"lazy\" decoding=\"async\" aria-describedby=\"caption-attachment-3182\" src=\"http:\/\/www.tvmasmagazine.com\/wp-content\/uploads\/2013\/02\/EDITH-Y-HUMBERTO.jpg\" alt=\"\" title=\"EDITH Y HUMBERTO\" width=\"300\" height=\"350\" class=\"size-full wp-image-3182\" srcset=\"https:\/\/tvmasmagazine.com\/wp-content\/uploads\/2013\/02\/EDITH-Y-HUMBERTO.jpg 300w, https:\/\/tvmasmagazine.com\/wp-content\/uploads\/2013\/02\/EDITH-Y-HUMBERTO-128x150.jpg 128w\" sizes=\"auto, (max-width: 300px) 100vw, 300px\" \/><\/a><p id=\"caption-attachment-3182\" class=\"wp-caption-text\">Edith Gonz\u00e1lez y Humberto Zurita, protagonistas de \u201cVivir a destiempo\u201d<\/p><\/div>Con una misa oficiada al sur de la Ciudad de M\u00e9xico, iniciaron las grabaciones del nuevo melodrama de Azteca \u201cVivir a destiempo\u201d, historia original de Eric Vonn. Esta producci\u00f3n marca el regreso de la productora Fides Velasco, quien se anot\u00f3 un hit con \u201cEmperatriz\u201d, telenovela que se coloc\u00f3 como la segunda producci\u00f3n m\u00e1s vendida de Azteca.<\/p>\n<p>\u201cEstoy muy contenta con los resultados de Emperatriz, me dej\u00f3 muy buen sabor de boca, ahora tenemos un gran reto con esta telenovela. \u201cVivir a destiempo\u201d , es una historia original de Erick Vonn en la que decidimos  contarla de una forma muy \u00e1gil en 120 cap\u00edtulos. Nos llev\u00f3 tiempo conformar este gran elenco pero estamos seguros que el equipo nos dar\u00e1 excelentes resultados, me emociona mucho el proyecto\u201d.<\/p>\n<p><strong>La competencia con Televisa y Cadenatres<\/strong><\/p>\n<p><div id=\"attachment_3183\" style=\"width: 168px\" class=\"wp-caption alignright\"><a href=\"http:\/\/www.tvmasmagazine.com\/wp-content\/uploads\/2013\/02\/FIDES.jpg\"><img loading=\"lazy\" decoding=\"async\" aria-describedby=\"caption-attachment-3183\" src=\"http:\/\/www.tvmasmagazine.com\/wp-content\/uploads\/2013\/02\/FIDES.jpg\" alt=\"\" title=\"FIDES\" width=\"158\" height=\"300\" class=\"size-full wp-image-3183\" srcset=\"https:\/\/tvmasmagazine.com\/wp-content\/uploads\/2013\/02\/FIDES.jpg 158w, https:\/\/tvmasmagazine.com\/wp-content\/uploads\/2013\/02\/FIDES-79x150.jpg 79w\" sizes=\"auto, (max-width: 158px) 100vw, 158px\" \/><\/a><p id=\"caption-attachment-3183\" class=\"wp-caption-text\">Fides Velasco, productora del melodrama<\/p><\/div>\u201cYo creo que esta novela es muy diferente a lo que hay en otras pantallas, tenemos que enfocarnos en lo que estamos haciendo, apostar por ser  la mejor opci\u00f3n ya que hay gusto para todos. Nosotros tenemos un estilo diferente de contar las cosas y s\u00e9 que va a gustar mucho, sobre todo por la historia y el gran elenco que tenemos\u201d.<\/p>\n<p><strong>\u00bfQu\u00e9 tan dif\u00edcil es para un productor captar la audiencia y competir con las nuevas plataformas?<\/strong><em><\/p>\n<p>\u201cTienes que ir reaccionando y viendo que va gustando, tu apuestas hacia una historia y tal vez no es la que mas guste y entonces tienes que ir buscando, enderezando y adaptando , o si tal vez tu personaje no tiene m\u00e1s juego pero est\u00e1 gustando mucho, pues hay que darle m\u00e1s juego  y menos al que le estabas apostando. Hay que saber escuchar a nuestra audiencia\u201d.<\/p>\n<p><\/em><em><strong>\u00bfQu\u00e9 falta en Azteca para llegar a los niveles de audiencia de Televisa?<\/strong><\/em><\/p>\n<p>\u201cEs cuesti\u00f3n de gustos,  tenemos que llegar a lo que creemos nuestro p\u00fablico quiere. Esta producci\u00f3n no tendr\u00e1 violencia, ya tenemos mucha en el pa\u00eds. Lo queremos entretener a la gente y que se olvide los problemas cotidianos\u201d, concluy\u00f3 Velasco.<\/p>\n<p>\u201cVivir a destiempo\u201d es protagonizada por Edith Gonz\u00e1lez, Humberto Zurita, Ramiro Fumazoni y Andrea Noli entre otros. La direcci\u00f3n corre a cargo de Javier Patr\u00f3n Fox y Fabi\u00e1n Corres. El melodrama llegar\u00e1 a las pantallas en pr\u00f3ximo 25 de febrero en el prime time de Azteca 13.<\/p>","protected":false},"excerpt":{"rendered":"<p>TVMAS convers\u00f3 con la productora Fides Velasco sobre su nueva apuesta, as\u00ed como de la importancia de imponer su sello <a class=\"more-link\" href=\"https:\/\/tvmasmagazine.com\/es\/2013\/02\/08\/en-mexico-inician-grabaciones-de-la-telenovela-de-azteca-vivir-a-destiempo\/\">&#8230;<\/a><\/p>\n","protected":false},"author":1,"featured_media":3184,"comment_status":"closed","ping_status":"open","sticky":false,"template":"","format":"standard","meta":{"footnotes":""},"categories":[73],"tags":[],"class_list":["post-3181","post","type-post","status-publish","format-standard","has-post-thumbnail","hentry","category-telenovelas-series"],"_links":{"self":[{"href":"https:\/\/tvmasmagazine.com\/es\/wp-json\/wp\/v2\/posts\/3181","targetHints":{"allow":["GET"]}}],"collection":[{"href":"https:\/\/tvmasmagazine.com\/es\/wp-json\/wp\/v2\/posts"}],"about":[{"href":"https:\/\/tvmasmagazine.com\/es\/wp-json\/wp\/v2\/types\/post"}],"author":[{"embeddable":true,"href":"https:\/\/tvmasmagazine.com\/es\/wp-json\/wp\/v2\/users\/1"}],"replies":[{"embeddable":true,"href":"https:\/\/tvmasmagazine.com\/es\/wp-json\/wp\/v2\/comments?post=3181"}],"version-history":[{"count":3,"href":"https:\/\/tvmasmagazine.com\/es\/wp-json\/wp\/v2\/posts\/3181\/revisions"}],"predecessor-version":[{"id":3693,"href":"https:\/\/tvmasmagazine.com\/es\/wp-json\/wp\/v2\/posts\/3181\/revisions\/3693"}],"wp:featuredmedia":[{"embeddable":true,"href":"https:\/\/tvmasmagazine.com\/es\/wp-json\/wp\/v2\/media\/3184"}],"wp:attachment":[{"href":"https:\/\/tvmasmagazine.com\/es\/wp-json\/wp\/v2\/media?parent=3181"}],"wp:term":[{"taxonomy":"category","embeddable":true,"href":"https:\/\/tvmasmagazine.com\/es\/wp-json\/wp\/v2\/categories?post=3181"},{"taxonomy":"post_tag","embeddable":true,"href":"https:\/\/tvmasmagazine.com\/es\/wp-json\/wp\/v2\/tags?post=3181"}],"curies":[{"name":"wp","href":"https:\/\/api.w.org\/{rel}","templated":true}]}}