{"id":3206,"date":"2013-02-12T15:53:02","date_gmt":"2013-02-12T15:53:02","guid":{"rendered":"http:\/\/www.tvmasmagazine.com\/?p=3206"},"modified":"2015-01-27T12:09:32","modified_gmt":"2015-01-27T11:09:32","slug":"en-mexico-iniciaron-grabaciones-de-durmiendo-con-mi-jefe","status":"publish","type":"post","link":"https:\/\/tvmasmagazine.com\/es\/2013\/02\/12\/en-mexico-iniciaron-grabaciones-de-durmiendo-con-mi-jefe\/","title":{"rendered":"En M\u00e9xico: Iniciaron grabaciones de \u201cDurmiendo con mi jefe\u201d"},"content":{"rendered":"<p><\/p>\n<h3>El nuevo programa de comedia de Televisa, bajo la producci\u00f3n de Pedro Ortiz de Pinedo<\/h3>\n<p><div id=\"attachment_3207\" style=\"width: 660px\" class=\"wp-caption aligncenter\"><a href=\"http:\/\/www.tvmasmagazine.com\/wp-content\/uploads\/2013\/02\/durmiendo-con-mi-jefe-650.jpg\"><img loading=\"lazy\" decoding=\"async\" aria-describedby=\"caption-attachment-3207\" src=\"http:\/\/www.tvmasmagazine.com\/wp-content\/uploads\/2013\/02\/durmiendo-con-mi-jefe-650.jpg\" alt=\"\" title=\"durmiendo-con-mi-jefe-650\" width=\"650\" height=\"433\" class=\"size-full wp-image-3207\" srcset=\"https:\/\/tvmasmagazine.com\/wp-content\/uploads\/2013\/02\/durmiendo-con-mi-jefe-650.jpg 650w, https:\/\/tvmasmagazine.com\/wp-content\/uploads\/2013\/02\/durmiendo-con-mi-jefe-650-150x99.jpg 150w, https:\/\/tvmasmagazine.com\/wp-content\/uploads\/2013\/02\/durmiendo-con-mi-jefe-650-350x233.jpg 350w\" sizes=\"auto, (max-width: 650px) 100vw, 650px\" \/><\/a><p id=\"caption-attachment-3207\" class=\"wp-caption-text\">Parte del elenco durante el inicio de grabaciones en foros de Televisa San \u00c1ngel<\/p><\/div>El elenco que integra la serie de televisi\u00f3n \u201cDurmiendo con mi jefe\u201d, se reuni\u00f3 en el foro 10 de Televisa San \u00c1ngel, para arrancar de manera oficial las grabaciones de este programa, dirigido por el se\u00f1or Jorge Ortiz de Pinedo y bajo la producci\u00f3n de su hijo Pedro Ortiz de Pinedo.<\/p>\n<p><div id=\"attachment_3208\" style=\"width: 310px\" class=\"wp-caption alignright\"><a href=\"http:\/\/www.tvmasmagazine.com\/wp-content\/uploads\/2013\/02\/durmiendo-con-mi-jefe-300.jpg\"><img loading=\"lazy\" decoding=\"async\" aria-describedby=\"caption-attachment-3208\" src=\"http:\/\/www.tvmasmagazine.com\/wp-content\/uploads\/2013\/02\/durmiendo-con-mi-jefe-300.jpg\" alt=\"\" title=\"durmiendo-con-mi-jefe-300\" width=\"300\" height=\"200\" class=\"size-full wp-image-3208\" srcset=\"https:\/\/tvmasmagazine.com\/wp-content\/uploads\/2013\/02\/durmiendo-con-mi-jefe-300.jpg 300w, https:\/\/tvmasmagazine.com\/wp-content\/uploads\/2013\/02\/durmiendo-con-mi-jefe-300-150x100.jpg 150w\" sizes=\"auto, (max-width: 300px) 100vw, 300px\" \/><\/a><p id=\"caption-attachment-3208\" class=\"wp-caption-text\">Los actores Ra\u00fal Araiza y Jorge Ortiz de Pinedo estelarizan \u201cDurmiendo con mi jefe\u201d<\/p><\/div>\u201cDurmiendo con mi jefe\u201d es una serie de comedia con la participaci\u00f3n de m\u00e1s de 40 actores, estelarizada por Jorge Ortiz de Pinedo, Ra\u00fal Araiza, Cecilia Galliano, Luz Mar\u00eda Jerez, Andrea Torre, entre otros.<\/p>\n<p>El programa de comedia se estrena el pr\u00f3ximo domingo 3 de marzo, a las 7:30 de la noche, por el Canal de las Estrellas.<\/p>","protected":false},"excerpt":{"rendered":"<p>El nuevo programa de comedia de Televisa, bajo la producci\u00f3n de Pedro Ortiz de Pinedo El elenco que integra la <a class=\"more-link\" href=\"https:\/\/tvmasmagazine.com\/es\/2013\/02\/12\/en-mexico-iniciaron-grabaciones-de-durmiendo-con-mi-jefe\/\">&#8230;<\/a><\/p>\n","protected":false},"author":1,"featured_media":3209,"comment_status":"closed","ping_status":"open","sticky":false,"template":"","format":"standard","meta":{"footnotes":""},"categories":[18],"tags":[],"class_list":["post-3206","post","type-post","status-publish","format-standard","has-post-thumbnail","hentry","category-latnoamerica"],"_links":{"self":[{"href":"https:\/\/tvmasmagazine.com\/es\/wp-json\/wp\/v2\/posts\/3206","targetHints":{"allow":["GET"]}}],"collection":[{"href":"https:\/\/tvmasmagazine.com\/es\/wp-json\/wp\/v2\/posts"}],"about":[{"href":"https:\/\/tvmasmagazine.com\/es\/wp-json\/wp\/v2\/types\/post"}],"author":[{"embeddable":true,"href":"https:\/\/tvmasmagazine.com\/es\/wp-json\/wp\/v2\/users\/1"}],"replies":[{"embeddable":true,"href":"https:\/\/tvmasmagazine.com\/es\/wp-json\/wp\/v2\/comments?post=3206"}],"version-history":[{"count":1,"href":"https:\/\/tvmasmagazine.com\/es\/wp-json\/wp\/v2\/posts\/3206\/revisions"}],"predecessor-version":[{"id":3210,"href":"https:\/\/tvmasmagazine.com\/es\/wp-json\/wp\/v2\/posts\/3206\/revisions\/3210"}],"wp:featuredmedia":[{"embeddable":true,"href":"https:\/\/tvmasmagazine.com\/es\/wp-json\/wp\/v2\/media\/3209"}],"wp:attachment":[{"href":"https:\/\/tvmasmagazine.com\/es\/wp-json\/wp\/v2\/media?parent=3206"}],"wp:term":[{"taxonomy":"category","embeddable":true,"href":"https:\/\/tvmasmagazine.com\/es\/wp-json\/wp\/v2\/categories?post=3206"},{"taxonomy":"post_tag","embeddable":true,"href":"https:\/\/tvmasmagazine.com\/es\/wp-json\/wp\/v2\/tags?post=3206"}],"curies":[{"name":"wp","href":"https:\/\/api.w.org\/{rel}","templated":true}]}}