{"id":3488,"date":"2013-02-28T18:10:10","date_gmt":"2013-02-28T18:10:10","guid":{"rendered":"http:\/\/www.tvmasmagazine.com\/?p=3488"},"modified":"2015-01-27T12:09:32","modified_gmt":"2015-01-27T11:09:32","slug":"en-mexico-televisa-presento-el-programa-nueva-vida","status":"publish","type":"post","link":"https:\/\/tvmasmagazine.com\/es\/2013\/02\/28\/en-mexico-televisa-presento-el-programa-nueva-vida\/","title":{"rendered":"En M\u00e9xico: Televisa present\u00f3 el programa: \u201cNueva vida\u201d"},"content":{"rendered":"<p><\/p>\n<h3>A trav\u00e9s de 9 cap\u00edtulos rendir\u00e1n homenaje a las madres<\/h3>\n<p><div id=\"attachment_3489\" style=\"width: 660px\" class=\"wp-caption aligncenter\"><a href=\"http:\/\/www.tvmasmagazine.com\/wp-content\/uploads\/2013\/02\/NUEVA-VIDA-650.jpg\"><img loading=\"lazy\" decoding=\"async\" aria-describedby=\"caption-attachment-3489\" src=\"http:\/\/www.tvmasmagazine.com\/wp-content\/uploads\/2013\/02\/NUEVA-VIDA-650.jpg\" alt=\"\" title=\"NUEVA-VIDA-650\" width=\"650\" height=\"300\" class=\"size-full wp-image-3489\" srcset=\"https:\/\/tvmasmagazine.com\/wp-content\/uploads\/2013\/02\/NUEVA-VIDA-650.jpg 650w, https:\/\/tvmasmagazine.com\/wp-content\/uploads\/2013\/02\/NUEVA-VIDA-650-150x69.jpg 150w, https:\/\/tvmasmagazine.com\/wp-content\/uploads\/2013\/02\/NUEVA-VIDA-650-350x161.jpg 350w\" sizes=\"auto, (max-width: 650px) 100vw, 650px\" \/><\/a><p id=\"caption-attachment-3489\" class=\"wp-caption-text\">Los productores Luis de Llano y Marco Flavio Cruz, junto al elenco durante la presentaci\u00f3n<\/p><\/div>En la Ciudad de M\u00e9xico, Televisa present\u00f3 en el foro 5 de sus instalaciones, el programa especial tem\u00e1tico Nueva Vida, La nueva producci\u00f3n de Luis de Llano y Marco Flavio Cruz, contar\u00e1 nueve historias desarrolladas en torno a un consultorio, donde el doctor Santiago y su asistente Alma apoyar\u00e1n y se solidarizar\u00e1n con su pacientes y las vicisitudes que vivir\u00e1n en su proceso de embarazo.<\/p>\n<p><a href=\"http:\/\/www.tvmasmagazine.com\/wp-content\/uploads\/2013\/02\/Logotipo-NUueva-Vida-300.jpg\"><img loading=\"lazy\" decoding=\"async\" src=\"http:\/\/www.tvmasmagazine.com\/wp-content\/uploads\/2013\/02\/Logotipo-NUueva-Vida-300.jpg\" alt=\"\" title=\"Logotipo-NUueva-Vida-300\" width=\"300\" height=\"232\" class=\"alignright size-full wp-image-3490\" srcset=\"https:\/\/tvmasmagazine.com\/wp-content\/uploads\/2013\/02\/Logotipo-NUueva-Vida-300.jpg 300w, https:\/\/tvmasmagazine.com\/wp-content\/uploads\/2013\/02\/Logotipo-NUueva-Vida-300-150x116.jpg 150w\" sizes=\"auto, (max-width: 300px) 100vw, 300px\" \/><\/a><a href=\"http:\/\/www.tvmasmagazine.com\/wp-content\/uploads\/2013\/02\/NUEVA-VIDA-featured-image.jpg\"><img loading=\"lazy\" decoding=\"async\" src=\"http:\/\/www.tvmasmagazine.com\/wp-content\/uploads\/2013\/02\/NUEVA-VIDA-featured-image.jpg\" alt=\"\" title=\"NUEVA-VIDA--featured-image\" width=\"655\" height=\"250\" class=\"alignright size-full wp-image-3491\" srcset=\"https:\/\/tvmasmagazine.com\/wp-content\/uploads\/2013\/02\/NUEVA-VIDA-featured-image.jpg 655w, https:\/\/tvmasmagazine.com\/wp-content\/uploads\/2013\/02\/NUEVA-VIDA-featured-image-150x57.jpg 150w, https:\/\/tvmasmagazine.com\/wp-content\/uploads\/2013\/02\/NUEVA-VIDA-featured-image-350x133.jpg 350w\" sizes=\"auto, (max-width: 655px) 100vw, 655px\" \/><\/a>\u00abNueva Vida es un nuevo proyecto que tiene la misi\u00f3n de hacer un homenaje al ser m\u00e1s importante de nuestra vida: nuestras madres. Este nuevo programa narrar\u00e1 con gran realismo las historias de esas guerreras incansables en cuanto reciben la esperada sorpresa, aterradora,  a veces,  e impactante noticia de: est\u00e1s embarazada\u201d, coment\u00f3 Luis de Llano.<\/p>\n<p>Cabe resaltar que esta producci\u00f3n utilizar\u00e1 c\u00e1maras que graban a 24 cuadros por segundo, dando el efecto de cine y alta definici\u00f3n. Adem\u00e1s, dar\u00e1n oportunidad a nuevos talentos de guionistas, directores y productores que trabajar\u00e1n de la mano de gente reconocida en esas disciplinas.<\/p>\n<p>\u201cNueva Vida\u201d  es protagonizada por nueve actrices, entre las que destacan: Nora Salinas, Ingrid Martz, Margarita Maga\u00f1a, Edith M\u00e1rquez, y Ninel Conde entre otras.<\/p>\n<p>El unitario se estrena el pr\u00f3ximo 9 de marzo por el Canal 2 a las 19:00 hrs, y concluir\u00e1 con un programa especial que se transmitir\u00e1 el 11 de mayo.<\/p>","protected":false},"excerpt":{"rendered":"<p>A trav\u00e9s de 9 cap\u00edtulos rendir\u00e1n homenaje a las madres En la Ciudad de M\u00e9xico, Televisa present\u00f3 en el foro <a class=\"more-link\" href=\"https:\/\/tvmasmagazine.com\/es\/2013\/02\/28\/en-mexico-televisa-presento-el-programa-nueva-vida\/\">&#8230;<\/a><\/p>\n","protected":false},"author":1,"featured_media":3493,"comment_status":"closed","ping_status":"open","sticky":false,"template":"","format":"standard","meta":{"footnotes":""},"categories":[18],"tags":[],"class_list":["post-3488","post","type-post","status-publish","format-standard","has-post-thumbnail","hentry","category-latnoamerica"],"_links":{"self":[{"href":"https:\/\/tvmasmagazine.com\/es\/wp-json\/wp\/v2\/posts\/3488","targetHints":{"allow":["GET"]}}],"collection":[{"href":"https:\/\/tvmasmagazine.com\/es\/wp-json\/wp\/v2\/posts"}],"about":[{"href":"https:\/\/tvmasmagazine.com\/es\/wp-json\/wp\/v2\/types\/post"}],"author":[{"embeddable":true,"href":"https:\/\/tvmasmagazine.com\/es\/wp-json\/wp\/v2\/users\/1"}],"replies":[{"embeddable":true,"href":"https:\/\/tvmasmagazine.com\/es\/wp-json\/wp\/v2\/comments?post=3488"}],"version-history":[{"count":2,"href":"https:\/\/tvmasmagazine.com\/es\/wp-json\/wp\/v2\/posts\/3488\/revisions"}],"predecessor-version":[{"id":3494,"href":"https:\/\/tvmasmagazine.com\/es\/wp-json\/wp\/v2\/posts\/3488\/revisions\/3494"}],"wp:featuredmedia":[{"embeddable":true,"href":"https:\/\/tvmasmagazine.com\/es\/wp-json\/wp\/v2\/media\/3493"}],"wp:attachment":[{"href":"https:\/\/tvmasmagazine.com\/es\/wp-json\/wp\/v2\/media?parent=3488"}],"wp:term":[{"taxonomy":"category","embeddable":true,"href":"https:\/\/tvmasmagazine.com\/es\/wp-json\/wp\/v2\/categories?post=3488"},{"taxonomy":"post_tag","embeddable":true,"href":"https:\/\/tvmasmagazine.com\/es\/wp-json\/wp\/v2\/tags?post=3488"}],"curies":[{"name":"wp","href":"https:\/\/api.w.org\/{rel}","templated":true}]}}