{"id":3510,"date":"2013-03-04T13:51:33","date_gmt":"2013-03-04T13:51:33","guid":{"rendered":"http:\/\/www.tvmasmagazine.com\/?p=3510"},"modified":"2015-01-27T12:07:40","modified_gmt":"2015-01-27T11:07:40","slug":"discovery-nombra-a-felipe-cabrales-urdaneta-gerente-general-de-su-oficina-en-colombia","status":"publish","type":"post","link":"https:\/\/tvmasmagazine.com\/es\/2013\/03\/04\/discovery-nombra-a-felipe-cabrales-urdaneta-gerente-general-de-su-oficina-en-colombia\/","title":{"rendered":"Discovery nombra a Felipe Cabrales Urdaneta, gerente general de su oficina en Colombia"},"content":{"rendered":"<p><\/p>\n<h3>Bajo su cargo, ser\u00e1 responsable de las \u00e1reas de negocio y el desarrollo de acuerdos publicitarios de la compa\u00f1\u00eda<\/h3>\n<p><div id=\"attachment_3511\" style=\"width: 310px\" class=\"wp-caption alignleft\"><a href=\"http:\/\/www.tvmasmagazine.com\/wp-content\/uploads\/2013\/03\/FOTO-Felipe-Cabrales-300.jpg\"><img loading=\"lazy\" decoding=\"async\" aria-describedby=\"caption-attachment-3511\" src=\"http:\/\/www.tvmasmagazine.com\/wp-content\/uploads\/2013\/03\/FOTO-Felipe-Cabrales-300.jpg\" alt=\"\" title=\"FOTO---Felipe-Cabrales-300\" width=\"300\" height=\"374\" class=\"size-full wp-image-3511\" srcset=\"https:\/\/tvmasmagazine.com\/wp-content\/uploads\/2013\/03\/FOTO-Felipe-Cabrales-300.jpg 300w, https:\/\/tvmasmagazine.com\/wp-content\/uploads\/2013\/03\/FOTO-Felipe-Cabrales-300-120x150.jpg 120w, https:\/\/tvmasmagazine.com\/wp-content\/uploads\/2013\/03\/FOTO-Felipe-Cabrales-300-280x350.jpg 280w\" sizes=\"auto, (max-width: 300px) 100vw, 300px\" \/><\/a><p id=\"caption-attachment-3511\" class=\"wp-caption-text\">Felipe Cabrales Urdaneta, gerente general de Discovery en Colombia<\/p><\/div>Con base en Bogot\u00e1, Cabrales reportar\u00e1 a Allan Navarrete, VP s\u00e9nior y gerente general para M\u00e9xico, Centroam\u00e9rica y Colombia, de Discovery Networks Latin America\/U.S.<\/p>\n<p>\u201cConfiamos en que Felipe aportar\u00e1 a Discovery su demostrado \u00e9xito a fin de continuar expandiendo nuestro negocio en uno de los mercados de mayor crecimiento de la regi\u00f3n y en el cual nuestra empresa cuenta con un s\u00f3lido posicionamiento\u201d, coment\u00f3  Navarrete.<\/p>\n<p>En su historia laboral, Cabrales Urdaneta trabaj\u00f3 como gerente comercial para Caracol S.A. \u2013 Prisa Radio Colombia. Previo a ello, se desempe\u00f1\u00f3 en diferentes posiciones gerenciales a lo largo de varios medios colombianos, tales como Caracol Radio, Noticiero Las Noticias, TeleCaribe y TeleBarranquilla. Trabaj\u00f3, a su vez, como productor de televisi\u00f3n independiente.<\/p>","protected":false},"excerpt":{"rendered":"<p>Bajo su cargo, ser\u00e1 responsable de las \u00e1reas de negocio y el desarrollo de acuerdos publicitarios de la compa\u00f1\u00eda Con <a class=\"more-link\" href=\"https:\/\/tvmasmagazine.com\/es\/2013\/03\/04\/discovery-nombra-a-felipe-cabrales-urdaneta-gerente-general-de-su-oficina-en-colombia\/\">&#8230;<\/a><\/p>\n","protected":false},"author":1,"featured_media":3525,"comment_status":"closed","ping_status":"open","sticky":false,"template":"","format":"standard","meta":{"footnotes":""},"categories":[18],"tags":[],"class_list":["post-3510","post","type-post","status-publish","format-standard","has-post-thumbnail","hentry","category-latnoamerica"],"_links":{"self":[{"href":"https:\/\/tvmasmagazine.com\/es\/wp-json\/wp\/v2\/posts\/3510","targetHints":{"allow":["GET"]}}],"collection":[{"href":"https:\/\/tvmasmagazine.com\/es\/wp-json\/wp\/v2\/posts"}],"about":[{"href":"https:\/\/tvmasmagazine.com\/es\/wp-json\/wp\/v2\/types\/post"}],"author":[{"embeddable":true,"href":"https:\/\/tvmasmagazine.com\/es\/wp-json\/wp\/v2\/users\/1"}],"replies":[{"embeddable":true,"href":"https:\/\/tvmasmagazine.com\/es\/wp-json\/wp\/v2\/comments?post=3510"}],"version-history":[{"count":2,"href":"https:\/\/tvmasmagazine.com\/es\/wp-json\/wp\/v2\/posts\/3510\/revisions"}],"predecessor-version":[{"id":3526,"href":"https:\/\/tvmasmagazine.com\/es\/wp-json\/wp\/v2\/posts\/3510\/revisions\/3526"}],"wp:featuredmedia":[{"embeddable":true,"href":"https:\/\/tvmasmagazine.com\/es\/wp-json\/wp\/v2\/media\/3525"}],"wp:attachment":[{"href":"https:\/\/tvmasmagazine.com\/es\/wp-json\/wp\/v2\/media?parent=3510"}],"wp:term":[{"taxonomy":"category","embeddable":true,"href":"https:\/\/tvmasmagazine.com\/es\/wp-json\/wp\/v2\/categories?post=3510"},{"taxonomy":"post_tag","embeddable":true,"href":"https:\/\/tvmasmagazine.com\/es\/wp-json\/wp\/v2\/tags?post=3510"}],"curies":[{"name":"wp","href":"https:\/\/api.w.org\/{rel}","templated":true}]}}