{"id":35905,"date":"2015-04-22T14:11:44","date_gmt":"2015-04-22T12:11:44","guid":{"rendered":"http:\/\/www.tvmasmagazine.com\/?p=35905"},"modified":"2015-04-22T14:11:44","modified_gmt":"2015-04-22T12:11:44","slug":"el-regreso-a-tv-azteca-de-saul-canelo-alvarez","status":"publish","type":"post","link":"https:\/\/tvmasmagazine.com\/es\/2015\/04\/22\/el-regreso-a-tv-azteca-de-saul-canelo-alvarez\/","title":{"rendered":"El regreso a TV Azteca de Sa\u00fal Canelo \u00c1lvarez"},"content":{"rendered":"<p><div id=\"attachment_35906\" style=\"width: 610px\" class=\"wp-caption aligncenter\"><img loading=\"lazy\" decoding=\"async\" aria-describedby=\"caption-attachment-35906\" class=\"wp-image-35906 size-full\" src=\"http:\/\/www.tvmasmagazine.com\/wp-content\/uploads\/2015\/04\/canelo-alvarez.jpg\" alt=\"canelo-alvarez\" width=\"600\" height=\"400\" srcset=\"https:\/\/tvmasmagazine.com\/wp-content\/uploads\/2015\/04\/canelo-alvarez.jpg 600w, https:\/\/tvmasmagazine.com\/wp-content\/uploads\/2015\/04\/canelo-alvarez-150x100.jpg 150w, https:\/\/tvmasmagazine.com\/wp-content\/uploads\/2015\/04\/canelo-alvarez-350x233.jpg 350w\" sizes=\"auto, (max-width: 600px) 100vw, 600px\" \/><p id=\"caption-attachment-35906\" class=\"wp-caption-text\">Saul Canelo Alvarez<\/p><\/div><\/p>\n<p class=\"ecxMsoNormal\"><span lang=\"ES-MX\">Sa\u00fal<span class=\"ecxapple-converted-space\">\u00a0<\/span><i>Canelo<\/i><span class=\"ecxapple-converted-space\">\u00a0<\/span>\u00c1lvarez, el joven boxeador del momento mostrar\u00e1 sus destrezas y talento por la pantalla deportiva de Azteca, quien transmitir\u00e1 en exclusiva sus peleas para todo M\u00e9xico, como resultado de una flamante negociaci\u00f3n.<\/span><\/p>\n<p class=\"ecxMsoNormal\">El ring\u00a0 est\u00e1 listo para que el 9 de mayo el boxeador estrella que a trav\u00e9s de su empresa Golden Boy Promotions\u00a0 regresa a Box Azteca. Y es que en TV Azteca ofreci\u00f3 su primer combate televisado. En busca de gloria, seducir\u00e1 con sus extraordinarias habilidades a los amantes del box.<\/p>\n<p class=\"ecxMsoNormal\"><span lang=\"ES-MX\">Rodrigo Fern\u00e1ndez, director general de programaci\u00f3n de Azteca, declar\u00f3 que la se\u00f1al est\u00e1 avanzando\u00a0 en sumar alianzas comerciales buscando ofrecer a la audiencia el m\u00e1s selecto contenido y por eso ya aseguraron la pelea entre Floyd Mayweather y<\/span><span class=\"ecxapple-converted-space\"><span lang=\"ES-MX\">\u00a0<\/span><\/span><span lang=\"ES-MX\">Manny\u00a0 Pacquiao, un espect\u00e1culo significativo para Box azteca. Adem\u00e1s, de la presentaci\u00f3n de otras\u00a0 reconocidas figuras del box y los combates m\u00e1s esperados por los fan\u00e1ticos. \u00a0<\/span><\/p>\n<p class=\"ecxMsoNormal\">Todo indica que los astros del momento har\u00e1n historia en el ring\u00a0 una vez m\u00e1s.<\/p>\n<p class=\"ecxMsoNormal\"><span lang=\"ES-MX\">\u00a0<\/span><\/p>\n<p><\/p>","protected":false},"excerpt":{"rendered":"<p>Sa\u00fal\u00a0Canelo\u00a0\u00c1lvarez, el joven boxeador del momento mostrar\u00e1 sus destrezas y talento por la pantalla deportiva de Azteca, quien transmitir\u00e1 en <a class=\"more-link\" href=\"https:\/\/tvmasmagazine.com\/es\/2015\/04\/22\/el-regreso-a-tv-azteca-de-saul-canelo-alvarez\/\">&#8230;<\/a><\/p>\n","protected":false},"author":1,"featured_media":35906,"comment_status":"closed","ping_status":"closed","sticky":false,"template":"","format":"standard","meta":{"footnotes":""},"categories":[47],"tags":[],"class_list":["post-35905","post","type-post","status-publish","format-standard","has-post-thumbnail","hentry","category-tv-de-pagp"],"_links":{"self":[{"href":"https:\/\/tvmasmagazine.com\/es\/wp-json\/wp\/v2\/posts\/35905","targetHints":{"allow":["GET"]}}],"collection":[{"href":"https:\/\/tvmasmagazine.com\/es\/wp-json\/wp\/v2\/posts"}],"about":[{"href":"https:\/\/tvmasmagazine.com\/es\/wp-json\/wp\/v2\/types\/post"}],"author":[{"embeddable":true,"href":"https:\/\/tvmasmagazine.com\/es\/wp-json\/wp\/v2\/users\/1"}],"replies":[{"embeddable":true,"href":"https:\/\/tvmasmagazine.com\/es\/wp-json\/wp\/v2\/comments?post=35905"}],"version-history":[{"count":1,"href":"https:\/\/tvmasmagazine.com\/es\/wp-json\/wp\/v2\/posts\/35905\/revisions"}],"predecessor-version":[{"id":35907,"href":"https:\/\/tvmasmagazine.com\/es\/wp-json\/wp\/v2\/posts\/35905\/revisions\/35907"}],"wp:featuredmedia":[{"embeddable":true,"href":"https:\/\/tvmasmagazine.com\/es\/wp-json\/wp\/v2\/media\/35906"}],"wp:attachment":[{"href":"https:\/\/tvmasmagazine.com\/es\/wp-json\/wp\/v2\/media?parent=35905"}],"wp:term":[{"taxonomy":"category","embeddable":true,"href":"https:\/\/tvmasmagazine.com\/es\/wp-json\/wp\/v2\/categories?post=35905"},{"taxonomy":"post_tag","embeddable":true,"href":"https:\/\/tvmasmagazine.com\/es\/wp-json\/wp\/v2\/tags?post=35905"}],"curies":[{"name":"wp","href":"https:\/\/api.w.org\/{rel}","templated":true}]}}