{"id":35908,"date":"2015-04-22T14:15:45","date_gmt":"2015-04-22T12:15:45","guid":{"rendered":"http:\/\/www.tvmasmagazine.com\/?p=35908"},"modified":"2015-04-22T14:15:45","modified_gmt":"2015-04-22T12:15:45","slug":"cuanto-tiempo-de-vida-le-queda-a-nuestras-redes","status":"publish","type":"post","link":"https:\/\/tvmasmagazine.com\/es\/2015\/04\/22\/cuanto-tiempo-de-vida-le-queda-a-nuestras-redes\/","title":{"rendered":"\u00bb\u00bfCu\u00e1nto tiempo de vida le queda a nuestras redes?\u201d"},"content":{"rendered":"<p><div id=\"attachment_35909\" style=\"width: 360px\" class=\"wp-caption aligncenter\"><img loading=\"lazy\" decoding=\"async\" aria-describedby=\"caption-attachment-35909\" class=\"wp-image-35909 size-full\" src=\"http:\/\/www.tvmasmagazine.com\/wp-content\/uploads\/2015\/04\/nota_foco-sobre-redes-hfc-en-encuentro-regional-de-telecomunicaciones_350x263.jpg\" alt=\"nota_foco-sobre-redes-hfc-en-encuentro-regional-de-telecomunicaciones_350x263\" width=\"350\" height=\"262\" srcset=\"https:\/\/tvmasmagazine.com\/wp-content\/uploads\/2015\/04\/nota_foco-sobre-redes-hfc-en-encuentro-regional-de-telecomunicaciones_350x263.jpg 350w, https:\/\/tvmasmagazine.com\/wp-content\/uploads\/2015\/04\/nota_foco-sobre-redes-hfc-en-encuentro-regional-de-telecomunicaciones_350x263-150x112.jpg 150w\" sizes=\"auto, (max-width: 350px) 100vw, 350px\" \/><p id=\"caption-attachment-35909\" class=\"wp-caption-text\">Juan Ram\u00f3n Garc\u00eda Bish, gerente de Ingenier\u00eda de GIGARED<\/p><\/div><\/p>\n<p class=\"ecxMsoNormal\"><span lang=\"ES\">En el marco del Encuentro Regional de Telecomunicaciones Rosario 2015, dirigida a los cable operadores, se llevar\u00e1 a cabo el Seminario<span class=\"ecxapple-converted-space\">\u00a0<\/span><i>La arquitectura HFC en terapia intensiva<\/i>, d\u00f3nde Juan Ram\u00f3n Garc\u00eda Bish, gerente de Ingenier\u00eda de GIGARED\u00a0 profundizar\u00e1 sobre\u00a0 \u201c&#8230;cu\u00e1nto tiempo de vida le queda a nuestras redes?\u201d<\/span><\/p>\n<p class=\"ecxMsoNormal\">Es sabido, que las operaciones de cable evolucionaron a un nuevo esquema que abri\u00f3 las puertas a la interactividad y permiti\u00f3 ofrecer servicios de datos e internet a trav\u00e9s de lo que se llam\u00f3<span class=\"ecxapple-converted-space\">\u00a0<\/span><i>HFC, <\/i>como necesidad de incrementar el ancho de banda y a la vez, mejorar tanto la calidad de la se\u00f1al de televisi\u00f3n como la confiabilidad general del sistema.<\/p>\n<p class=\"ecxMsoNormal\">La \u00faltima versi\u00f3n de Docsis,\u00a0 que viene evolucionando desde 1997 completada por Cablelabs a fines del a\u00f1o pasado (Docsis 3.1), promete alcanzar velocidades que compitan con los servicios de fibra a la casa, pero requiere profundas modificaciones en nuestra red como el cambio del split y el aumento del ancho de banda hasta 1700 MHz.<\/p>\n<p class=\"ecxMsoNormal\">En este contexto, Juan Ram\u00f3n Garc\u00eda Bish, abordar\u00e1 los problemas de la coyuntura actual, haciendo foco en \u201cHasta d\u00f3nde es posible efectuar una actualizaci\u00f3n sin llegar a reconstruir\u201d y \u201cCu\u00e1l es el futuro del operador de una red de cable frente a la oferta externa de contenido a trav\u00e9s de servicios OTT\u201d.<\/p>\n<p class=\"ecxMsoNormal\">Para\u00a0 saber m\u00e1s de la actividad, se puede consultar en la secci\u00f3n capacitaciones en el sitio:\u00a0<a href=\"http:\/\/www.encuentrosregionales.com\/\" target=\"_blank\">www.encuentrosregionales.com<\/a><\/p>\n<p>&nbsp;<\/p>","protected":false},"excerpt":{"rendered":"<p>En el marco del Encuentro Regional de Telecomunicaciones Rosario 2015, dirigida a los cable operadores, se llevar\u00e1 a cabo el <a class=\"more-link\" href=\"https:\/\/tvmasmagazine.com\/es\/2015\/04\/22\/cuanto-tiempo-de-vida-le-queda-a-nuestras-redes\/\">&#8230;<\/a><\/p>\n","protected":false},"author":1,"featured_media":35909,"comment_status":"closed","ping_status":"closed","sticky":false,"template":"","format":"standard","meta":{"footnotes":""},"categories":[80,47],"tags":[],"class_list":["post-35908","post","type-post","status-publish","format-standard","has-post-thumbnail","hentry","category-ott","category-tv-de-pagp"],"_links":{"self":[{"href":"https:\/\/tvmasmagazine.com\/es\/wp-json\/wp\/v2\/posts\/35908","targetHints":{"allow":["GET"]}}],"collection":[{"href":"https:\/\/tvmasmagazine.com\/es\/wp-json\/wp\/v2\/posts"}],"about":[{"href":"https:\/\/tvmasmagazine.com\/es\/wp-json\/wp\/v2\/types\/post"}],"author":[{"embeddable":true,"href":"https:\/\/tvmasmagazine.com\/es\/wp-json\/wp\/v2\/users\/1"}],"replies":[{"embeddable":true,"href":"https:\/\/tvmasmagazine.com\/es\/wp-json\/wp\/v2\/comments?post=35908"}],"version-history":[{"count":1,"href":"https:\/\/tvmasmagazine.com\/es\/wp-json\/wp\/v2\/posts\/35908\/revisions"}],"predecessor-version":[{"id":35910,"href":"https:\/\/tvmasmagazine.com\/es\/wp-json\/wp\/v2\/posts\/35908\/revisions\/35910"}],"wp:featuredmedia":[{"embeddable":true,"href":"https:\/\/tvmasmagazine.com\/es\/wp-json\/wp\/v2\/media\/35909"}],"wp:attachment":[{"href":"https:\/\/tvmasmagazine.com\/es\/wp-json\/wp\/v2\/media?parent=35908"}],"wp:term":[{"taxonomy":"category","embeddable":true,"href":"https:\/\/tvmasmagazine.com\/es\/wp-json\/wp\/v2\/categories?post=35908"},{"taxonomy":"post_tag","embeddable":true,"href":"https:\/\/tvmasmagazine.com\/es\/wp-json\/wp\/v2\/tags?post=35908"}],"curies":[{"name":"wp","href":"https:\/\/api.w.org\/{rel}","templated":true}]}}