{"id":36089,"date":"2015-06-07T18:33:21","date_gmt":"2015-06-07T16:33:21","guid":{"rendered":"http:\/\/www.tvmasmagazine.com\/?p=36089"},"modified":"2015-06-08T10:08:12","modified_gmt":"2015-06-08T08:08:12","slug":"caracol-en-new-europe-market-nem-en-croacia-donde-tvmas-es-un-sponsor-principal","status":"publish","type":"post","link":"https:\/\/tvmasmagazine.com\/es\/2015\/06\/07\/caracol-en-new-europe-market-nem-en-croacia-donde-tvmas-es-un-sponsor-principal\/","title":{"rendered":"Caracol en New Europe Market (NEM) en Croacia donde TVMAS es un sponsor principal"},"content":{"rendered":"<p><div id=\"attachment_35988\" style=\"width: 269px\" class=\"wp-caption aligncenter\"><a href=\"http:\/\/www.tvmasmagazine.com\/wp-content\/uploads\/2015\/06\/Lisette-Osorio-dos.jpg\"><img loading=\"lazy\" decoding=\"async\" aria-describedby=\"caption-attachment-35988\" class=\"aligncenter size-full wp-image-36090\" src=\"http:\/\/www.tvmasmagazine.com\/wp-content\/uploads\/2015\/06\/Lisette-Osorio-dos.jpg\" alt=\"Lisette Osorio\" width=\"259\" height=\"194\" srcset=\"https:\/\/tvmasmagazine.com\/wp-content\/uploads\/2015\/06\/Lisette-Osorio-dos.jpg 259w, https:\/\/tvmasmagazine.com\/wp-content\/uploads\/2015\/06\/Lisette-Osorio-dos-150x112.jpg 150w\" sizes=\"auto, (max-width: 259px) 100vw, 259px\" \/><\/a><p id=\"caption-attachment-35988\" class=\"wp-caption-text\">Lisette Osorio Vice-Presidente International Sales of Caracol International<\/p><\/div><\/p>\n<p style=\"text-align: justify;\">Caracol Televisi\u00f3n participa con su exitoso portafolio en las ferias m\u00e1s importantes del mundo. En esta ocasi\u00f3n asistir\u00e1 por primera vez al New Europe Market (NEM), a realizarse en Croacia del 9 al 11 de junio en la ciudad costera de Dubrovnik, donde presentar\u00e1 producciones de todos los g\u00e9neros para satisfacer las necesidades de los clientes de diferentes regiones del planeta.<\/p>\n<p style=\"text-align: justify;\">En el stand #8, en el Main Market Room, los visitantes podr\u00e1n evaluar la variada oferta que incluye novelas, series, concursos y documentales, caracterizados por sus altos valores de producci\u00f3n con los que Caracol Televisi\u00f3n sigue conquistado nuevos territorios. Los t\u00edtulos que encabezar\u00e1n el abultado portafolio son:<\/p>\n<p style=\"text-align: justify;\"><em>Esmeraldas<\/em>, <em>El color de la ambici\u00f3n<\/em> (Serie 60x1h); <em>Fugitivos<\/em> (Serie 40x1h); <em>Los Hombres Tambi\u00e9n Lloran<\/em> (Serie 41x1h<em>); Locos x la Tele <\/em>(Formato x1h) y una variedad de documentales (x1h).<\/p>\n<p style=\"text-align: justify;\">Destacamos que <span style=\"color: #000000;\"><strong>TV<\/strong><span style=\"color: #ff0000;\">MAS<\/span><\/span> es un sponsor principal de este importante evento que impulsa el desarrollo de la industria y que la revista estar\u00e1 circulando en este evento, as\u00ed como destacaremos la participaci\u00f3n y todo lo acontecido en este importante encuentro no solo en nuestra revista gr\u00e1fica, sino tambi\u00e9n en nuestra plataforma online.<\/p>\n<p><\/p>","protected":false},"excerpt":{"rendered":"<p>Caracol Televisi\u00f3n participa con su exitoso portafolio en las ferias m\u00e1s importantes del mundo. En esta ocasi\u00f3n asistir\u00e1 por primera <a class=\"more-link\" href=\"https:\/\/tvmasmagazine.com\/es\/2015\/06\/07\/caracol-en-new-europe-market-nem-en-croacia-donde-tvmas-es-un-sponsor-principal\/\">&#8230;<\/a><\/p>\n","protected":false},"author":1,"featured_media":36090,"comment_status":"closed","ping_status":"closed","sticky":false,"template":"","format":"standard","meta":{"footnotes":""},"categories":[87,73,17,13],"tags":[],"class_list":["post-36089","post","type-post","status-publish","format-standard","has-post-thumbnail","hentry","category-caja-principal","category-telenovelas-series","category-television","category-ultimas-noticias"],"_links":{"self":[{"href":"https:\/\/tvmasmagazine.com\/es\/wp-json\/wp\/v2\/posts\/36089","targetHints":{"allow":["GET"]}}],"collection":[{"href":"https:\/\/tvmasmagazine.com\/es\/wp-json\/wp\/v2\/posts"}],"about":[{"href":"https:\/\/tvmasmagazine.com\/es\/wp-json\/wp\/v2\/types\/post"}],"author":[{"embeddable":true,"href":"https:\/\/tvmasmagazine.com\/es\/wp-json\/wp\/v2\/users\/1"}],"replies":[{"embeddable":true,"href":"https:\/\/tvmasmagazine.com\/es\/wp-json\/wp\/v2\/comments?post=36089"}],"version-history":[{"count":1,"href":"https:\/\/tvmasmagazine.com\/es\/wp-json\/wp\/v2\/posts\/36089\/revisions"}],"predecessor-version":[{"id":36091,"href":"https:\/\/tvmasmagazine.com\/es\/wp-json\/wp\/v2\/posts\/36089\/revisions\/36091"}],"wp:featuredmedia":[{"embeddable":true,"href":"https:\/\/tvmasmagazine.com\/es\/wp-json\/wp\/v2\/media\/36090"}],"wp:attachment":[{"href":"https:\/\/tvmasmagazine.com\/es\/wp-json\/wp\/v2\/media?parent=36089"}],"wp:term":[{"taxonomy":"category","embeddable":true,"href":"https:\/\/tvmasmagazine.com\/es\/wp-json\/wp\/v2\/categories?post=36089"},{"taxonomy":"post_tag","embeddable":true,"href":"https:\/\/tvmasmagazine.com\/es\/wp-json\/wp\/v2\/tags?post=36089"}],"curies":[{"name":"wp","href":"https:\/\/api.w.org\/{rel}","templated":true}]}}