{"id":3614,"date":"2013-03-15T15:49:09","date_gmt":"2013-03-15T15:49:09","guid":{"rendered":"http:\/\/www.tvmasmagazine.com\/?p=3614"},"modified":"2015-03-18T15:56:57","modified_gmt":"2015-03-18T14:56:57","slug":"fred-medina-nuevo-evp-y-director-general-para-america-latina-y-us-hispanic-de-bbc-worldwide","status":"publish","type":"post","link":"https:\/\/tvmasmagazine.com\/es\/2013\/03\/15\/fred-medina-nuevo-evp-y-director-general-para-america-latina-y-us-hispanic-de-bbc-worldwide\/","title":{"rendered":"Fred Medina, nuevo EVP y director general para Am\u00e9rica Latina y US Hispanic de BBC Worldwide"},"content":{"rendered":"<p><\/p>\n<h3>Bajo su cargo, asumir\u00e1 el control de todas las \u00e1reas de negocio de la compa\u00f1\u00eda en la regi\u00f3n<\/h3>\n<p><div id=\"attachment_3615\" style=\"width: 310px\" class=\"wp-caption alignleft\"><a href=\"http:\/\/www.tvmasmagazine.com\/wp-content\/uploads\/2013\/03\/FRED-MEDINA-300.jpg\"><img loading=\"lazy\" decoding=\"async\" aria-describedby=\"caption-attachment-3615\" src=\"http:\/\/www.tvmasmagazine.com\/wp-content\/uploads\/2013\/03\/FRED-MEDINA-300.jpg\" alt=\"\" title=\"FRED-MEDINA-300\" width=\"300\" height=\"225\" class=\"size-full wp-image-3615\" srcset=\"https:\/\/tvmasmagazine.com\/wp-content\/uploads\/2013\/03\/FRED-MEDINA-300.jpg 300w, https:\/\/tvmasmagazine.com\/wp-content\/uploads\/2013\/03\/FRED-MEDINA-300-150x112.jpg 150w\" sizes=\"auto, (max-width: 300px) 100vw, 300px\" \/><\/a><p id=\"caption-attachment-3615\" class=\"wp-caption-text\">Fred Medina, EVP y director general para Am\u00e9rica Latina y US Hispanic de BBC Worldwide<\/p><\/div>Como parte de la nueva estructura en sus divisiones globales, BBC Worldwide anunci\u00f3 el nombramiento de Fred Medina  como EVP y director general para su divisi\u00f3n en Latinoam\u00e9rica y US Hispanic. En su nuevo puesto, controlar\u00e1 cada una de las \u00e1reas de negocio, incluyendo canales, venta de contenidos, productos al consumidor y producci\u00f3n.<\/p>\n<p> \u201cEs un privilegio encabezar esta nueva etapa en la evoluci\u00f3n regional de una de las compa\u00f1\u00edas multimedi\u00e1ticas globales m\u00e1s innovadoras del mundo. A trav\u00e9s de estos cambios, buscaremos potenciar nuestro portafolio, al tiempo de desarrollar nuevas oportunidades de negocios que nos permitan satisfacer las necesidades de  nuestros consumidores y socios comerciales en todas las plataformas\u201d, coment\u00f3 Medina.<\/p>\n<p>Por su parte, Paul Dempsey, presidente de mercados globales de BBC Worldwide, dijo: \u201cLa designaci\u00f3n de Fred constituye una clara indicaci\u00f3n de nuestro objetivo. Estoy seguro que con Fred liderando estos esfuerzos, tendremos un gran \u00e9xito en llevar la palabra Worldwide, incluida en el nombre de nuestra compa\u00f1\u00eda, a nuevas alturas\u201d, finaliz\u00f3 el ejecutivo.<\/p>\n<p>Medina se ha desempe\u00f1ado como EVP para Latinoam\u00e9rica desde septiembre de 2011. Lleg\u00f3 a BBC Worldwide luego de su paso por Ole Communications, donde se desempe\u00f1\u00f3 como EVP de desarrollo de negocios corporativos desde 2005.<\/p>","protected":false},"excerpt":{"rendered":"<p>Bajo su cargo, asumir\u00e1 el control de todas las \u00e1reas de negocio de la compa\u00f1\u00eda en la regi\u00f3n Como parte <a class=\"more-link\" href=\"https:\/\/tvmasmagazine.com\/es\/2013\/03\/15\/fred-medina-nuevo-evp-y-director-general-para-america-latina-y-us-hispanic-de-bbc-worldwide\/\">&#8230;<\/a><\/p>\n","protected":false},"author":1,"featured_media":3616,"comment_status":"closed","ping_status":"open","sticky":false,"template":"","format":"standard","meta":{"footnotes":""},"categories":[19,41,18,11,26,73,17,47,12],"tags":[120],"class_list":["post-3614","post","type-post","status-publish","format-standard","has-post-thumbnail","hentry","category-estados-unidos","category-europa","category-latnoamerica","category-negocios","category-nombramientos","category-telenovelas-series","category-television","category-tv-de-pagp","category-tvmas","tag-internacional"],"_links":{"self":[{"href":"https:\/\/tvmasmagazine.com\/es\/wp-json\/wp\/v2\/posts\/3614","targetHints":{"allow":["GET"]}}],"collection":[{"href":"https:\/\/tvmasmagazine.com\/es\/wp-json\/wp\/v2\/posts"}],"about":[{"href":"https:\/\/tvmasmagazine.com\/es\/wp-json\/wp\/v2\/types\/post"}],"author":[{"embeddable":true,"href":"https:\/\/tvmasmagazine.com\/es\/wp-json\/wp\/v2\/users\/1"}],"replies":[{"embeddable":true,"href":"https:\/\/tvmasmagazine.com\/es\/wp-json\/wp\/v2\/comments?post=3614"}],"version-history":[{"count":1,"href":"https:\/\/tvmasmagazine.com\/es\/wp-json\/wp\/v2\/posts\/3614\/revisions"}],"predecessor-version":[{"id":3617,"href":"https:\/\/tvmasmagazine.com\/es\/wp-json\/wp\/v2\/posts\/3614\/revisions\/3617"}],"wp:featuredmedia":[{"embeddable":true,"href":"https:\/\/tvmasmagazine.com\/es\/wp-json\/wp\/v2\/media\/3616"}],"wp:attachment":[{"href":"https:\/\/tvmasmagazine.com\/es\/wp-json\/wp\/v2\/media?parent=3614"}],"wp:term":[{"taxonomy":"category","embeddable":true,"href":"https:\/\/tvmasmagazine.com\/es\/wp-json\/wp\/v2\/categories?post=3614"},{"taxonomy":"post_tag","embeddable":true,"href":"https:\/\/tvmasmagazine.com\/es\/wp-json\/wp\/v2\/tags?post=3614"}],"curies":[{"name":"wp","href":"https:\/\/api.w.org\/{rel}","templated":true}]}}