{"id":36178,"date":"2015-06-21T09:00:29","date_gmt":"2015-06-21T07:00:29","guid":{"rendered":"http:\/\/www.tvmasmagazine.com\/?p=36178"},"modified":"2015-06-21T09:11:16","modified_gmt":"2015-06-21T07:11:16","slug":"nem-en-dubrovnik-una-vision-de-las-nuevas-experiencias-que-quiere-el-consumidor","status":"publish","type":"post","link":"https:\/\/tvmasmagazine.com\/es\/2015\/06\/21\/nem-en-dubrovnik-una-vision-de-las-nuevas-experiencias-que-quiere-el-consumidor\/","title":{"rendered":"NEM en Dubrovnik: Una visi\u00f3n de las nuevas experiencias que quiere el consumidor"},"content":{"rendered":"<p><div id=\"attachment_35988\" style=\"width: 1011px\" class=\"wp-caption aligncenter\"><a href=\"http:\/\/www.tvmasmagazine.com\/wp-content\/uploads\/2015\/06\/nem-nikola-franceti-sasa-runjic-sasa-kramer-guy-bisson.jpg\"><img loading=\"lazy\" decoding=\"async\" aria-describedby=\"caption-attachment-35988\" class=\"aligncenter size-full wp-image-36179\" src=\"http:\/\/www.tvmasmagazine.com\/wp-content\/uploads\/2015\/06\/nem-nikola-franceti-sasa-runjic-sasa-kramer-guy-bisson.jpg\" alt=\"nem-nikola-franceti-sasa-runjic-sasa-kramer-guy-bisson\" width=\"1001\" height=\"719\" srcset=\"https:\/\/tvmasmagazine.com\/wp-content\/uploads\/2015\/06\/nem-nikola-franceti-sasa-runjic-sasa-kramer-guy-bisson.jpg 1001w, https:\/\/tvmasmagazine.com\/wp-content\/uploads\/2015\/06\/nem-nikola-franceti-sasa-runjic-sasa-kramer-guy-bisson-150x108.jpg 150w, https:\/\/tvmasmagazine.com\/wp-content\/uploads\/2015\/06\/nem-nikola-franceti-sasa-runjic-sasa-kramer-guy-bisson-350x251.jpg 350w, https:\/\/tvmasmagazine.com\/wp-content\/uploads\/2015\/06\/nem-nikola-franceti-sasa-runjic-sasa-kramer-guy-bisson-600x431.jpg 600w\" sizes=\"auto, (max-width: 1001px) 100vw, 1001px\" \/><\/a><p id=\"caption-attachment-35988\" class=\"wp-caption-text\">Nikola Francetic, Sasa Runjic, Sasa Kramer y Guy Bisson<\/p><\/div><\/p>\n<p style=\"text-align: justify;\">Otro panel que caus\u00f3 revuelo el primer d\u00eda de este evento que ya va por su tercera edici\u00f3n, fue el conformado por\u00a0\u00a0Sa\u0161a Runjic, director de programaci\u00f3n de la televisi\u00f3n croata; Sa\u0161a Kramar, presidente de la junta de Iskon y Guy Bisson, director de investigaci\u00f3n de An\u00e1lisis de AMPERE.<\/p>\n<p style=\"text-align: justify;\">El debate se enfoc\u00f3 sobre la relaci\u00f3n entre las redes cl\u00e1sicas y nuevas plataformas. Moderado por\u00a0\u00a0Nikola Francetic, jefe del grupo de contenidos, medios de comunicaci\u00f3n y difusi\u00f3n de Telekom Austria Group.\u00a0\u00abLa TV ha evolucionado a m\u00faltiples pantallas y la\u00a0\u00a0audiencia quiere otras experiencias\u201c, fue la conclusion del flamante panel.<\/p>\n<p style=\"text-align: justify;\">Para completar la faena y cerrar el primer d\u00eda, el panel conformado por Scott Ehrlich, el director de la plataforma Qyou; Christina Foley, director de ventas y marketing de Playboy TV UK y Gy\u00f6rgy B\u00e1lint, director de ventas de AMC Networks para Europa Central ofrecieron un importante panorama de las realidades y las oportunidades en Europa Central y del Este.<\/p>\n<p style=\"text-align: justify;\">Moderado por Vedran Peri\u0161i\u0107,\u00a0\u00a0director de operaciones de of Fight Channel. El tema\u00a0<em>\u00bfC\u00f3mo maneja la TV de pago la crisis?<\/em>\u00a0Movi\u00f3 al auditorio a una secci\u00f3n interactiva de preguntas, respuestas y opiniones. La conclusi\u00f3n es que estas y las nuevas plataformas tienen la presi\u00f3n de\u00a0\u00a0producir contenido original a pesar de los problemas financieros en los mercados. \u201cDesde que el contenido est\u00e1 disponible en varias\u00a0\u00a0plataformas, la audiencia consume m\u00e1s programas televisivos a conveniencia de horario y de su economia\u201c, dijo Sasa Kramer.<\/p>\n<p style=\"text-align: justify;\">FOX International Channel para celebrar el cierre del primer dia, invit\u00f3\u00a0\u00a0a todos los asistentes al coctel de bienvenida en la terraza del Hotel Palace, donde trasncurri\u00f3\u00a0el evento ante una imponente vista del mar adriatico en la preciosa ciudad de Dubrovnik.<\/p>\n<p style=\"text-align: justify;\">Ambien del coctel en la terra ofrecido por FOX International Channel.<\/p>\n<p><div id=\"attachment_35988\" style=\"width: 979px\" class=\"wp-caption aligncenter\"><a href=\"http:\/\/www.tvmasmagazine.com\/wp-content\/uploads\/2015\/06\/nem-ambiente-en-la-terraza-coctel-de-fox.jpg\"><img loading=\"lazy\" decoding=\"async\" aria-describedby=\"caption-attachment-35988\" class=\"aligncenter size-full wp-image-36180\" src=\"http:\/\/www.tvmasmagazine.com\/wp-content\/uploads\/2015\/06\/nem-ambiente-en-la-terraza-coctel-de-fox.jpg\" alt=\"nem-ambiente-en-la-terraza-coctel-de-fox\" width=\"969\" height=\"727\" srcset=\"https:\/\/tvmasmagazine.com\/wp-content\/uploads\/2015\/06\/nem-ambiente-en-la-terraza-coctel-de-fox.jpg 969w, https:\/\/tvmasmagazine.com\/wp-content\/uploads\/2015\/06\/nem-ambiente-en-la-terraza-coctel-de-fox-150x113.jpg 150w, https:\/\/tvmasmagazine.com\/wp-content\/uploads\/2015\/06\/nem-ambiente-en-la-terraza-coctel-de-fox-350x263.jpg 350w, https:\/\/tvmasmagazine.com\/wp-content\/uploads\/2015\/06\/nem-ambiente-en-la-terraza-coctel-de-fox-600x450.jpg 600w\" sizes=\"auto, (max-width: 969px) 100vw, 969px\" \/><\/a><p id=\"caption-attachment-35988\" class=\"wp-caption-text\">Ambien del coctel en la terra ofrecido por FOX International Channel.<\/p><\/div><\/p>","protected":false},"excerpt":{"rendered":"<p>Otro panel que caus\u00f3 revuelo el primer d\u00eda de este evento que ya va por su tercera edici\u00f3n, fue el <a class=\"more-link\" href=\"https:\/\/tvmasmagazine.com\/es\/2015\/06\/21\/nem-en-dubrovnik-una-vision-de-las-nuevas-experiencias-que-quiere-el-consumidor\/\">&#8230;<\/a><\/p>\n","protected":false},"author":1,"featured_media":36179,"comment_status":"closed","ping_status":"closed","sticky":false,"template":"","format":"standard","meta":{"footnotes":""},"categories":[32,1,13],"tags":[],"class_list":["post-36178","post","type-post","status-publish","format-standard","has-post-thumbnail","hentry","category-festival","category-sin-categoria","category-ultimas-noticias"],"_links":{"self":[{"href":"https:\/\/tvmasmagazine.com\/es\/wp-json\/wp\/v2\/posts\/36178","targetHints":{"allow":["GET"]}}],"collection":[{"href":"https:\/\/tvmasmagazine.com\/es\/wp-json\/wp\/v2\/posts"}],"about":[{"href":"https:\/\/tvmasmagazine.com\/es\/wp-json\/wp\/v2\/types\/post"}],"author":[{"embeddable":true,"href":"https:\/\/tvmasmagazine.com\/es\/wp-json\/wp\/v2\/users\/1"}],"replies":[{"embeddable":true,"href":"https:\/\/tvmasmagazine.com\/es\/wp-json\/wp\/v2\/comments?post=36178"}],"version-history":[{"count":1,"href":"https:\/\/tvmasmagazine.com\/es\/wp-json\/wp\/v2\/posts\/36178\/revisions"}],"predecessor-version":[{"id":36181,"href":"https:\/\/tvmasmagazine.com\/es\/wp-json\/wp\/v2\/posts\/36178\/revisions\/36181"}],"wp:featuredmedia":[{"embeddable":true,"href":"https:\/\/tvmasmagazine.com\/es\/wp-json\/wp\/v2\/media\/36179"}],"wp:attachment":[{"href":"https:\/\/tvmasmagazine.com\/es\/wp-json\/wp\/v2\/media?parent=36178"}],"wp:term":[{"taxonomy":"category","embeddable":true,"href":"https:\/\/tvmasmagazine.com\/es\/wp-json\/wp\/v2\/categories?post=36178"},{"taxonomy":"post_tag","embeddable":true,"href":"https:\/\/tvmasmagazine.com\/es\/wp-json\/wp\/v2\/tags?post=36178"}],"curies":[{"name":"wp","href":"https:\/\/api.w.org\/{rel}","templated":true}]}}