{"id":3618,"date":"2013-03-15T16:15:58","date_gmt":"2013-03-15T16:15:58","guid":{"rendered":"http:\/\/www.tvmasmagazine.com\/?p=3618"},"modified":"2015-03-18T15:57:50","modified_gmt":"2015-03-18T14:57:50","slug":"bbc-worldwide-anuncia-cambios-en-sus-divisiones-globales","status":"publish","type":"post","link":"https:\/\/tvmasmagazine.com\/es\/2013\/03\/15\/bbc-worldwide-anuncia-cambios-en-sus-divisiones-globales\/","title":{"rendered":"BBC Worldwide anuncia cambios en sus divisiones globales"},"content":{"rendered":"<p><\/p>\n<h3>\u201cEsta reorganizaci\u00f3n reforzar\u00e1 el enfoque de la compa\u00f1\u00eda hacia los mercados internacionales\u201d, Paul Dempsey, presidente de mercados globales<\/h3>\n<p><a href=\"http:\/\/www.tvmasmagazine.com\/wp-content\/uploads\/2013\/03\/LOGO-BBC-300.jpg\"><img loading=\"lazy\" decoding=\"async\" src=\"http:\/\/www.tvmasmagazine.com\/wp-content\/uploads\/2013\/03\/LOGO-BBC-300.jpg\" alt=\"\" title=\"LOGO-BBC-300\" width=\"300\" height=\"230\" class=\"alignleft size-full wp-image-3619\" srcset=\"https:\/\/tvmasmagazine.com\/wp-content\/uploads\/2013\/03\/LOGO-BBC-300.jpg 300w, https:\/\/tvmasmagazine.com\/wp-content\/uploads\/2013\/03\/LOGO-BBC-300-150x115.jpg 150w\" sizes=\"auto, (max-width: 300px) 100vw, 300px\" \/><\/a>A partir del 2 de abril pr\u00f3ximo, las cinco divisiones globales de BBC Worldwide dejar\u00e1n de existir para dar lugar a una nueva estructura en regiones, cada una de ellas gozar\u00e1 de plena responsabilidad comercial y financiera con el fin de favorecer el trabajo con los clientes regionales y audiencias.<\/p>\n<p><div id=\"attachment_3620\" style=\"width: 310px\" class=\"wp-caption alignright\"><a href=\"http:\/\/www.tvmasmagazine.com\/wp-content\/uploads\/2013\/03\/Paul-Dempsey-presidente-de-mercados-globales-de-BBC-Worldwide-300.jpg\"><img loading=\"lazy\" decoding=\"async\" aria-describedby=\"caption-attachment-3620\" src=\"http:\/\/www.tvmasmagazine.com\/wp-content\/uploads\/2013\/03\/Paul-Dempsey-presidente-de-mercados-globales-de-BBC-Worldwide-300.jpg\" alt=\"\" title=\"Paul-Dempsey,-presidente-de-mercados-globales-de-BBC-Worldwide-300\" width=\"300\" height=\"276\" class=\"size-full wp-image-3620\" srcset=\"https:\/\/tvmasmagazine.com\/wp-content\/uploads\/2013\/03\/Paul-Dempsey-presidente-de-mercados-globales-de-BBC-Worldwide-300.jpg 300w, https:\/\/tvmasmagazine.com\/wp-content\/uploads\/2013\/03\/Paul-Dempsey-presidente-de-mercados-globales-de-BBC-Worldwide-300-150x138.jpg 150w\" sizes=\"auto, (max-width: 300px) 100vw, 300px\" \/><\/a><p id=\"caption-attachment-3620\" class=\"wp-caption-text\">Paul Dempsey, presidente de mercados globales de BBC Worldwide<\/p><\/div>\u201cEsta reorganizaci\u00f3n reforzar\u00e1 el enfoque de la compa\u00f1\u00eda hacia los mercados internacionales, permiti\u00e9ndole capturar futuras oportunidades de crecimiento en todo el mundo. Tenemos grandes planes para construir una base s\u00f3lida de seguidores de las marcas BBC en todo el mundo\u201d, coment\u00f3 Paul Dempsey, presidente de mercados globales de BBC Worldwide.<\/p>","protected":false},"excerpt":{"rendered":"<p>\u201cEsta reorganizaci\u00f3n reforzar\u00e1 el enfoque de la compa\u00f1\u00eda hacia los mercados internacionales\u201d, Paul Dempsey, presidente de mercados globales A partir <a class=\"more-link\" href=\"https:\/\/tvmasmagazine.com\/es\/2013\/03\/15\/bbc-worldwide-anuncia-cambios-en-sus-divisiones-globales\/\">&#8230;<\/a><\/p>\n","protected":false},"author":1,"featured_media":3621,"comment_status":"closed","ping_status":"open","sticky":false,"template":"","format":"standard","meta":{"footnotes":""},"categories":[43,33,19,41,18,11,73,17,47,12,13],"tags":[120],"class_list":["post-3618","post","type-post","status-publish","format-standard","has-post-thumbnail","hentry","category-africa","category-asia","category-estados-unidos","category-europa","category-latnoamerica","category-negocios","category-telenovelas-series","category-television","category-tv-de-pagp","category-tvmas","category-ultimas-noticias","tag-internacional"],"_links":{"self":[{"href":"https:\/\/tvmasmagazine.com\/es\/wp-json\/wp\/v2\/posts\/3618","targetHints":{"allow":["GET"]}}],"collection":[{"href":"https:\/\/tvmasmagazine.com\/es\/wp-json\/wp\/v2\/posts"}],"about":[{"href":"https:\/\/tvmasmagazine.com\/es\/wp-json\/wp\/v2\/types\/post"}],"author":[{"embeddable":true,"href":"https:\/\/tvmasmagazine.com\/es\/wp-json\/wp\/v2\/users\/1"}],"replies":[{"embeddable":true,"href":"https:\/\/tvmasmagazine.com\/es\/wp-json\/wp\/v2\/comments?post=3618"}],"version-history":[{"count":1,"href":"https:\/\/tvmasmagazine.com\/es\/wp-json\/wp\/v2\/posts\/3618\/revisions"}],"predecessor-version":[{"id":3622,"href":"https:\/\/tvmasmagazine.com\/es\/wp-json\/wp\/v2\/posts\/3618\/revisions\/3622"}],"wp:featuredmedia":[{"embeddable":true,"href":"https:\/\/tvmasmagazine.com\/es\/wp-json\/wp\/v2\/media\/3621"}],"wp:attachment":[{"href":"https:\/\/tvmasmagazine.com\/es\/wp-json\/wp\/v2\/media?parent=3618"}],"wp:term":[{"taxonomy":"category","embeddable":true,"href":"https:\/\/tvmasmagazine.com\/es\/wp-json\/wp\/v2\/categories?post=3618"},{"taxonomy":"post_tag","embeddable":true,"href":"https:\/\/tvmasmagazine.com\/es\/wp-json\/wp\/v2\/tags?post=3618"}],"curies":[{"name":"wp","href":"https:\/\/api.w.org\/{rel}","templated":true}]}}