{"id":36329,"date":"2015-07-24T08:28:07","date_gmt":"2015-07-24T06:28:07","guid":{"rendered":"http:\/\/www.tvmasmagazine.com\/?p=36329"},"modified":"2015-07-24T08:28:51","modified_gmt":"2015-07-24T06:28:51","slug":"i-love-miami-en-el-canal-22-internacional","status":"publish","type":"post","link":"https:\/\/tvmasmagazine.com\/es\/2015\/07\/24\/i-love-miami-en-el-canal-22-internacional\/","title":{"rendered":"I love Miami en el canal 22 Internacional"},"content":{"rendered":"<p><div id=\"attachment_35988\" style=\"width: 572px\" class=\"wp-caption aligncenter\"><a href=\"http:\/\/www.tvmasmagazine.com\/wp-content\/uploads\/2015\/07\/Alicia-Machado-dos.jpg\"><img loading=\"lazy\" decoding=\"async\" aria-describedby=\"caption-attachment-35988\" class=\"aligncenter size-large wp-image-36330\" src=\"http:\/\/www.tvmasmagazine.com\/wp-content\/uploads\/2015\/07\/Alicia-Machado-dos-562x1024.jpg\" alt=\"Alicia Machado dos\" width=\"562\" height=\"1024\" srcset=\"https:\/\/tvmasmagazine.com\/wp-content\/uploads\/2015\/07\/Alicia-Machado-dos-562x1024.jpg 562w, https:\/\/tvmasmagazine.com\/wp-content\/uploads\/2015\/07\/Alicia-Machado-dos-82x150.jpg 82w, https:\/\/tvmasmagazine.com\/wp-content\/uploads\/2015\/07\/Alicia-Machado-dos-192x350.jpg 192w, https:\/\/tvmasmagazine.com\/wp-content\/uploads\/2015\/07\/Alicia-Machado-dos-600x1094.jpg 600w, https:\/\/tvmasmagazine.com\/wp-content\/uploads\/2015\/07\/Alicia-Machado-dos.jpg 800w\" sizes=\"auto, (max-width: 562px) 100vw, 562px\" \/><\/a><p id=\"caption-attachment-35988\" class=\"wp-caption-text\">Alicia Machado<\/p><\/div><\/p>\n<p style=\"text-align: justify;\">Dirigida por Alejandro Gonz\u00e1lez Padilla con: Juan Luis Galiardo, Jaime Camil, Alicia Machado y Ofelia Medina. En Cuba, afirman que el mandatario Fidel Castro ha desaparecido de la escena p\u00fablica al estar convaleciente tras una operaci\u00f3n, en realidad, va camino a Miami a bordo de una peque\u00f1a balsa. La pel\u00edcula se estrena el S\u00e1bado 25.<\/p>\n<p style=\"text-align: justify;\">Un atentado en un barco gubernamental mexicano, hace que el jefe Castro est\u00e9 a punto de vivir una aventura sin precedentes, cuando llega a las costas norteamericanas como cualquier balsero.\u00a0 Al despertar, se da cuenta que ha naufragado en Miami, con la cara parcialmente quemada lo que lo hace irreconocible.<\/p>\n<p style=\"text-align: justify;\">Ahora, se encuentra a merced de una familia cubana muy especial\u2026<\/p>\n<p style=\"text-align: justify;\">Con el estreno de <em>I love Miami<\/em>, Canal 22 Internacional busca ser fiel a su misi\u00f3n de divulgar las mejores expresiones art\u00edsticas y culturales de M\u00e9xico y el mundo, producir televisi\u00f3n de la m\u00e1s alta calidad, colaborar en la creaci\u00f3n de p\u00fablicos para las artes y fomentar una visi\u00f3n cr\u00edtica de la realidad.<\/p>\n<p style=\"text-align: justify;\">Canal 22 Internacional es el Canal Cultural de M\u00e9xico en Estados Unidos, disponible en los siguientes sistemas de cable local y televisi\u00f3n satelital: <strong>DirecTV<\/strong> \/ <strong>Verizon<\/strong> \/<strong>AT&#038;T<\/strong> \/<strong>Charter<\/strong> \/ <strong>Time Warner<\/strong> \/ <strong>Grande Comunnications<\/strong> \/ <strong>San Bruno Comunnications<\/strong> \/ <strong>Wave Division<\/strong>.<\/p>\n<p><div id=\"attachment_35988\" style=\"width: 522px\" class=\"wp-caption aligncenter\"><a href=\"http:\/\/www.tvmasmagazine.com\/wp-content\/uploads\/2015\/07\/image002.jpg\"><img loading=\"lazy\" decoding=\"async\" aria-describedby=\"caption-attachment-35988\" class=\"aligncenter size-full wp-image-36331\" src=\"http:\/\/www.tvmasmagazine.com\/wp-content\/uploads\/2015\/07\/image002.jpg\" alt=\"image002\" width=\"360\" height=\"515\" srcset=\"https:\/\/tvmasmagazine.com\/wp-content\/uploads\/2015\/07\/image002.jpg 360w, https:\/\/tvmasmagazine.com\/wp-content\/uploads\/2015\/07\/image002-105x150.jpg 105w, https:\/\/tvmasmagazine.com\/wp-content\/uploads\/2015\/07\/image002-245x350.jpg 245w\" sizes=\"auto, (max-width: 360px) 100vw, 360px\" \/><\/a><p id=\"caption-attachment-35988\" class=\"wp-caption-text\">I love Miami<\/p><\/div><\/p>","protected":false},"excerpt":{"rendered":"<p>Dirigida por Alejandro Gonz\u00e1lez Padilla con: Juan Luis Galiardo, Jaime Camil, Alicia Machado y Ofelia Medina. En Cuba, afirman que <a class=\"more-link\" href=\"https:\/\/tvmasmagazine.com\/es\/2015\/07\/24\/i-love-miami-en-el-canal-22-internacional\/\">&#8230;<\/a><\/p>\n","protected":false},"author":1,"featured_media":36330,"comment_status":"closed","ping_status":"closed","sticky":false,"template":"","format":"standard","meta":{"footnotes":""},"categories":[29,13],"tags":[],"class_list":["post-36329","post","type-post","status-publish","format-standard","has-post-thumbnail","hentry","category-pelicula","category-ultimas-noticias"],"_links":{"self":[{"href":"https:\/\/tvmasmagazine.com\/es\/wp-json\/wp\/v2\/posts\/36329","targetHints":{"allow":["GET"]}}],"collection":[{"href":"https:\/\/tvmasmagazine.com\/es\/wp-json\/wp\/v2\/posts"}],"about":[{"href":"https:\/\/tvmasmagazine.com\/es\/wp-json\/wp\/v2\/types\/post"}],"author":[{"embeddable":true,"href":"https:\/\/tvmasmagazine.com\/es\/wp-json\/wp\/v2\/users\/1"}],"replies":[{"embeddable":true,"href":"https:\/\/tvmasmagazine.com\/es\/wp-json\/wp\/v2\/comments?post=36329"}],"version-history":[{"count":2,"href":"https:\/\/tvmasmagazine.com\/es\/wp-json\/wp\/v2\/posts\/36329\/revisions"}],"predecessor-version":[{"id":36333,"href":"https:\/\/tvmasmagazine.com\/es\/wp-json\/wp\/v2\/posts\/36329\/revisions\/36333"}],"wp:featuredmedia":[{"embeddable":true,"href":"https:\/\/tvmasmagazine.com\/es\/wp-json\/wp\/v2\/media\/36330"}],"wp:attachment":[{"href":"https:\/\/tvmasmagazine.com\/es\/wp-json\/wp\/v2\/media?parent=36329"}],"wp:term":[{"taxonomy":"category","embeddable":true,"href":"https:\/\/tvmasmagazine.com\/es\/wp-json\/wp\/v2\/categories?post=36329"},{"taxonomy":"post_tag","embeddable":true,"href":"https:\/\/tvmasmagazine.com\/es\/wp-json\/wp\/v2\/tags?post=36329"}],"curies":[{"name":"wp","href":"https:\/\/api.w.org\/{rel}","templated":true}]}}