{"id":36348,"date":"2015-07-26T08:27:46","date_gmt":"2015-07-26T06:27:46","guid":{"rendered":"http:\/\/www.tvmasmagazine.com\/?p=36348"},"modified":"2015-07-26T08:28:05","modified_gmt":"2015-07-26T06:28:05","slug":"a-que-no-me-dejas-la-nueva-apuesta-de-televisa-con-musica-de-alejandro-sanz","status":"publish","type":"post","link":"https:\/\/tvmasmagazine.com\/es\/2015\/07\/26\/a-que-no-me-dejas-la-nueva-apuesta-de-televisa-con-musica-de-alejandro-sanz\/","title":{"rendered":"A que no me dejas la nueva apuesta de Televisa con m\u00fasica de Alejandro Sanz"},"content":{"rendered":"<p><div id=\"attachment_35988\" style=\"width: 743px\" class=\"wp-caption aligncenter\"><a href=\"http:\/\/www.tvmasmagazine.com\/wp-content\/uploads\/2015\/07\/a-que-no-me-dejas.jpg\"><img loading=\"lazy\" decoding=\"async\" aria-describedby=\"caption-attachment-35988\" class=\"aligncenter size-large wp-image-36350\" src=\"http:\/\/www.tvmasmagazine.com\/wp-content\/uploads\/2015\/07\/a-que-no-me-dejas-733x1024.jpg\" alt=\"a-que-no-me-dejas\" width=\"733\" height=\"1024\" srcset=\"https:\/\/tvmasmagazine.com\/wp-content\/uploads\/2015\/07\/a-que-no-me-dejas-733x1024.jpg 733w, https:\/\/tvmasmagazine.com\/wp-content\/uploads\/2015\/07\/a-que-no-me-dejas-107x150.jpg 107w, https:\/\/tvmasmagazine.com\/wp-content\/uploads\/2015\/07\/a-que-no-me-dejas-251x350.jpg 251w, https:\/\/tvmasmagazine.com\/wp-content\/uploads\/2015\/07\/a-que-no-me-dejas-600x838.jpg 600w, https:\/\/tvmasmagazine.com\/wp-content\/uploads\/2015\/07\/a-que-no-me-dejas.jpg 1002w\" sizes=\"auto, (max-width: 733px) 100vw, 733px\" \/><\/a><p id=\"caption-attachment-35988\" class=\"wp-caption-text\">Camila Sodi interpreta a Paulina Murat<\/p><\/div><\/p>\n<p style=\"text-align: justify;\">Es la nueva apuesta de Televisa. Cuenta con las actuaciones protag\u00f3nicas de Camila Sodi y Osvaldo Benavides, quienes dar\u00e1n vida a los personajes de Paulina Murat y Adri\u00e1n Olmedo.<\/p>\n<p style=\"text-align: justify;\">El productor Carlos Moreno dijo sentirse muy orgulloso por elenco que logr\u00f3 conjuntar; as\u00ed como conseguir a una gran figura de la m\u00fasica como Alejandro Sanz para musicalizar la historia.<\/p>\n<p style=\"text-align: justify;\">En A que no me dejas se cuenta la historia de Paulina y Adri\u00e1n, una pareja que ve truncado su amor por viejas rencillas y malos entendidos que sus respectivas familias han ido arrastrando desde el pasado; a pesar de eso luchar\u00e1n incansablemente por lograr su felicidad.<\/p>\n<p style=\"text-align: justify;\">Paulina es hija de Gonzalo Murat, un opulento empresario hotelero que no acepta el noviazgo de su hija con Adri\u00e1n, por considerar que este no tiene el status social de ellos. Por otro lado, Julieta, hermana de Adri\u00e1n, est\u00e1 obsesionada con \u00e9l y culpa a Gonzalo Murat por la muerte de su padre; situaci\u00f3n que le hace sentir un odio por la hija de este, Paulina.<\/p>\n<p style=\"text-align: justify;\">Los m\u00faltiples desencuentros y malos entendidos hacen que Adri\u00e1n y Paulina se separen, sin saber que Paulina est\u00e1 embarazada. Al estar alejada de Adri\u00e1n, Camilo, un ex novio y eterno enamorado de Paulina le ofrece hacerse cargo de ella y darle su apellido a la hija que nace.<\/p>\n<p>El elenco incluye actuaciones estelares de Arturo Peniche, Leticia Calder\u00f3n, Alejandra Barros, Alfredo Adame, Cecilia Gabriela, Socorro Bonilla, Odiseo Bichir, Lisset, Maribe Lancioni, Laura Carmine, Alfonso Dosal, Ernesto D\u00b4alessio, Florencia de Saracho, Salvador Zerboni, entre otros.<\/p>\n<p>La historia es una adaptaci\u00f3n a cargo de Martha Carrillo y Cristina Garc\u00eda. La direcci\u00f3n de escena est\u00e1 a cargo de Lily Garza y Fernando Nesme.<\/p>\n<p>El tema musical lleva el mismo t\u00edtulo: A que no me dejas y fue compuesto y es interpretado por Alejandro Sanz. Inicia el lunes 27 de julio a las 19:15 horas por el Canal de las Estrellas.<\/p>\n<p><div id=\"attachment_35988\" style=\"width: 764px\" class=\"wp-caption aligncenter\"><a href=\"http:\/\/www.tvmasmagazine.com\/wp-content\/uploads\/2015\/07\/calderon.jpg\"><img loading=\"lazy\" decoding=\"async\" aria-describedby=\"caption-attachment-35988\" class=\"aligncenter size-large wp-image-36349\" src=\"http:\/\/www.tvmasmagazine.com\/wp-content\/uploads\/2015\/07\/calderon-1024x736.jpg\" alt=\"calderon\" width=\"754\" height=\"542\" srcset=\"https:\/\/tvmasmagazine.com\/wp-content\/uploads\/2015\/07\/calderon-1024x736.jpg 1024w, https:\/\/tvmasmagazine.com\/wp-content\/uploads\/2015\/07\/calderon-150x108.jpg 150w, https:\/\/tvmasmagazine.com\/wp-content\/uploads\/2015\/07\/calderon-350x252.jpg 350w, https:\/\/tvmasmagazine.com\/wp-content\/uploads\/2015\/07\/calderon-600x431.jpg 600w, https:\/\/tvmasmagazine.com\/wp-content\/uploads\/2015\/07\/calderon.jpg 1400w\" sizes=\"auto, (max-width: 754px) 100vw, 754px\" \/><\/a><p id=\"caption-attachment-35988\" class=\"wp-caption-text\">Leticia Calder\u00f3n interpreta a In\u00e9s Murat<\/p><\/div><\/p>","protected":false},"excerpt":{"rendered":"<p>Es la nueva apuesta de Televisa. Cuenta con las actuaciones protag\u00f3nicas de Camila Sodi y Osvaldo Benavides, quienes dar\u00e1n vida <a class=\"more-link\" href=\"https:\/\/tvmasmagazine.com\/es\/2015\/07\/26\/a-que-no-me-dejas-la-nueva-apuesta-de-televisa-con-musica-de-alejandro-sanz\/\">&#8230;<\/a><\/p>\n","protected":false},"author":1,"featured_media":36350,"comment_status":"closed","ping_status":"closed","sticky":false,"template":"","format":"standard","meta":{"footnotes":""},"categories":[74,18,76,73,13],"tags":[],"class_list":["post-36348","post","type-post","status-publish","format-standard","has-post-thumbnail","hentry","category-estrenos-telenovelas-series","category-latnoamerica","category-regiones","category-telenovelas-series","category-ultimas-noticias"],"_links":{"self":[{"href":"https:\/\/tvmasmagazine.com\/es\/wp-json\/wp\/v2\/posts\/36348","targetHints":{"allow":["GET"]}}],"collection":[{"href":"https:\/\/tvmasmagazine.com\/es\/wp-json\/wp\/v2\/posts"}],"about":[{"href":"https:\/\/tvmasmagazine.com\/es\/wp-json\/wp\/v2\/types\/post"}],"author":[{"embeddable":true,"href":"https:\/\/tvmasmagazine.com\/es\/wp-json\/wp\/v2\/users\/1"}],"replies":[{"embeddable":true,"href":"https:\/\/tvmasmagazine.com\/es\/wp-json\/wp\/v2\/comments?post=36348"}],"version-history":[{"count":1,"href":"https:\/\/tvmasmagazine.com\/es\/wp-json\/wp\/v2\/posts\/36348\/revisions"}],"predecessor-version":[{"id":36351,"href":"https:\/\/tvmasmagazine.com\/es\/wp-json\/wp\/v2\/posts\/36348\/revisions\/36351"}],"wp:featuredmedia":[{"embeddable":true,"href":"https:\/\/tvmasmagazine.com\/es\/wp-json\/wp\/v2\/media\/36350"}],"wp:attachment":[{"href":"https:\/\/tvmasmagazine.com\/es\/wp-json\/wp\/v2\/media?parent=36348"}],"wp:term":[{"taxonomy":"category","embeddable":true,"href":"https:\/\/tvmasmagazine.com\/es\/wp-json\/wp\/v2\/categories?post=36348"},{"taxonomy":"post_tag","embeddable":true,"href":"https:\/\/tvmasmagazine.com\/es\/wp-json\/wp\/v2\/tags?post=36348"}],"curies":[{"name":"wp","href":"https:\/\/api.w.org\/{rel}","templated":true}]}}