{"id":36359,"date":"2015-07-27T07:30:35","date_gmt":"2015-07-27T05:30:35","guid":{"rendered":"http:\/\/www.tvmasmagazine.com\/?p=36359"},"modified":"2015-07-27T07:30:35","modified_gmt":"2015-07-27T05:30:35","slug":"la-pirateria-es-un-negocio-serio-con-ribetes-inimaginables","status":"publish","type":"post","link":"https:\/\/tvmasmagazine.com\/es\/2015\/07\/27\/la-pirateria-es-un-negocio-serio-con-ribetes-inimaginables\/","title":{"rendered":"La pirater\u00eda \u201ces un negocio serio con ribetes inimaginables\u201d"},"content":{"rendered":"<p><div id=\"attachment_35988\" style=\"width: 810px\" class=\"wp-caption aligncenter\"><a href=\"http:\/\/www.tvmasmagazine.com\/wp-content\/uploads\/2015\/07\/luis-endara.jpg\"><img loading=\"lazy\" decoding=\"async\" aria-describedby=\"caption-attachment-35988\" class=\"aligncenter size-full wp-image-36360\" src=\"http:\/\/www.tvmasmagazine.com\/wp-content\/uploads\/2015\/07\/luis-endara.jpg\" alt=\"luis-endara\" width=\"800\" height=\"582\" srcset=\"https:\/\/tvmasmagazine.com\/wp-content\/uploads\/2015\/07\/luis-endara.jpg 800w, https:\/\/tvmasmagazine.com\/wp-content\/uploads\/2015\/07\/luis-endara-150x109.jpg 150w, https:\/\/tvmasmagazine.com\/wp-content\/uploads\/2015\/07\/luis-endara-350x255.jpg 350w, https:\/\/tvmasmagazine.com\/wp-content\/uploads\/2015\/07\/luis-endara-600x437.jpg 600w\" sizes=\"auto, (max-width: 800px) 100vw, 800px\" \/><\/a><p id=\"caption-attachment-35988\" class=\"wp-caption-text\">Luis Endara III durante el II Foro en TEPAL en Panama<\/p><\/div><\/p>\n<p style=\"text-align: justify;\">El II Foro Internacional sobre Propiedad Intelectual y Pirater\u00eda realizado por el Cap\u00edtulo Panam\u00e1 de CERTAL dentro de la Expo TEPAL 2015 y con el auspicio de la \u2018Uni\u00f3n contra la Pirater\u00eda\u2019, abri\u00f3 la ma\u00f1ana del pasado jueves, recibiendo a la Embajadora de Uruguay en Panam\u00e1, Ana Mar\u00eda Bombau, quien visit\u00f3 el evento de \u202aCERTAL y fue recibida por Pablo Scotellaro, Luis C. Endara III y Mario Bossolasco, integrantes del Directorio de CERTAL.<\/p>\n<p style=\"text-align: justify;\">Los conferencistas expusieron sus experiencias y terminaron formando una informal mesa redonda entre los participantes generando una sinergia m\u00e1s que exitosa entre todas las asociaciones, organizaciones gubernamentales, directivos y p\u00fablico presentes.<\/p>\n<p style=\"text-align: justify;\">La apertura estuvo a cargo del Presidente del Cap\u00edtulo Panam\u00e1, Luis C. Endara III, quien dijo que \u201cesperemos que esta jornada de CERTAL nos permita debatir los temas que verdaderamente ata\u00f1en al quehacer de la propiedad intelectual y la pirater\u00eda y nos d\u00e9 el pie para organizar una excelente 6\u00b0 Cumbre de CERTAL en el mes de diciembre\u201d, se\u00f1al\u00f3 Endara.<\/p>\n<p style=\"text-align: justify;\">Luego intervino el Lic. Ricaute, Fiscal Superior de Delitos contra la Propiedad Intelectual, quien asegur\u00f3 que \u00abuno de los delitos qu\u00e9 est\u00e1 relacionado con la Fiscal\u00eda es el de la propiedad intelectual\u00bb.<\/p>\n<p style=\"text-align: justify;\">Luego fue el turno de la Directora de Propiedad Intelectual y Seguridad Inform\u00e1tica de Aduanas de Panam\u00e1, Lic. Crisanta Quintero, la que expres\u00f3 \u00absomos un ente de seguridad y protecci\u00f3n de la propiedad intelectual, pero ante todo debemos facilitar el comercio\u00bb.<\/p>\n<p style=\"text-align: justify;\">Virginia de Abajo-M\u00e1rquez, Asesora Regional Anticorrupci\u00f3n de las Naciones Unidas, fue un poco m\u00e1s dura en sus conceptos y expres\u00f3 que \u00abhay abogados que se dedican a defender las marcas, pero las instituciones necesitamos ver como prosigue ese delito, porque por detr\u00e1s, la maquinaria de la pirater\u00eda sigue funcionando\u00bb.<\/p>\n<p style=\"text-align: justify;\">La segunda mesa denominada \u201cLa Pirater\u00eda en Marcas y Productos Comerciales\u201d fue abierta por Ernesto Nicolau, Experto y Profesor de Propiedad Intelectual, el que dijo que \u00abpara las empresas los bienes intangibles -como el capital y propiedad intelectual- son de los m\u00e1s valiosos que pueden tener y tenemos que defenderlos\u00bb. Luego fue el turno del Mayor Arnulfo Fr\u00edas, de la Divisi\u00f3n de Propiedad Intelectual de la Polic\u00eda de Panam\u00e1, el que indic\u00f3 que \u00abel crimen organizado es una amenaza para la propiedad intelectual y es necesario que investiguemos de forma adecuada esos procesos\u00bb, ya que la pirater\u00eda \u00abes un negocio serio que tiene ribetes inimaginables\u00bb.<\/p>\n<p style=\"text-align: justify;\">En la tarde, se destac\u00f3 la presencia del Presidente de \u202a\u200eCERTAL Argentina y Jefe de Asuntos Legales y Clandestinidad de Cablevisi\u00f3n, Sergio Piris, quien marc\u00f3 que para enfrentar la pirater\u00eda \u00abhay que trabajar en formas conjunta las empresas, asociaciones en jornadas y aumentar la capacitaci\u00f3n a funcionarios judiciales, legisladores y miembros de las fuerzas de seguridad\u00bb, mientras que Marcelina de Lee, ejecutiva de Cable Onda Panam\u00e1, mostr\u00f3 cifras de su lucha contra la pirater\u00eda. \u00abCon acciones junto a autoridades, campa\u00f1as de concientizaci\u00f3n interna y externa y la digitalizaci\u00f3n, logramos bajar la tasa de pirater\u00eda de un 32% en el a\u00f1o 2000 a un 2% al d\u00eda de hoy\u00bb, afirm\u00f3. En su intervenci\u00f3n, la Virginia Servent, Directora Anti-pirater\u00eda de FOX, dijo que \u00abla pirater\u00eda que m\u00e1s nos aqueja en Centroam\u00e9rica son los DTH ilegales\u00bb.<\/p>\n<p style=\"text-align: justify;\">El Foro culmin\u00f3 con una informal mesa redonda integrada por la Lic. Norma Ay\u00fa Prado, de la Sociedad Paname\u00f1a de Productores Fonogr\u00e1ficos, el Lic. Eduardo Ben\u00edtez Isturain, integrante de la Sociedad de Editores y Autores de Panam\u00e1 y el Lic. Christian Garc\u00eda, de la Sociedad Paname\u00f1a de Autores y Compositores (SPAC).<\/p>\n<p><div id=\"attachment_35988\" style=\"width: 810px\" class=\"wp-caption aligncenter\"><a href=\"http:\/\/www.tvmasmagazine.com\/wp-content\/uploads\/2015\/07\/humberto-garcia.jpg\"><img loading=\"lazy\" decoding=\"async\" aria-describedby=\"caption-attachment-35988\" class=\"aligncenter size-full wp-image-36361\" src=\"http:\/\/www.tvmasmagazine.com\/wp-content\/uploads\/2015\/07\/humberto-garcia.jpg\" alt=\"humberto-garcia\" width=\"513\" height=\"768\" srcset=\"https:\/\/tvmasmagazine.com\/wp-content\/uploads\/2015\/07\/humberto-garcia.jpg 513w, https:\/\/tvmasmagazine.com\/wp-content\/uploads\/2015\/07\/humberto-garcia-100x150.jpg 100w, https:\/\/tvmasmagazine.com\/wp-content\/uploads\/2015\/07\/humberto-garcia-234x350.jpg 234w\" sizes=\"auto, (max-width: 513px) 100vw, 513px\" \/><\/a><p id=\"caption-attachment-35988\" class=\"wp-caption-text\">Humberto Garcia, secretario de TEPAL<\/p><\/div><\/p>","protected":false},"excerpt":{"rendered":"<p>El II Foro Internacional sobre Propiedad Intelectual y Pirater\u00eda realizado por el Cap\u00edtulo Panam\u00e1 de CERTAL dentro de la Expo <a class=\"more-link\" href=\"https:\/\/tvmasmagazine.com\/es\/2015\/07\/27\/la-pirateria-es-un-negocio-serio-con-ribetes-inimaginables\/\">&#8230;<\/a><\/p>\n","protected":false},"author":1,"featured_media":36360,"comment_status":"closed","ping_status":"closed","sticky":false,"template":"","format":"standard","meta":{"footnotes":""},"categories":[17,47,13],"tags":[],"class_list":["post-36359","post","type-post","status-publish","format-standard","has-post-thumbnail","hentry","category-television","category-tv-de-pagp","category-ultimas-noticias"],"_links":{"self":[{"href":"https:\/\/tvmasmagazine.com\/es\/wp-json\/wp\/v2\/posts\/36359","targetHints":{"allow":["GET"]}}],"collection":[{"href":"https:\/\/tvmasmagazine.com\/es\/wp-json\/wp\/v2\/posts"}],"about":[{"href":"https:\/\/tvmasmagazine.com\/es\/wp-json\/wp\/v2\/types\/post"}],"author":[{"embeddable":true,"href":"https:\/\/tvmasmagazine.com\/es\/wp-json\/wp\/v2\/users\/1"}],"replies":[{"embeddable":true,"href":"https:\/\/tvmasmagazine.com\/es\/wp-json\/wp\/v2\/comments?post=36359"}],"version-history":[{"count":1,"href":"https:\/\/tvmasmagazine.com\/es\/wp-json\/wp\/v2\/posts\/36359\/revisions"}],"predecessor-version":[{"id":36362,"href":"https:\/\/tvmasmagazine.com\/es\/wp-json\/wp\/v2\/posts\/36359\/revisions\/36362"}],"wp:featuredmedia":[{"embeddable":true,"href":"https:\/\/tvmasmagazine.com\/es\/wp-json\/wp\/v2\/media\/36360"}],"wp:attachment":[{"href":"https:\/\/tvmasmagazine.com\/es\/wp-json\/wp\/v2\/media?parent=36359"}],"wp:term":[{"taxonomy":"category","embeddable":true,"href":"https:\/\/tvmasmagazine.com\/es\/wp-json\/wp\/v2\/categories?post=36359"},{"taxonomy":"post_tag","embeddable":true,"href":"https:\/\/tvmasmagazine.com\/es\/wp-json\/wp\/v2\/tags?post=36359"}],"curies":[{"name":"wp","href":"https:\/\/api.w.org\/{rel}","templated":true}]}}