{"id":36363,"date":"2015-07-28T09:50:34","date_gmt":"2015-07-28T07:50:34","guid":{"rendered":"http:\/\/www.tvmasmagazine.com\/?p=36363"},"modified":"2015-07-28T09:50:34","modified_gmt":"2015-07-28T07:50:34","slug":"comedy-central-estrena-talk-show-de-humor","status":"publish","type":"post","link":"https:\/\/tvmasmagazine.com\/es\/2015\/07\/28\/comedy-central-estrena-talk-show-de-humor\/","title":{"rendered":"COMEDY CENTRAL ESTRENA TALK SHOW DE HUMOR"},"content":{"rendered":"<p><div id=\"attachment_35988\" style=\"width: 522px\" class=\"wp-caption aligncenter\"><a href=\"http:\/\/www.tvmasmagazine.com\/wp-content\/uploads\/2015\/07\/colon.jpg\"><img loading=\"lazy\" decoding=\"async\" aria-describedby=\"caption-attachment-35988\" class=\"aligncenter size-full wp-image-36364\" src=\"http:\/\/www.tvmasmagazine.com\/wp-content\/uploads\/2015\/07\/colon.jpg\" alt=\"colon\" width=\"863\" height=\"360\" srcset=\"https:\/\/tvmasmagazine.com\/wp-content\/uploads\/2015\/07\/colon.jpg 863w, https:\/\/tvmasmagazine.com\/wp-content\/uploads\/2015\/07\/colon-150x63.jpg 150w, https:\/\/tvmasmagazine.com\/wp-content\/uploads\/2015\/07\/colon-350x146.jpg 350w, https:\/\/tvmasmagazine.com\/wp-content\/uploads\/2015\/07\/colon-600x250.jpg 600w\" sizes=\"auto, (max-width: 863px) 100vw, 863px\" \/><\/a><p id=\"caption-attachment-35988\" class=\"wp-caption-text\">La culpa es de Colon<\/p><\/div><\/p>\n<p style=\"text-align: justify;\"><strong><em>Comedy Central Latinoam\u00e9rica<\/em><\/strong> <em>ofrece un amplio cat\u00e1logo de contenido que incluye programaci\u00f3n de Comedy Central de Estados Unidos, adquisiciones, programaci\u00f3n original, stand-up, producci\u00f3n local, sketches, animaci\u00f3n, series y pel\u00edculas.<\/em><\/p>\n<p style=\"text-align: justify;\">Y el s\u00e1bado 25 estren\u00f3 a la media noche<em>\u00a0 La culpa es de Colon<\/em>, \u00a0con Fernando Sanjiao (Argentina), Bobby Comedia (de Venezuela), Roberto Flores (de M\u00e9xico), Fabricio Copano (de Chile) y Ricardo Quevedo (de Colombia) se alternar\u00e1n cada semana en la conducci\u00f3n del show, realizando un breve mon\u00f3logo de apertura, cada uno con su particular estilo. Luego se encontrar\u00e1n con el resto del panel para comenzar a sucederse diversas secciones en las que, con disparadores que pueden ser temas cotidianos, celebridades o situaciones ins\u00f3litas, se pondr\u00e1n en marcha rondas de comentarios y debates (que esperamos sean) desopilantes. El show contar\u00e1 con ocho segmentos (que esperamos sean) chistosos incluyendo Notici\u00f3n, Roast Country, Picture &amp; Picture e Impro Colon, entre otros.<\/p>\n<p style=\"text-align: justify;\"><em>La Culpa es de Col\u00f3n<\/em>, donde cinco de los referentes del stand-up m\u00e1s destacados de Latinoam\u00e9rica\u00a0 se re\u00fanen cada semana para compartir una mirada cr\u00edtica, \u00e1cida y c\u00f3mica sobre las costumbres, la pol\u00edtica y las relaciones humanas de la regi\u00f3n y el mundo (y para robarse chistes mutuamente tambi\u00e9n, todo hay que decirlo).<\/p>\n<p><\/p>","protected":false},"excerpt":{"rendered":"<p>Comedy Central Latinoam\u00e9rica ofrece un amplio cat\u00e1logo de contenido que incluye programaci\u00f3n de Comedy Central de Estados Unidos, adquisiciones, programaci\u00f3n <a class=\"more-link\" href=\"https:\/\/tvmasmagazine.com\/es\/2015\/07\/28\/comedy-central-estrena-talk-show-de-humor\/\">&#8230;<\/a><\/p>\n","protected":false},"author":1,"featured_media":36364,"comment_status":"closed","ping_status":"closed","sticky":false,"template":"","format":"standard","meta":{"footnotes":""},"categories":[17,47,13],"tags":[],"class_list":["post-36363","post","type-post","status-publish","format-standard","has-post-thumbnail","hentry","category-television","category-tv-de-pagp","category-ultimas-noticias"],"_links":{"self":[{"href":"https:\/\/tvmasmagazine.com\/es\/wp-json\/wp\/v2\/posts\/36363","targetHints":{"allow":["GET"]}}],"collection":[{"href":"https:\/\/tvmasmagazine.com\/es\/wp-json\/wp\/v2\/posts"}],"about":[{"href":"https:\/\/tvmasmagazine.com\/es\/wp-json\/wp\/v2\/types\/post"}],"author":[{"embeddable":true,"href":"https:\/\/tvmasmagazine.com\/es\/wp-json\/wp\/v2\/users\/1"}],"replies":[{"embeddable":true,"href":"https:\/\/tvmasmagazine.com\/es\/wp-json\/wp\/v2\/comments?post=36363"}],"version-history":[{"count":1,"href":"https:\/\/tvmasmagazine.com\/es\/wp-json\/wp\/v2\/posts\/36363\/revisions"}],"predecessor-version":[{"id":36365,"href":"https:\/\/tvmasmagazine.com\/es\/wp-json\/wp\/v2\/posts\/36363\/revisions\/36365"}],"wp:featuredmedia":[{"embeddable":true,"href":"https:\/\/tvmasmagazine.com\/es\/wp-json\/wp\/v2\/media\/36364"}],"wp:attachment":[{"href":"https:\/\/tvmasmagazine.com\/es\/wp-json\/wp\/v2\/media?parent=36363"}],"wp:term":[{"taxonomy":"category","embeddable":true,"href":"https:\/\/tvmasmagazine.com\/es\/wp-json\/wp\/v2\/categories?post=36363"},{"taxonomy":"post_tag","embeddable":true,"href":"https:\/\/tvmasmagazine.com\/es\/wp-json\/wp\/v2\/tags?post=36363"}],"curies":[{"name":"wp","href":"https:\/\/api.w.org\/{rel}","templated":true}]}}