{"id":36637,"date":"2015-09-06T16:06:54","date_gmt":"2015-09-06T23:06:54","guid":{"rendered":"http:\/\/www.tvmasmagazine.com\/?p=36637"},"modified":"2015-09-06T16:07:22","modified_gmt":"2015-09-06T23:07:22","slug":"br-day-new-york-31a-edicion-de-la-fiesta-verde-y-amarilla","status":"publish","type":"post","link":"https:\/\/tvmasmagazine.com\/es\/2015\/09\/06\/br-day-new-york-31a-edicion-de-la-fiesta-verde-y-amarilla\/","title":{"rendered":"BR Day New York.  31a edici\u00f3n de la fiesta verde y amarilla"},"content":{"rendered":"<p><div id=\"attachment_35988\" style=\"width: 610px\" class=\"wp-caption aligncenter\"><a href=\"http:\/\/www.tvmasmagazine.com\/wp-content\/uploads\/2015\/09\/Coletiva-de-imprensa-BR-Day-NY-2015-1.jpg\"><img loading=\"lazy\" decoding=\"async\" aria-describedby=\"caption-attachment-35988\" class=\"aligncenter size-full wp-image-36638\" src=\"http:\/\/www.tvmasmagazine.com\/wp-content\/uploads\/2015\/09\/Coletiva-de-imprensa-BR-Day-NY-2015-1.jpg\" alt=\"Coletiva de imprensa BR Day NY 2015 - 1\" width=\"600\" height=\"353\" srcset=\"https:\/\/tvmasmagazine.com\/wp-content\/uploads\/2015\/09\/Coletiva-de-imprensa-BR-Day-NY-2015-1.jpg 600w, https:\/\/tvmasmagazine.com\/wp-content\/uploads\/2015\/09\/Coletiva-de-imprensa-BR-Day-NY-2015-1-150x88.jpg 150w, https:\/\/tvmasmagazine.com\/wp-content\/uploads\/2015\/09\/Coletiva-de-imprensa-BR-Day-NY-2015-1-350x206.jpg 350w\" sizes=\"auto, (max-width: 600px) 100vw, 600px\" \/><\/a><p id=\"caption-attachment-35988\" class=\"wp-caption-text\">Todo el grupo reunido<\/p><\/div><\/p>\n<p style=\"text-align: justify;\">Durante la tarde de este s\u00e1bado 5 (ayer), Globo se reuni\u00f3 con la prensa en el hotel Andaz, en Manhattan, para presentar las atracciones del BR Day New York 2015. El actor Bruno Gagliasso, quien comanda el espect\u00e1culo este a\u00f1o, los cantantes Paula Fernandes y F\u00e1bio Jr, los vocalistas de Olodum, S\u00e1tyra Carvalho y Mateus Vidal, y el m\u00fasico Pretinho da Serrinha hablaron sobre las expectativas para la 31a edici\u00f3n de la fiesta verde y amarilla, que tendr\u00e1 lugar ma\u00f1ana, d\u00eda 6, en la Sexta Avenida. Al evento tambi\u00e9n asistieron el director de Proyectos Especiales de Globo,\u00a0 Andr\u00e9 Dias, y el fundador del evento, Jo\u00e3o de Matos.<\/p>\n<p style=\"text-align: justify;\">Andr\u00e9 inici\u00f3 la reuni\u00f3n, agradeciendo la presencia de los artistas y de la prensa, y recordando la gran fiesta del a\u00f1o pasado, cuando el evento gan\u00f3 una nueva marca, as\u00ed como una nueva identidad visual. \u201cEl BR Day es una celebraci\u00f3n que ocurre gracias a la movilizaci\u00f3n y los esfuerzos de un gran equipo. El a\u00f1o pasado, una fuerte lluvia comenz\u00f3 a la mitad de la fiesta y fue muy emocionante ver que, incluso bajo el agua, el p\u00fablico no se desanim\u00f3, haciendo la fiesta a\u00fan m\u00e1s hermosa. Estoy seguro de que el show de ma\u00f1ana promete otra edici\u00f3n de \u00e9xito, con la participaci\u00f3n de estos cuatro grandes representantes de la m\u00fasica brasile\u00f1a\u00bb, coment\u00f3. El director tambi\u00e9n explic\u00f3 que, para esta edici\u00f3n, la idea es celebrar los 30 a\u00f1os de Ax\u00e9, ritmo de Bahia, garantizada por la presencia de dos espect\u00e1culos bahianos muy exitosos, sin dejar de lado el romanticismo del &#8216;sertanejo&#8217;y de los cl\u00e1sicos que ya forman parte de la memoria afectiva brasile\u00f1a.<\/p>\n<p style=\"text-align: justify;\">A continuaci\u00f3n, un video sobre el BR Day New York mostr\u00f3 lo que se realizar\u00e1 en la fiesta de este a\u00f1o, con detalles de toda la producci\u00f3n necesaria para un evento de tal magnitud. Las im\u00e1genes crearon a\u00fan m\u00e1s expectativas acerca del show del d\u00eda siguiente entre los asistentes, especialmente de su presentador. \u201cEstoy muy feliz en representar a Globo. Esta\u00a0es una grande responsabilidad, porque estamos presentando\u00a0el evento para un p\u00fablico que\u00a0echa de menos\u00a0a su\u00a0casa\u201d, coment\u00f3 Bruno Gagliasso sobre sus expectativas de presentar la fiesta por primera vez. Animada, Paula Fernandes dijo que no faltar\u00e1n sus mayores \u00e9xitos en su repertorio. \u201cEs un\u00a0privil\u00e9gio hacer parte de este\u00a0equipo de estrellas\u201d, celebr\u00f3. \u201cYo espero que\u00a0el p\u00fablico se\u00a0recuerde de mis\u00a0canciones pues solo tendremos cl\u00e1ssicos\u00a0en mi\u00a0repertorio\u00bb, brome\u00f3 F\u00e1bio Jr., que tambi\u00e9n llevar\u00e1 a la Sexta Avenida los cl\u00e1sicos de su carrera para que los brasile\u00f1os que residen fuera de Brasil puedan recordar su tierra natal y los buenos momentos que vivieron all\u00e1.<\/p>\n<p style=\"text-align: justify;\">Celebrando 30 a\u00f1os del Ax\u00e9, que consagr\u00f3 la m\u00fasica de Bahia en todo el mundo, Olodum promete dejar en alto el nombre del ritmo brasilero. \u201cEscojemos con mucho cari\u00f1o\u00a0el repertorio de Olodum con cl\u00e1ssicos de la\u00a0banda para\u00a0el p\u00fablico que vive aqui\u00a0y acompa\u00f1a nuestro trabajo desde hace\u00a0mucho tiempo,\u00bb dijo Mateus Vidal, cantante de Olodum.\u00a0\u00a0\u201cEsta\u00a0es la primera vez de Olodum\u00a0en BR Day. Estamos muy felices\u201d, celebr\u00f3 S\u00e1tyra Carvalho, tambi\u00e9n vocalista de la banda. A ellos, se junta en el concierto el cantante de Bahia Durval Lelys, que leva ma\u00f1ana a Nueva York. Pretinho da Serrinha, responsable por la banda de m\u00fasica del concierto, tambi\u00e9n demostr\u00f3 murcho animo.\u00a0Pretinho da Serrinha, respons\u00e1vel pela banda do show, tamb\u00e9m mostrou o seu entusiasmo:\u201cHicimos un ensayo\u00a0ayer con Paula y F\u00e1bio\u00a0y tuvimos una gran sinton\u00eda\u201d.<\/p>\n<p style=\"text-align: justify;\">El evento, que comenzar\u00e1 hoy domingo partir de 13h, contar\u00e1 con la presencia del DJ B\u00f3ris para encender la fiesta. Desde las 14h, Bruno Gagliasso toma el mando, dando inicio a los espect\u00e1culos que siguen hasta las 18h. A lo largo de la Avenida, se instalar\u00e1n pantallas de plasma para que el p\u00fablico no se pierda ning\u00fan detalle del escenario. Tambi\u00e9n se proyectar\u00e1n videos del canal internacional de Globo, mensajes especiales e im\u00e1genes del evento en vivo para todos los asistentes. El BR Day NY, producido por Globo, promete sacudir al p\u00fablico con un gran espect\u00e1culo que celebra nuevamente el esp\u00edritu verde y amarillo, el famoso \u201cGreenYellow Mood\u201d.<\/p>\n<p><div id=\"attachment_35988\" style=\"width: 610px\" class=\"wp-caption aligncenter\"><a href=\"http:\/\/www.tvmasmagazine.com\/wp-content\/uploads\/2015\/09\/Coletiva-de-imprensa-BR-Day-NY-2015-2.jpg\"><img loading=\"lazy\" decoding=\"async\" aria-describedby=\"caption-attachment-35988\" class=\"aligncenter size-full wp-image-36639\" src=\"http:\/\/www.tvmasmagazine.com\/wp-content\/uploads\/2015\/09\/Coletiva-de-imprensa-BR-Day-NY-2015-2.jpg\" alt=\"Coletiva de imprensa BR Day NY 2015 - 2\" width=\"600\" height=\"398\" srcset=\"https:\/\/tvmasmagazine.com\/wp-content\/uploads\/2015\/09\/Coletiva-de-imprensa-BR-Day-NY-2015-2.jpg 600w, https:\/\/tvmasmagazine.com\/wp-content\/uploads\/2015\/09\/Coletiva-de-imprensa-BR-Day-NY-2015-2-150x100.jpg 150w, https:\/\/tvmasmagazine.com\/wp-content\/uploads\/2015\/09\/Coletiva-de-imprensa-BR-Day-NY-2015-2-350x232.jpg 350w\" sizes=\"auto, (max-width: 600px) 100vw, 600px\" \/><\/a><p id=\"caption-attachment-35988\" class=\"wp-caption-text\">Andr\u00e9 Dias, diretor ode Proyectos Especiales de Globo;  Jo\u00e3o de Matos, el fundador del evento; la cantante Paula Fernandes; los cantantes de Olodum Mateus Vidal y S\u00e1tyra Carvalho; el actor Bruno Gagliasso; el cantante F\u00e1bio Jr.; y el m\u00fasico Pretinho da Serrinha<\/p><\/div><\/p>","protected":false},"excerpt":{"rendered":"<p>Durante la tarde de este s\u00e1bado 5 (ayer), Globo se reuni\u00f3 con la prensa en el hotel Andaz, en Manhattan, <a class=\"more-link\" href=\"https:\/\/tvmasmagazine.com\/es\/2015\/09\/06\/br-day-new-york-31a-edicion-de-la-fiesta-verde-y-amarilla\/\">&#8230;<\/a><\/p>\n","protected":false},"author":1,"featured_media":36639,"comment_status":"closed","ping_status":"closed","sticky":false,"template":"","format":"standard","meta":{"footnotes":""},"categories":[32,11,13],"tags":[],"class_list":["post-36637","post","type-post","status-publish","format-standard","has-post-thumbnail","hentry","category-festival","category-negocios","category-ultimas-noticias"],"_links":{"self":[{"href":"https:\/\/tvmasmagazine.com\/es\/wp-json\/wp\/v2\/posts\/36637","targetHints":{"allow":["GET"]}}],"collection":[{"href":"https:\/\/tvmasmagazine.com\/es\/wp-json\/wp\/v2\/posts"}],"about":[{"href":"https:\/\/tvmasmagazine.com\/es\/wp-json\/wp\/v2\/types\/post"}],"author":[{"embeddable":true,"href":"https:\/\/tvmasmagazine.com\/es\/wp-json\/wp\/v2\/users\/1"}],"replies":[{"embeddable":true,"href":"https:\/\/tvmasmagazine.com\/es\/wp-json\/wp\/v2\/comments?post=36637"}],"version-history":[{"count":1,"href":"https:\/\/tvmasmagazine.com\/es\/wp-json\/wp\/v2\/posts\/36637\/revisions"}],"predecessor-version":[{"id":36640,"href":"https:\/\/tvmasmagazine.com\/es\/wp-json\/wp\/v2\/posts\/36637\/revisions\/36640"}],"wp:featuredmedia":[{"embeddable":true,"href":"https:\/\/tvmasmagazine.com\/es\/wp-json\/wp\/v2\/media\/36639"}],"wp:attachment":[{"href":"https:\/\/tvmasmagazine.com\/es\/wp-json\/wp\/v2\/media?parent=36637"}],"wp:term":[{"taxonomy":"category","embeddable":true,"href":"https:\/\/tvmasmagazine.com\/es\/wp-json\/wp\/v2\/categories?post=36637"},{"taxonomy":"post_tag","embeddable":true,"href":"https:\/\/tvmasmagazine.com\/es\/wp-json\/wp\/v2\/tags?post=36637"}],"curies":[{"name":"wp","href":"https:\/\/api.w.org\/{rel}","templated":true}]}}