{"id":36993,"date":"2015-11-15T17:28:51","date_gmt":"2015-11-16T01:28:51","guid":{"rendered":"http:\/\/www.tvmasmagazine.com\/?p=36993"},"modified":"2015-11-16T17:44:02","modified_gmt":"2015-11-17T01:44:02","slug":"se-realizo-en-mexico-el-primer-congreso-de-medios-por-la-igualdad-de-genero","status":"publish","type":"post","link":"https:\/\/tvmasmagazine.com\/es\/2015\/11\/15\/se-realizo-en-mexico-el-primer-congreso-de-medios-por-la-igualdad-de-genero\/","title":{"rendered":"Se realiz\u00f3 en M\u00e9xico el primer congreso de medios por la Igualdad de g\u00e9nero"},"content":{"rendered":"<p><div id=\"attachment_35988\" style=\"width: 998px\" class=\"wp-caption aligncenter\"><a href=\"http:\/\/www.tvmasmagazine.com\/wp-content\/uploads\/2015\/11\/francesca.jpg\"><img loading=\"lazy\" decoding=\"async\" aria-describedby=\"caption-attachment-35988\" class=\"aligncenter size-full wp-image-36994\" src=\"http:\/\/www.tvmasmagazine.com\/wp-content\/uploads\/2015\/11\/francesca.jpg\" alt=\"francesca\" width=\"988\" height=\"790\" srcset=\"https:\/\/tvmasmagazine.com\/wp-content\/uploads\/2015\/11\/francesca.jpg 988w, https:\/\/tvmasmagazine.com\/wp-content\/uploads\/2015\/11\/francesca-150x120.jpg 150w, https:\/\/tvmasmagazine.com\/wp-content\/uploads\/2015\/11\/francesca-350x280.jpg 350w\" sizes=\"auto, (max-width: 988px) 100vw, 988px\" \/><\/a><p id=\"caption-attachment-35988\" class=\"wp-caption-text\">Francesca Salinas<\/p><\/div><\/p>\n<p style=\"text-align: justify;\"><em>The Women&#8217;s Project<\/em>, (<em>TWP<\/em>) fue establecido en noviembre de 2014 por la productora y empresaria de TV Elisa Salinas, CEO de Azteca Novelas y CEO de <em>The Women\u2019s Project, (TWP)<\/em>, y su hija Francesca Salinas presidenta de la fundaci\u00f3n.<\/p>\n<p>Se trata de una fundaci\u00f3n mexicana cuya misi\u00f3n es empoderar a mujeres, ni\u00f1as, ni\u00f1os y adolescentes para que sean agentes de cambio en el proceso de construcci\u00f3n de una sociedad m\u00e1s igualitaria y justa. El evento se realiz\u00f3 los d\u00edas 28, 29, 30 y 31 de octubre en la preciosa Riviera Maya en el Hotel Hard Rock y TVMAS aprovech\u00f3 esta oportunidad para entrevistar a Francesca Salinas, presidente de la fundaci\u00f3n.<\/p>\n<p style=\"text-align: justify;\"><strong><em>Con base en esta premisa, \u00bfqu\u00e9 actividades tienen programadas para que este ideal se materialice?. <\/em><\/strong><\/p>\n<p style=\"text-align: justify;\">TWP es una Fundaci\u00f3n relativamente nueva, sin embargo nuestros programas han tenido una excelente aceptaci\u00f3n, tal es el caso de: <em>Sport Is Your Gang M\u00e9xico, El Congreso Media For Gender Equality<\/em>-Los medios por la igualdad de g\u00e9nero, que realizamos, as\u00ed como a lo largo de todo el mes de noviembre continuaremos participando en la <em>carrera Azteca<\/em>, que promueve TV Azteca, y por \u00faltimo, <em>Tanishka<\/em> que se lanzar\u00e1 oficialmente el pr\u00f3ximo a\u00f1o.<\/p>\n<p><strong><em>Qu\u00e9 tipo de actividades realiza la fundaci\u00f3n y este proyecto es \u00fanicamente para M\u00e9xico? o \u00bfse extiende a otros pa\u00edses?<\/em><\/strong><\/p>\n<p>Con <em>Tanishka<\/em> estamos en conversaciones con interesados en Tailandia y Jap\u00f3n, para despu\u00e9s de su lanzamiento en M\u00e9xico, poder replicar en Tailandia y Jap\u00f3n, <em>Tanishka<\/em>. Y con <em>Sport Is Your Gang M\u00e9xico<\/em>, pretendemos llegar a la comunidad latina en Estados Unidos.<\/p>\n<p><strong><em>\u00bfC\u00f3mo se financia la fundaci\u00f3n y cu\u00e1les son las empresas que participan? <\/em><\/strong><\/p>\n<p>A trav\u00e9s de donativos provenientes de todo tipo de empresas, por ahora, la m\u00e1s activa es Grupo Salinas.<\/p>\n<p style=\"text-align: justify;\"><strong><em>\u00bfQu\u00e9 resultados esperan despu\u00e9s de realizado este primer congreso? <\/em><\/strong><\/p>\n<p style=\"text-align: justify;\">Queremos acercar el tema de g\u00e9nero a todos los involucrados en la creaci\u00f3n, promoci\u00f3n y difusi\u00f3n de contenidos en los medios; Esperamos que todas ellas y ellos partan del conocimiento real y con cifras de lo que es la igualdad de g\u00e9nero, y sepan que es un tema del que es necesario hablar y que no va a desaparecer. Es parte del plan nacional de desarrollo. Una vez hemos tra\u00eddo el tema a la mesa e involucrar a los medios, como herramienta poderosa que son, podemos empezar a hacer cambios peque\u00f1os que impulsen, d\u00eda a d\u00eda, la igualdad de g\u00e9nero.<\/p>\n<p style=\"text-align: justify;\">Participaron representantes de empresas como Telemundo, Google, Globo, Youtube y Azteca, as\u00ed como los centros de investigaci\u00f3n m\u00e1s importantes en Medios y G\u00e9nero, como la UNAM, El Geena Davis Institute on Gender in Media de los Estados Unidos y ONU Mujeres Am\u00e9ricas y el Caribe.<\/p>\n<p style=\"text-align: justify;\">Por ultimo Francesca Salinas agradeci\u00f3 a <strong>TV<\/strong><span style=\"color: #ff0000;\">MAS<\/span>, \u201cEste emprendimiento y los programas de TWP necesitan de la difusi\u00f3n de medios de comunicaci\u00f3n importantes como<strong> TV<\/strong><span style=\"color: #ff0000;\">MAS<\/span> y esperamos mantener al tanto de nuestras actividades a los medios\u201d.<\/p>\n<p style=\"text-align: justify;\"><a href=\"http:\/\/www.mediaxgendereq.org\/\">www.mediaxgendereq.org<\/a><\/p>\n<p><\/p>","protected":false},"excerpt":{"rendered":"<p>The Women&#8217;s Project, (TWP) fue establecido en noviembre de 2014 por la productora y empresaria de TV Elisa Salinas, CEO <a class=\"more-link\" href=\"https:\/\/tvmasmagazine.com\/es\/2015\/11\/15\/se-realizo-en-mexico-el-primer-congreso-de-medios-por-la-igualdad-de-genero\/\">&#8230;<\/a><\/p>\n","protected":false},"author":1,"featured_media":36994,"comment_status":"closed","ping_status":"closed","sticky":false,"template":"","format":"standard","meta":{"footnotes":""},"categories":[49,32,84,11,17,79,13],"tags":[],"class_list":["post-36993","post","type-post","status-publish","format-standard","has-post-thumbnail","hentry","category-entrevistas","category-festival","category-innovadores","category-negocios","category-television","category-tv-abierta","category-ultimas-noticias"],"_links":{"self":[{"href":"https:\/\/tvmasmagazine.com\/es\/wp-json\/wp\/v2\/posts\/36993","targetHints":{"allow":["GET"]}}],"collection":[{"href":"https:\/\/tvmasmagazine.com\/es\/wp-json\/wp\/v2\/posts"}],"about":[{"href":"https:\/\/tvmasmagazine.com\/es\/wp-json\/wp\/v2\/types\/post"}],"author":[{"embeddable":true,"href":"https:\/\/tvmasmagazine.com\/es\/wp-json\/wp\/v2\/users\/1"}],"replies":[{"embeddable":true,"href":"https:\/\/tvmasmagazine.com\/es\/wp-json\/wp\/v2\/comments?post=36993"}],"version-history":[{"count":1,"href":"https:\/\/tvmasmagazine.com\/es\/wp-json\/wp\/v2\/posts\/36993\/revisions"}],"predecessor-version":[{"id":36995,"href":"https:\/\/tvmasmagazine.com\/es\/wp-json\/wp\/v2\/posts\/36993\/revisions\/36995"}],"wp:featuredmedia":[{"embeddable":true,"href":"https:\/\/tvmasmagazine.com\/es\/wp-json\/wp\/v2\/media\/36994"}],"wp:attachment":[{"href":"https:\/\/tvmasmagazine.com\/es\/wp-json\/wp\/v2\/media?parent=36993"}],"wp:term":[{"taxonomy":"category","embeddable":true,"href":"https:\/\/tvmasmagazine.com\/es\/wp-json\/wp\/v2\/categories?post=36993"},{"taxonomy":"post_tag","embeddable":true,"href":"https:\/\/tvmasmagazine.com\/es\/wp-json\/wp\/v2\/tags?post=36993"}],"curies":[{"name":"wp","href":"https:\/\/api.w.org\/{rel}","templated":true}]}}