{"id":37436,"date":"2016-04-08T00:01:36","date_gmt":"2016-04-08T07:01:36","guid":{"rendered":"http:\/\/www.tvmasmagazine.com\/?p=37436"},"modified":"2016-04-06T23:24:02","modified_gmt":"2016-04-07T06:24:02","slug":"maria-laria-presentadora-de-arrebatados-en-america-teve-celebra-su-decimo-aniversario","status":"publish","type":"post","link":"https:\/\/tvmasmagazine.com\/es\/2016\/04\/08\/maria-laria-presentadora-de-arrebatados-en-america-teve-celebra-su-decimo-aniversario\/","title":{"rendered":"Maria Laria, presentadora de arrebatados  en Am\u00e9rica TeV\u00e9 celebra su d\u00e9cimo aniversario"},"content":{"rendered":"<p><div id=\"attachment_35988\" style=\"width: 410px\" class=\"wp-caption aligncenter\"><a href=\"http:\/\/www.tvmasmagazine.com\/wp-content\/uploads\/2016\/04\/maria-laria.jpg\"><img loading=\"lazy\" decoding=\"async\" aria-describedby=\"caption-attachment-35988\" class=\"aligncenter size-full wp-image-37438\" src=\"http:\/\/www.tvmasmagazine.com\/wp-content\/uploads\/2016\/04\/maria-laria.jpg\" alt=\"maria-laria\" width=\"400\" height=\"226\" srcset=\"https:\/\/tvmasmagazine.com\/wp-content\/uploads\/2016\/04\/maria-laria.jpg 400w, https:\/\/tvmasmagazine.com\/wp-content\/uploads\/2016\/04\/maria-laria-150x85.jpg 150w, https:\/\/tvmasmagazine.com\/wp-content\/uploads\/2016\/04\/maria-laria-350x198.jpg 350w\" sizes=\"auto, (max-width: 400px) 100vw, 400px\" \/><\/a><p id=\"caption-attachment-35988\" class=\"wp-caption-text\">Mar\u00eda Laria<\/p><\/div><\/p>\n<p style=\"text-align: justify;\">La presentadora espa\u00f1ola celebra con entusiasmo el d\u00e9cimo aniversario de <em>ARREBATADOS<\/em> formando parte de la familia de Am\u00e9rica TeV\u00e9, un canal exitoso en Miami.<\/p>\n<p style=\"text-align: justify;\">\u201c<em>ARREBATADOS,<\/em> fue mi salvaci\u00f3n. Despu\u00e9s de morir mi padre no pude enfrentar las c\u00e1maras. Deje un contrato de 5 a\u00f1os en Los\u00a0\u00c1ngeles\u00a0por\u00a0mi dolor. <em>ARREBATADOS<\/em> me dio ox\u00edgeno, me permiti\u00f3 respirar otra vez.\u00a0Am\u00e9rica\u00a0TeV\u00e9 me abri\u00f3 los brazos y cada persona\u00a0que\u00a0trabaj\u00f3\u00a0en el show me dio cari\u00f1o y fe para seguir adelante. Los que no, me hicieron m\u00e1s fuerte. <em>ARREBATADOS<\/em> me dio la felicidad al reencontrarme con mis ra\u00edces y ese bello pa\u00eds de mis padres que no conoc\u00eda.\u00a0Am\u00e9rica\u00a0TeV\u00e9 me dio la mano y\u00a0me\u00a0sac\u00f3\u00a0del\u00a0hueco vac\u00edo en el que me encontraba\u00bb\u2026 aleg\u00f3\u00a0Mar\u00eda.<\/p>\n<p style=\"text-align: justify;\">Mar\u00eda\u00a0fue titular de noticias por 6 a\u00f1os con Enrique Gratas. Fue anchor de ambos noticieros 6 y 11 PM en Telemundo. Produc\u00eda, conduc\u00eda y redactaba los noticieros de fin de semana para KVEA, canal 52 Telemundo Los \u00c1ngeles. Produjo y condujo el primer talk show en USA, <em>Cara a Cara<\/em>, transmitido en Europa por Radio TVE, Oriente medio y en \u00c1frica norte. Su talk show <em>Maria Laria<\/em>,\u00a0realiz\u00f3\u00a0producciones internacionales en Argentina, M\u00e9xico, Puerto Rico, Rep\u00fablica Dominicana, Espa\u00f1a, Italia y Francia. En su carrera\u00a0Mar\u00eda, ha entrevistado 7 jefes de estado en funci\u00f3n incluyendo George Bush y el Papa Juan Pablo ll.\u00a0Reemplaz\u00f3\u00a0a Mar\u00eda\u00a0Elena\u00a0Salinas\u00a0como anchor en KMEX en Los \u00c1ngeles.<\/p>\n<p><\/p>","protected":false},"excerpt":{"rendered":"<p>La presentadora espa\u00f1ola celebra con entusiasmo el d\u00e9cimo aniversario de ARREBATADOS formando parte de la familia de Am\u00e9rica TeV\u00e9, un <a class=\"more-link\" href=\"https:\/\/tvmasmagazine.com\/es\/2016\/04\/08\/maria-laria-presentadora-de-arrebatados-en-america-teve-celebra-su-decimo-aniversario\/\">&#8230;<\/a><\/p>\n","protected":false},"author":1,"featured_media":37438,"comment_status":"closed","ping_status":"closed","sticky":false,"template":"","format":"standard","meta":{"footnotes":""},"categories":[79,13],"tags":[],"class_list":["post-37436","post","type-post","status-publish","format-standard","has-post-thumbnail","hentry","category-tv-abierta","category-ultimas-noticias"],"_links":{"self":[{"href":"https:\/\/tvmasmagazine.com\/es\/wp-json\/wp\/v2\/posts\/37436","targetHints":{"allow":["GET"]}}],"collection":[{"href":"https:\/\/tvmasmagazine.com\/es\/wp-json\/wp\/v2\/posts"}],"about":[{"href":"https:\/\/tvmasmagazine.com\/es\/wp-json\/wp\/v2\/types\/post"}],"author":[{"embeddable":true,"href":"https:\/\/tvmasmagazine.com\/es\/wp-json\/wp\/v2\/users\/1"}],"replies":[{"embeddable":true,"href":"https:\/\/tvmasmagazine.com\/es\/wp-json\/wp\/v2\/comments?post=37436"}],"version-history":[{"count":1,"href":"https:\/\/tvmasmagazine.com\/es\/wp-json\/wp\/v2\/posts\/37436\/revisions"}],"predecessor-version":[{"id":37439,"href":"https:\/\/tvmasmagazine.com\/es\/wp-json\/wp\/v2\/posts\/37436\/revisions\/37439"}],"wp:featuredmedia":[{"embeddable":true,"href":"https:\/\/tvmasmagazine.com\/es\/wp-json\/wp\/v2\/media\/37438"}],"wp:attachment":[{"href":"https:\/\/tvmasmagazine.com\/es\/wp-json\/wp\/v2\/media?parent=37436"}],"wp:term":[{"taxonomy":"category","embeddable":true,"href":"https:\/\/tvmasmagazine.com\/es\/wp-json\/wp\/v2\/categories?post=37436"},{"taxonomy":"post_tag","embeddable":true,"href":"https:\/\/tvmasmagazine.com\/es\/wp-json\/wp\/v2\/tags?post=37436"}],"curies":[{"name":"wp","href":"https:\/\/api.w.org\/{rel}","templated":true}]}}