{"id":37445,"date":"2016-04-10T00:01:42","date_gmt":"2016-04-10T07:01:42","guid":{"rendered":"http:\/\/www.tvmasmagazine.com\/?p=37445"},"modified":"2016-04-10T13:05:38","modified_gmt":"2016-04-10T20:05:38","slug":"english-inician-en-colombia-el-rodaje-de-la-serie-2091","status":"publish","type":"post","link":"https:\/\/tvmasmagazine.com\/es\/2016\/04\/10\/english-inician-en-colombia-el-rodaje-de-la-serie-2091\/","title":{"rendered":"Inician en Colombia el rodaje de la serie 2091"},"content":{"rendered":"<p><div id=\"attachment_35988\" style=\"width: 1010px\" class=\"wp-caption aligncenter\"><a href=\"http:\/\/www.tvmasmagazine.com\/wp-content\/uploads\/2016\/04\/SERIE-2091.jpg\"><img loading=\"lazy\" decoding=\"async\" aria-describedby=\"caption-attachment-35988\" class=\"aligncenter size-full wp-image-37446\" src=\"http:\/\/www.tvmasmagazine.com\/wp-content\/uploads\/2016\/04\/SERIE-2091.jpg\" alt=\"SERIE 2091\" width=\"1000\" height=\"694\" srcset=\"https:\/\/tvmasmagazine.com\/wp-content\/uploads\/2016\/04\/SERIE-2091.jpg 1000w, https:\/\/tvmasmagazine.com\/wp-content\/uploads\/2016\/04\/SERIE-2091-150x104.jpg 150w, https:\/\/tvmasmagazine.com\/wp-content\/uploads\/2016\/04\/SERIE-2091-350x243.jpg 350w\" sizes=\"auto, (max-width: 1000px) 100vw, 1000px\" \/><\/a><p id=\"caption-attachment-35988\" class=\"wp-caption-text\">De izquierda a derecha, fila arriba: Jos\u00e9 Restrepo, Benjam\u00edn Vicu\u00f1a, Manolo Cardona, Angie Cepeda, Jean Paul Leroux, Luz Cipriota, Ludovico Di Santo<\/p><\/div><\/p>\n<p style=\"text-align: justify;\">FOX Networks Group (FNG) Latin America anunci\u00f3 el inicio del rodaje de \u201c<em>2091\u201d, <\/em>una superproducci\u00f3n original que a partir de esta semana se desarrolla en Bogot\u00e1, Colombia.<\/p>\n<p style=\"text-align: justify;\">Creada y escrita por Andr\u00e9s Gel\u00f3s (Cumbia Ninja, Kdabra) y producida por FOX Telecolombia, productora integral de FNG Latin America, es una nueva serie dram\u00e1tica que alude a un futuro no tan lejano en el que la raza humana ha agotado todos sus recursos naturales poni\u00e9ndose al borde de la extinci\u00f3n, y mientras la \u00fanica salida es volver a creer en el hombre conect\u00e1ndose a eso que palpita llamado coraz\u00f3n, deber\u00e1 luchar contra la robotizaci\u00f3n si quiere sobrevivir como especie.<\/p>\n<p style=\"text-align: justify;\">Protagonizada por los colombianos Manolo Cardona (\u201c<em>Coraz\u00f3n de Le\u00f3n\u201d \u201cPalabra de Ladr\u00f3n\u201d<\/em>), Angie Cepeda (\u201c<em>Familia en Venta<\/em>\u201d \u201c<em>La semilla del Silencio<\/em>\u201d), los mexicanos Christopher Von Uckermann (\u201c<em>Kdabra\u201d) <\/em>y Cristina Rodlo (\u201c<em>El Capit\u00e1n\u201d<\/em>); junto a un gran elenco panregional compuesto por destacadas figuras, como los argentinos Ludovico Di Santo (\u201c<em>La Leona\u201d<\/em>), Luz Cipriota (\u201c<em>Soy Luna\u201d, \u201cLos vecinos en guerra\u201d<\/em>); los chilenos Benjam\u00edn Vicu\u00f1a (\u201c<em>Sitiados\u201d<\/em>) y Gonzalo Vivanco (\u201c<em>Kdabra\u201d<\/em>); los colombianos Natalia Reyes (\u201c<em>Cumbia Ninja\u201d<\/em>), Flora Mart\u00ednez (\u201c<em>Rosario Tijeras\u201d<\/em>); el mexicano Julio Bracho (\u201c<em>Bajo el mismo cielo\u201d, \u201cCantinflas\u201d), <\/em>los peruanos Salvador del Solar (\u201c<em>Cumbia Ninja\u201d<\/em>) y Jason Day (\u201c<em>El Capo 2\u201d<\/em>) y el venezolano Jean Paul Leroux (\u201c<em>Quiero Amarte\u201d, \u201cTiempo Final\u201d<\/em>), entre otros.<\/p>\n<p style=\"text-align: justify;\">Con un enfoque cinematogr\u00e1fico de producci\u00f3n, direcci\u00f3n del colombiano Felipe Mart\u00ednez (\u201c<em>Cumbia Ninja\u201d<\/em>, \u201c<em>Bluff\u201d<\/em>) y el mexicano \u00c1lvaro Curiel (\u201c<em>Acorazado\u201d<\/em>), el rodaje de <strong>\u00ab2091\u201d <\/strong>se extender\u00e1 por cuatro meses y tendr\u00e1 lugar en Bogot\u00e1 y en uno de los escenarios naturales m\u00e1s atractivos de Colombia, el desierto de la Tatacoa, la m\u00fasica original de la serie est\u00e1 a cargo del prestigioso compositor Emilio Kauderer (\u201c<em>El secreto de sus ojos\u201d, \u201cMetegol\u201d<\/em>). Compuesta por 13 episodios de una hora, el estreno se prev\u00e9 para el segundo semestre de este a\u00f1o en FOX.<\/p>\n<p><\/p>","protected":false},"excerpt":{"rendered":"<p>FOX Networks Group (FNG) Latin America anunci\u00f3 el inicio del rodaje de \u201c2091\u201d, una superproducci\u00f3n original que a partir de <a class=\"more-link\" href=\"https:\/\/tvmasmagazine.com\/es\/2016\/04\/10\/english-inician-en-colombia-el-rodaje-de-la-serie-2091\/\">&#8230;<\/a><\/p>\n","protected":false},"author":1,"featured_media":0,"comment_status":"closed","ping_status":"closed","sticky":false,"template":"","format":"standard","meta":{"footnotes":""},"categories":[84,18,11,13],"tags":[],"class_list":["post-37445","post","type-post","status-publish","format-standard","hentry","category-innovadores","category-latnoamerica","category-negocios","category-ultimas-noticias"],"_links":{"self":[{"href":"https:\/\/tvmasmagazine.com\/es\/wp-json\/wp\/v2\/posts\/37445","targetHints":{"allow":["GET"]}}],"collection":[{"href":"https:\/\/tvmasmagazine.com\/es\/wp-json\/wp\/v2\/posts"}],"about":[{"href":"https:\/\/tvmasmagazine.com\/es\/wp-json\/wp\/v2\/types\/post"}],"author":[{"embeddable":true,"href":"https:\/\/tvmasmagazine.com\/es\/wp-json\/wp\/v2\/users\/1"}],"replies":[{"embeddable":true,"href":"https:\/\/tvmasmagazine.com\/es\/wp-json\/wp\/v2\/comments?post=37445"}],"version-history":[{"count":2,"href":"https:\/\/tvmasmagazine.com\/es\/wp-json\/wp\/v2\/posts\/37445\/revisions"}],"predecessor-version":[{"id":37452,"href":"https:\/\/tvmasmagazine.com\/es\/wp-json\/wp\/v2\/posts\/37445\/revisions\/37452"}],"wp:attachment":[{"href":"https:\/\/tvmasmagazine.com\/es\/wp-json\/wp\/v2\/media?parent=37445"}],"wp:term":[{"taxonomy":"category","embeddable":true,"href":"https:\/\/tvmasmagazine.com\/es\/wp-json\/wp\/v2\/categories?post=37445"},{"taxonomy":"post_tag","embeddable":true,"href":"https:\/\/tvmasmagazine.com\/es\/wp-json\/wp\/v2\/tags?post=37445"}],"curies":[{"name":"wp","href":"https:\/\/api.w.org\/{rel}","templated":true}]}}