{"id":37461,"date":"2016-04-12T00:29:54","date_gmt":"2016-04-12T07:29:54","guid":{"rendered":"http:\/\/www.tvmasmagazine.com\/?p=37461"},"modified":"2016-04-19T09:35:00","modified_gmt":"2016-04-19T16:35:00","slug":"cesar-diaz-se-vincula-a-tv-azteca","status":"publish","type":"post","link":"https:\/\/tvmasmagazine.com\/es\/2016\/04\/12\/cesar-diaz-se-vincula-a-tv-azteca\/","title":{"rendered":"C\u00e9sar D\u00edaz se vincula a TV Azteca"},"content":{"rendered":"<p><div id=\"attachment_35988\" style=\"width: 522px\" class=\"wp-caption aligncenter\"><a href=\"http:\/\/www.tvmasmagazine.com\/wp-content\/uploads\/2016\/04\/C\u00e9sar-D\u00edaz-TV-Azteca.jpg\"><img loading=\"lazy\" decoding=\"async\" aria-describedby=\"caption-attachment-35988\" class=\"aligncenter size-full wp-image-37462\" src=\"http:\/\/www.tvmasmagazine.com\/wp-content\/uploads\/2016\/04\/C\u00e9sar-D\u00edaz-TV-Azteca.jpg\" alt=\"C\u00e9sar-D\u00edaz-TV-Azteca\" width=\"600\" height=\"400\" srcset=\"https:\/\/tvmasmagazine.com\/wp-content\/uploads\/2016\/04\/C\u00e9sar-D\u00edaz-TV-Azteca.jpg 600w, https:\/\/tvmasmagazine.com\/wp-content\/uploads\/2016\/04\/C\u00e9sar-D\u00edaz-TV-Azteca-150x100.jpg 150w, https:\/\/tvmasmagazine.com\/wp-content\/uploads\/2016\/04\/C\u00e9sar-D\u00edaz-TV-Azteca-350x233.jpg 350w\" sizes=\"auto, (max-width: 600px) 100vw, 600px\" \/><\/a><p id=\"caption-attachment-35988\" class=\"wp-caption-text\">Cesar Diaz<\/p><\/div><\/p>\n<p style=\"text-align: justify;\">TV Azteca anunci\u00f3 la incorporaci\u00f3n de C\u00e9sar D\u00edaz al equipo de AZ Contenidos, brazo comercial de contenidos internacionales de la televisora, donde encabezar\u00e1 la comercializaci\u00f3n del cat\u00e1logo en Estados Unidos, Canad\u00e1 y Espa\u00f1a y reportar\u00e1 directamente a Ram\u00f3n Salom\u00f3n, Director de Operaciones de Contenidos de la empresa.<\/p>\n<p style=\"text-align: justify;\">\u201cEn TV Azteca estamos muy contentos con la integraci\u00f3n de C\u00e9sar al equipo y confiamos en su profesionalismo, buenos resultados y gran experiencia en los diversos mercados que atender\u00e1\u201d, coment\u00f3 Fidela Navarro, directora de distribuci\u00f3n de contenidos y se\u00f1ales de TV Azteca.<\/p>\n<p style=\"text-align: justify;\">Por su parte, Ram\u00f3n Salom\u00f3n se\u00f1al\u00f3: \u201cSu gran contacto con los clientes nos ayudar\u00e1 a lograr que los mercados constaten el nuevo empuje de servicio personalizado que queremos posicionar en esta etapa de transformaci\u00f3n de Tv Azteca\u201d.<\/p>\n<p style=\"text-align: justify;\">C\u00e9sar D\u00edaz trabaj\u00f3 en empresas como RCTV y Venevision International, Telefe International de Argentina, Antena 3 de Espa\u00f1a y Cisneros Media Distribution, entre otras.<\/p>\n<p style=\"text-align: justify;\">Acerca de su nombramiento, D\u00edaz coment\u00f3: \u201cMe siento muy contento y halagado de formar parte del nuevo equipo de profesionales que unidos sumamos una amplia gama de experiencia y a\u00f1os en el medio internacional, y que TV Azteca ha sabido reunir para llevar las ventas internacionales de los nuevos contenidos que el grupo estar\u00e1 desarrollando. Estoy listo para contribuir con mucho entusiasmo\u201d.<\/p>\n<p><\/p>","protected":false},"excerpt":{"rendered":"<p>TV Azteca anunci\u00f3 la incorporaci\u00f3n de C\u00e9sar D\u00edaz al equipo de AZ Contenidos, brazo comercial de contenidos internacionales de la <a class=\"more-link\" href=\"https:\/\/tvmasmagazine.com\/es\/2016\/04\/12\/cesar-diaz-se-vincula-a-tv-azteca\/\">&#8230;<\/a><\/p>\n","protected":false},"author":1,"featured_media":37462,"comment_status":"closed","ping_status":"closed","sticky":false,"template":"","format":"standard","meta":{"footnotes":""},"categories":[80,17,79,47,13],"tags":[],"class_list":["post-37461","post","type-post","status-publish","format-standard","has-post-thumbnail","hentry","category-ott","category-television","category-tv-abierta","category-tv-de-pagp","category-ultimas-noticias"],"_links":{"self":[{"href":"https:\/\/tvmasmagazine.com\/es\/wp-json\/wp\/v2\/posts\/37461","targetHints":{"allow":["GET"]}}],"collection":[{"href":"https:\/\/tvmasmagazine.com\/es\/wp-json\/wp\/v2\/posts"}],"about":[{"href":"https:\/\/tvmasmagazine.com\/es\/wp-json\/wp\/v2\/types\/post"}],"author":[{"embeddable":true,"href":"https:\/\/tvmasmagazine.com\/es\/wp-json\/wp\/v2\/users\/1"}],"replies":[{"embeddable":true,"href":"https:\/\/tvmasmagazine.com\/es\/wp-json\/wp\/v2\/comments?post=37461"}],"version-history":[{"count":1,"href":"https:\/\/tvmasmagazine.com\/es\/wp-json\/wp\/v2\/posts\/37461\/revisions"}],"predecessor-version":[{"id":37463,"href":"https:\/\/tvmasmagazine.com\/es\/wp-json\/wp\/v2\/posts\/37461\/revisions\/37463"}],"wp:featuredmedia":[{"embeddable":true,"href":"https:\/\/tvmasmagazine.com\/es\/wp-json\/wp\/v2\/media\/37462"}],"wp:attachment":[{"href":"https:\/\/tvmasmagazine.com\/es\/wp-json\/wp\/v2\/media?parent=37461"}],"wp:term":[{"taxonomy":"category","embeddable":true,"href":"https:\/\/tvmasmagazine.com\/es\/wp-json\/wp\/v2\/categories?post=37461"},{"taxonomy":"post_tag","embeddable":true,"href":"https:\/\/tvmasmagazine.com\/es\/wp-json\/wp\/v2\/tags?post=37461"}],"curies":[{"name":"wp","href":"https:\/\/api.w.org\/{rel}","templated":true}]}}