{"id":37469,"date":"2016-04-22T00:01:49","date_gmt":"2016-04-22T07:01:49","guid":{"rendered":"http:\/\/www.tvmasmagazine.com\/?p=37469"},"modified":"2016-04-19T10:11:09","modified_gmt":"2016-04-19T17:11:09","slug":"la-productora-y-directora-de-talento-ana-celia-urquidi-tambien-en-tv-azteca","status":"publish","type":"post","link":"https:\/\/tvmasmagazine.com\/es\/2016\/04\/22\/la-productora-y-directora-de-talento-ana-celia-urquidi-tambien-en-tv-azteca\/","title":{"rendered":"La productora y directora de talento Ana Celia Urquidi tambi\u00e9n en TV Azteca"},"content":{"rendered":"<p><div id=\"attachment_35988\" style=\"width: 610px\" class=\"wp-caption aligncenter\"><a href=\"http:\/\/www.tvmasmagazine.com\/wp-content\/uploads\/2016\/04\/Ana-Celia-Urquidi-TV-Azteca.jpg\"><img loading=\"lazy\" decoding=\"async\" aria-describedby=\"caption-attachment-35988\" class=\"aligncenter size-full wp-image-37470\" src=\"http:\/\/www.tvmasmagazine.com\/wp-content\/uploads\/2016\/04\/Ana-Celia-Urquidi-TV-Azteca.jpg\" alt=\"Ana-Celia-Urquidi-TV-Azteca\" width=\"600\" height=\"400\" srcset=\"https:\/\/tvmasmagazine.com\/wp-content\/uploads\/2016\/04\/Ana-Celia-Urquidi-TV-Azteca.jpg 600w, https:\/\/tvmasmagazine.com\/wp-content\/uploads\/2016\/04\/Ana-Celia-Urquidi-TV-Azteca-150x100.jpg 150w, https:\/\/tvmasmagazine.com\/wp-content\/uploads\/2016\/04\/Ana-Celia-Urquidi-TV-Azteca-350x233.jpg 350w\" sizes=\"auto, (max-width: 600px) 100vw, 600px\" \/><\/a><p id=\"caption-attachment-35988\" class=\"wp-caption-text\">Ana Celia Urquidi<\/p><\/div><\/p>\n<p style=\"margin-bottom: 0.0001pt; text-align: justify;\"><span style=\"font-size: 13.0pt; font-family: 'Calibri','sans-serif';\">La productora y directora de talento Ana Celia Urquidi forma parte de la reinvenci\u00f3n de la empresa, en sinton\u00eda con el dise\u00f1o estrat\u00e9gico de cara al futuro. Ana Celia tiene amplio conocimiento en la realizaci\u00f3n de series, superseries y novelas en M\u00e9xico y Estados Unidos. Fue parte de algunos de los show m\u00e1s exitosos de los \u00faltimos tiempos, como \u201cEl se\u00f1or de los cielos\u201d y \u201cLa patrona\u201d, donde hizo equipo con Joshua Mintz, quien lleg\u00f3 a TV Azteca el pasado mes de enero, luego de su amplio trabajo en Telemundo.<\/span><\/p>\n<p style=\"margin-bottom: 0.0001pt; text-align: justify;\"><span style=\"font-family: 'Calibri','sans-serif';\"> <\/span><\/p>\n<p style=\"margin-bottom: 0.0001pt; text-align: justify;\"><span style=\"font-size: 13.0pt; font-family: 'Calibri','sans-serif';\">Con la experiencia de Ana Celia Urquidi, en empresas como la de Epigmenio Ibarra (Argos Comunicaciones), la compa\u00f1\u00eda mexicana apuesta por el desarrollo de nuevos contenidos de la m\u00e1s alta calidad para conquistar a la audiencia y contin\u00faa con la reinvenci\u00f3n propuesta por el CEO Benjam\u00edn Salinas.<\/span><\/p>\n<p><\/p>","protected":false},"excerpt":{"rendered":"<p>La productora y directora de talento Ana Celia Urquidi forma parte de la reinvenci\u00f3n de la empresa, en sinton\u00eda con <a class=\"more-link\" href=\"https:\/\/tvmasmagazine.com\/es\/2016\/04\/22\/la-productora-y-directora-de-talento-ana-celia-urquidi-tambien-en-tv-azteca\/\">&#8230;<\/a><\/p>\n","protected":false},"author":1,"featured_media":37470,"comment_status":"closed","ping_status":"closed","sticky":false,"template":"","format":"standard","meta":{"footnotes":""},"categories":[80,17,79,47,13],"tags":[],"class_list":["post-37469","post","type-post","status-publish","format-standard","has-post-thumbnail","hentry","category-ott","category-television","category-tv-abierta","category-tv-de-pagp","category-ultimas-noticias"],"_links":{"self":[{"href":"https:\/\/tvmasmagazine.com\/es\/wp-json\/wp\/v2\/posts\/37469","targetHints":{"allow":["GET"]}}],"collection":[{"href":"https:\/\/tvmasmagazine.com\/es\/wp-json\/wp\/v2\/posts"}],"about":[{"href":"https:\/\/tvmasmagazine.com\/es\/wp-json\/wp\/v2\/types\/post"}],"author":[{"embeddable":true,"href":"https:\/\/tvmasmagazine.com\/es\/wp-json\/wp\/v2\/users\/1"}],"replies":[{"embeddable":true,"href":"https:\/\/tvmasmagazine.com\/es\/wp-json\/wp\/v2\/comments?post=37469"}],"version-history":[{"count":1,"href":"https:\/\/tvmasmagazine.com\/es\/wp-json\/wp\/v2\/posts\/37469\/revisions"}],"predecessor-version":[{"id":37471,"href":"https:\/\/tvmasmagazine.com\/es\/wp-json\/wp\/v2\/posts\/37469\/revisions\/37471"}],"wp:featuredmedia":[{"embeddable":true,"href":"https:\/\/tvmasmagazine.com\/es\/wp-json\/wp\/v2\/media\/37470"}],"wp:attachment":[{"href":"https:\/\/tvmasmagazine.com\/es\/wp-json\/wp\/v2\/media?parent=37469"}],"wp:term":[{"taxonomy":"category","embeddable":true,"href":"https:\/\/tvmasmagazine.com\/es\/wp-json\/wp\/v2\/categories?post=37469"},{"taxonomy":"post_tag","embeddable":true,"href":"https:\/\/tvmasmagazine.com\/es\/wp-json\/wp\/v2\/tags?post=37469"}],"curies":[{"name":"wp","href":"https:\/\/api.w.org\/{rel}","templated":true}]}}