{"id":3755,"date":"2013-03-25T10:01:39","date_gmt":"2013-03-25T10:01:39","guid":{"rendered":"http:\/\/www.tvmasmagazine.com\/?p=3755"},"modified":"2015-01-27T12:09:31","modified_gmt":"2015-01-27T11:09:31","slug":"quiero-ser-grupero-inicia-segunda-temporada-por-azteca-america","status":"publish","type":"post","link":"https:\/\/tvmasmagazine.com\/es\/2013\/03\/25\/quiero-ser-grupero-inicia-segunda-temporada-por-azteca-america\/","title":{"rendered":"\u00bbQuiero ser grupero\u00bb inicia segunda temporada por Azteca Am\u00e9rica"},"content":{"rendered":"<p><\/p>\n<h3> \u00abEsta temporada viene recargada, hay mucho talento e  historias incre\u00edbles\u00bb, Cynthia Rodr\u00edguez, conductora<\/h3>\n<p><a href=\"http:\/\/www.tvmasmagazine.com\/wp-content\/uploads\/2013\/03\/LOGO.jpg\"><img loading=\"lazy\" decoding=\"async\" src=\"http:\/\/www.tvmasmagazine.com\/wp-content\/uploads\/2013\/03\/LOGO.jpg\" alt=\"\" title=\"LOGO\" width=\"650\" height=\"240\" class=\"aligncenter size-full wp-image-3757\" srcset=\"https:\/\/tvmasmagazine.com\/wp-content\/uploads\/2013\/03\/LOGO.jpg 650w, https:\/\/tvmasmagazine.com\/wp-content\/uploads\/2013\/03\/LOGO-150x55.jpg 150w, https:\/\/tvmasmagazine.com\/wp-content\/uploads\/2013\/03\/LOGO-350x129.jpg 350w\" sizes=\"auto, (max-width: 650px) 100vw, 650px\" \/><\/a>El d\u00eda de hoy inicia la segunda temporada de \u00abQuiero ser grupero\u00bb, el reality musical de Azteca Am\u00e9rica. Bajo la conducci\u00f3n de  Cynthia Rodr\u00edguez y Rafael Mercadante, la emisi\u00f3n contar\u00e1 con 14 agrupaciones que competir\u00e1n por un contrato discogr\u00e1fico, as\u00ed como de otros premios.   <\/p>\n<p><div id=\"attachment_3758\" style=\"width: 310px\" class=\"wp-caption alignright\"><a href=\"http:\/\/www.tvmasmagazine.com\/wp-content\/uploads\/2013\/03\/cinthia.jpg\"><img loading=\"lazy\" decoding=\"async\" aria-describedby=\"caption-attachment-3758\" src=\"http:\/\/www.tvmasmagazine.com\/wp-content\/uploads\/2013\/03\/cinthia.jpg\" alt=\"\" title=\"cinthia\" width=\"300\" height=\"451\" class=\"size-full wp-image-3758\" srcset=\"https:\/\/tvmasmagazine.com\/wp-content\/uploads\/2013\/03\/cinthia.jpg 300w, https:\/\/tvmasmagazine.com\/wp-content\/uploads\/2013\/03\/cinthia-99x150.jpg 99w, https:\/\/tvmasmagazine.com\/wp-content\/uploads\/2013\/03\/cinthia-232x350.jpg 232w\" sizes=\"auto, (max-width: 300px) 100vw, 300px\" \/><\/a><p id=\"caption-attachment-3758\" class=\"wp-caption-text\">Cynthia Rodr\u00edguez, conductora de la emisi\u00f3n<\/p><\/div>\u00abEsta segunda temporada viene recargada , adem\u00e1s tiene unas historias incre\u00edbles, es en un teatro en California, el The Belasco Theater, que es maravilloso, lo diferente tambi\u00e9n es que todos nuestros participantes tienen una historia de lucha; el vivir en un pa\u00eds que no es el suyo de nacimiento, el luchar porque el p\u00fablico conozca la m\u00fasica que los lleva a recordar sus ra\u00edces de M\u00e9xico, sus ra\u00edces latinas, y bueno, creo que se siente m\u00e1s hambre, m\u00e1s deseos de salir adelante en esta  temporada\u00bb, coment\u00f3 Rodr\u00edguez, conductora de la emisi\u00f3n.<\/p>\n<p>El programa contar\u00e1 con un panel de cr\u00edticos,conformado por: Erika Vidrio, compositora y locutora,  Adolfo Valenzuela, productor y Pedro Rivera,  quienes ser\u00e1n los encargados de pulir el talento de los participantes.  <\/p>\n<p>\u00abQuiero ser Grupero\u00bb, inicia este lunes 25 de marzo  por Azteca America, a las 8 de la noche, 7 centro.<\/p>","protected":false},"excerpt":{"rendered":"<p>\u00abEsta temporada viene recargada, hay mucho talento e historias incre\u00edbles\u00bb, Cynthia Rodr\u00edguez, conductora El d\u00eda de hoy inicia la segunda <a class=\"more-link\" href=\"https:\/\/tvmasmagazine.com\/es\/2013\/03\/25\/quiero-ser-grupero-inicia-segunda-temporada-por-azteca-america\/\">&#8230;<\/a><\/p>\n","protected":false},"author":1,"featured_media":3760,"comment_status":"closed","ping_status":"open","sticky":false,"template":"","format":"standard","meta":{"footnotes":""},"categories":[18],"tags":[],"class_list":["post-3755","post","type-post","status-publish","format-standard","has-post-thumbnail","hentry","category-latnoamerica"],"_links":{"self":[{"href":"https:\/\/tvmasmagazine.com\/es\/wp-json\/wp\/v2\/posts\/3755","targetHints":{"allow":["GET"]}}],"collection":[{"href":"https:\/\/tvmasmagazine.com\/es\/wp-json\/wp\/v2\/posts"}],"about":[{"href":"https:\/\/tvmasmagazine.com\/es\/wp-json\/wp\/v2\/types\/post"}],"author":[{"embeddable":true,"href":"https:\/\/tvmasmagazine.com\/es\/wp-json\/wp\/v2\/users\/1"}],"replies":[{"embeddable":true,"href":"https:\/\/tvmasmagazine.com\/es\/wp-json\/wp\/v2\/comments?post=3755"}],"version-history":[{"count":4,"href":"https:\/\/tvmasmagazine.com\/es\/wp-json\/wp\/v2\/posts\/3755\/revisions"}],"predecessor-version":[{"id":8164,"href":"https:\/\/tvmasmagazine.com\/es\/wp-json\/wp\/v2\/posts\/3755\/revisions\/8164"}],"wp:featuredmedia":[{"embeddable":true,"href":"https:\/\/tvmasmagazine.com\/es\/wp-json\/wp\/v2\/media\/3760"}],"wp:attachment":[{"href":"https:\/\/tvmasmagazine.com\/es\/wp-json\/wp\/v2\/media?parent=3755"}],"wp:term":[{"taxonomy":"category","embeddable":true,"href":"https:\/\/tvmasmagazine.com\/es\/wp-json\/wp\/v2\/categories?post=3755"},{"taxonomy":"post_tag","embeddable":true,"href":"https:\/\/tvmasmagazine.com\/es\/wp-json\/wp\/v2\/tags?post=3755"}],"curies":[{"name":"wp","href":"https:\/\/api.w.org\/{rel}","templated":true}]}}