{"id":37851,"date":"2016-11-24T11:10:02","date_gmt":"2016-11-24T19:10:02","guid":{"rendered":"http:\/\/www.tvmasmagazine.com\/?p=37851"},"modified":"2016-11-24T11:10:02","modified_gmt":"2016-11-24T19:10:02","slug":"en-mip-cancun-globo-presento-su-miniserie-justicia","status":"publish","type":"post","link":"https:\/\/tvmasmagazine.com\/es\/2016\/11\/24\/en-mip-cancun-globo-presento-su-miniserie-justicia\/","title":{"rendered":"En MIP Canc\u00fan GLOBO present\u00f3  su miniserie  Justicia"},"content":{"rendered":"<p><a href=\"http:\/\/www.tvmasmagazine.com\/wp-content\/uploads\/2016\/11\/Justicia_Justi\u00e7a.jpg\"><img loading=\"lazy\" decoding=\"async\" class=\"size-medium wp-image-37852\" src=\"http:\/\/www.tvmasmagazine.com\/wp-content\/uploads\/2016\/11\/Justicia_Justi\u00e7a-350x233.jpg\" alt=\"AppleMark\" width=\"350\" height=\"233\" srcset=\"https:\/\/tvmasmagazine.com\/wp-content\/uploads\/2016\/11\/Justicia_Justi\u00e7a-350x233.jpg 350w, https:\/\/tvmasmagazine.com\/wp-content\/uploads\/2016\/11\/Justicia_Justi\u00e7a-150x100.jpg 150w, https:\/\/tvmasmagazine.com\/wp-content\/uploads\/2016\/11\/Justicia_Justi\u00e7a-1024x682.jpg 1024w, https:\/\/tvmasmagazine.com\/wp-content\/uploads\/2016\/11\/Justicia_Justi\u00e7a.jpg 1583w\" sizes=\"auto, (max-width: 350px) 100vw, 350px\" \/><\/a><\/p>\n<p class=\"wordsection1\" style=\"text-align: justify;\"><span lang=\"PT-BR\">Durante el MIP Cancun 2016, Globo realiz\u00f3 el pre-lanzamiento exclusivo de la miniserie \u2018Justicia\u2019 para el mercado televisivo de Latinoam\u00e9rica. Con una construcci\u00f3n narrativa original y provocadora, que entrelaza historias independientes, y con una puesta en escena que rompi\u00f3 los est\u00e1ndares de programaci\u00f3n tradicional de la televisi\u00f3n, \u2018Justicia\u2019, conquist\u00f3 al p\u00fablico en Brasil. Durante su exhibici\u00f3n, tuvo un alcance diario de cerca de 41 millones de espectadores y un alcance total de alrededor de 134 millones de espectadores. Su elenco estelar re\u00fane a Adriana Esteves y Cau\u00e3 Reymond (ambos de \u2018Avenida Brasil\u2019), y a Leandra Leal y Marina Ruy Barbosa (ambas de \u2018Imperio\u2019), entre otros. <strong>Este lanzamiento marca la iniciativa de la empresa brasile\u00f1a de ofrecer contenidos nuevos e innovadores a sus socios alrededor del mundo durante todo el a\u00f1o.<\/strong><\/span><\/p>\n<p class=\"wordsection1\" style=\"text-align: justify;\"><span lang=\"PT-BR\"><strong>\u2018Justicia\u2019 invita a reflexionar sobre cuestiones humanas y valores morales, al comenzar con la detenci\u00f3n de cuatro personas de or\u00edgenes y pasados diferentes, en el a\u00f1o 2009, en Recife, al noreste de Brasil.<\/strong> Luego salta siete a\u00f1os en el futuro, hasta el momento en que los personajes salen de la c\u00e1rcel, despu\u00e9s de haber saldado sus deudas con la justicia, para reanudar sus vidas.\u00a0<\/span><\/p>\n<p class=\"wordsection1\" style=\"text-align: justify;\"><span lang=\"PT-BR\">Escrita por Manuela Dias (\u2018Relaciones Peligrosas\u2019) y con la direcci\u00f3n art\u00edstica de Jos\u00e9 Luiz Villamarim (\u2018Avenida Brasil\u2019), \u2018Justicia\u2019 cont\u00f3 con un lanzamiento digital in\u00e9dito: sus cuatro primeros episodios se pusieron a disposici\u00f3n en Globo Play, la aplicaci\u00f3n VOD de Globo, antes del estreno en la televisi\u00f3n abierta. <strong>En busca de la aproximaci\u00f3n al p\u00fablico, la estrategia se mantuvo durante toda la emisi\u00f3n de la miniserie, que ten\u00eda disponible el episodio del d\u00eda, primero para quienes tuvieran acceso a Globo Play. Con esta modalidad, \u2018Justicia\u2019 alcanz\u00f3 m\u00e1s de 3 millones de usuarios diferentes y m\u00e1s de 25 millones de espectadores en l\u00ednea.<\/strong><\/span><\/p>\n<h4 class=\"wordsection1\" style=\"text-align: justify;\"><span lang=\"PT-BR\">\u2018Justicia\u2019 ser\u00e1 lanzada oficialmente en enero, durante el NATPE 2017.<\/span><\/h4>\n<p><\/p>","protected":false},"excerpt":{"rendered":"<p>Durante el MIP Cancun 2016, Globo realiz\u00f3 el pre-lanzamiento exclusivo de la miniserie \u2018Justicia\u2019 para el mercado televisivo de Latinoam\u00e9rica. <a class=\"more-link\" href=\"https:\/\/tvmasmagazine.com\/es\/2016\/11\/24\/en-mip-cancun-globo-presento-su-miniserie-justicia\/\">&#8230;<\/a><\/p>\n","protected":false},"author":1,"featured_media":37852,"comment_status":"closed","ping_status":"closed","sticky":false,"template":"","format":"standard","meta":{"footnotes":""},"categories":[32,18,76,73],"tags":[141,160,166,163,162,161,164,142,117,125,165,122],"class_list":["post-37851","post","type-post","status-publish","format-standard","has-post-thumbnail","hentry","category-festival","category-latnoamerica","category-regiones","category-telenovelas-series","tag-cancun","tag-globo","tag-globo-play","tag-justicia","tag-lanzamiento","tag-latino-america","tag-miniserie","tag-mip-cancun","tag-natpe","tag-ott","tag-series","tag-tv"],"_links":{"self":[{"href":"https:\/\/tvmasmagazine.com\/es\/wp-json\/wp\/v2\/posts\/37851","targetHints":{"allow":["GET"]}}],"collection":[{"href":"https:\/\/tvmasmagazine.com\/es\/wp-json\/wp\/v2\/posts"}],"about":[{"href":"https:\/\/tvmasmagazine.com\/es\/wp-json\/wp\/v2\/types\/post"}],"author":[{"embeddable":true,"href":"https:\/\/tvmasmagazine.com\/es\/wp-json\/wp\/v2\/users\/1"}],"replies":[{"embeddable":true,"href":"https:\/\/tvmasmagazine.com\/es\/wp-json\/wp\/v2\/comments?post=37851"}],"version-history":[{"count":1,"href":"https:\/\/tvmasmagazine.com\/es\/wp-json\/wp\/v2\/posts\/37851\/revisions"}],"predecessor-version":[{"id":37853,"href":"https:\/\/tvmasmagazine.com\/es\/wp-json\/wp\/v2\/posts\/37851\/revisions\/37853"}],"wp:featuredmedia":[{"embeddable":true,"href":"https:\/\/tvmasmagazine.com\/es\/wp-json\/wp\/v2\/media\/37852"}],"wp:attachment":[{"href":"https:\/\/tvmasmagazine.com\/es\/wp-json\/wp\/v2\/media?parent=37851"}],"wp:term":[{"taxonomy":"category","embeddable":true,"href":"https:\/\/tvmasmagazine.com\/es\/wp-json\/wp\/v2\/categories?post=37851"},{"taxonomy":"post_tag","embeddable":true,"href":"https:\/\/tvmasmagazine.com\/es\/wp-json\/wp\/v2\/tags?post=37851"}],"curies":[{"name":"wp","href":"https:\/\/api.w.org\/{rel}","templated":true}]}}