{"id":38712,"date":"2018-04-10T00:13:32","date_gmt":"2018-04-10T07:13:32","guid":{"rendered":"http:\/\/www.tvmasmagazine.com\/?p=38712"},"modified":"2018-04-10T16:21:02","modified_gmt":"2018-04-10T23:21:02","slug":"armoza-formats-ingresa-a-america-latina-con-the-four-en-tv-latina-de-peru","status":"publish","type":"post","link":"https:\/\/tvmasmagazine.com\/es\/2018\/04\/10\/armoza-formats-ingresa-a-america-latina-con-the-four-en-tv-latina-de-peru\/","title":{"rendered":"Armoza Formats ingresa a Am\u00e9rica latina con The Four en TV Latina de Per\u00fa"},"content":{"rendered":"<p><div id=\"attachment_38713\" style=\"width: 600px\" class=\"wp-caption aligncenter\"><a href=\"http:\/\/www.tvmasmagazine.com\/wp-content\/uploads\/2018\/04\/THE-FOUR.jpg\"><img loading=\"lazy\" decoding=\"async\" aria-describedby=\"caption-attachment-38713\" class=\"wp-image-38713\" src=\"http:\/\/www.tvmasmagazine.com\/wp-content\/uploads\/2018\/04\/THE-FOUR-350x117.jpg\" alt=\"\" width=\"590\" height=\"211\" \/><\/a><p id=\"caption-attachment-38713\" class=\"wp-caption-text\">The Four<\/p><\/div><\/p>\n<p class=\"m_4156103208607864474xmsonormal\"><span lang=\"ES-CO\">La exitosa competencia de canto de prime time de Armoza Formats, fue adquirida por el canal de TV Latina en Per\u00fa<\/span><span lang=\"ES-CO\">. Bajo el nombre de \u201c<i>los 4 finalistas<\/i>\u201d, la adaptaci\u00f3n local tendr\u00e1 una primera temporada de 19 episodios que se emitir\u00e1n en vivo en horario estelar a partir de esta semana.<\/span><u><\/u><u><\/u><\/p>\n<p class=\"m_4156103208607864474xmsonormal\"><span lang=\"ES-CO\">Por primera vez en la televisi\u00f3n, los cuatro finalistas ser\u00e1n anunciados en el estreno de la temporada<\/span><span lang=\"ES-CO\">. Seleccionados por un tr\u00edo de jueces expertos en m\u00fasica, solo los mejores se convertir\u00e1n en \u201c<i>los \u00faltimos cuatro<\/i>\u201d y vivir\u00e1n como estrellas. Cualquier persona puede convertirse en un competidor en cualquier momento a trav\u00e9s de una app especial, pero solo los mejores podr\u00e1n desafiar a los cuatro finalistas<\/span><span lang=\"ES-CO\">.<\/span><u><\/u><u><\/u><\/p>\n<p class=\"m_4156103208607864474xmsonormal\"><b><span lang=\"ES-CO\">Susana Umbert, directora de Entretenimiento en Latina:<\/span><\/b><b><span lang=\"ES-CO\">\u00a0\u00ab<\/span><\/b><span lang=\"ES-CO\">Los a\u00f1os de experiencia en formatos internacionales de canto nos han preparado para el lanzamiento del formato m\u00e1s ambicioso en la historia de la televisi\u00f3n peruana. Con las voces m\u00e1s poderosas del pa\u00eds en una competencia, con un jurado internacional formado por megaestrellas de la m\u00fasica, y el regreso a la televisi\u00f3n de la estrella m\u00e1s querida del rock peruano, estamos orgullosos de traer este espect\u00e1culo a Per\u00fa\u00bb.<\/span><u><\/u><u><\/u><\/p>\n<p class=\"m_4156103208607864474xmsonormal\"><b><span lang=\"ES-CO\">Avi Armoza, CEO de Armoza Formats:<\/span><\/b><span lang=\"ES-CO\">\u00a0<\/span><span lang=\"ES-CO\">\u201cCon el \u00e9xito mundial de \u2018<i>The Four\u2019<\/i>, estamos encantados de que Latina sea quien lo transmita primero en la regi\u00f3n y de que realice la primera versi\u00f3n en vivo del formato. Creemos firmemente que esto permitir\u00e1 a\u00fan m\u00e1s la conexi\u00f3n emocional con los espectadores\u201d<\/span><span lang=\"ES-CO\">.<\/span><\/p>\n<p><\/p>","protected":false},"excerpt":{"rendered":"<p>La exitosa competencia de canto de prime time de Armoza Formats, fue adquirida por el canal de TV Latina en <a class=\"more-link\" href=\"https:\/\/tvmasmagazine.com\/es\/2018\/04\/10\/armoza-formats-ingresa-a-america-latina-con-the-four-en-tv-latina-de-peru\/\">&#8230;<\/a><\/p>\n","protected":false},"author":1,"featured_media":0,"comment_status":"closed","ping_status":"closed","sticky":false,"template":"","format":"standard","meta":{"footnotes":""},"categories":[80,79,47,13],"tags":[],"class_list":["post-38712","post","type-post","status-publish","format-standard","hentry","category-ott","category-tv-abierta","category-tv-de-pagp","category-ultimas-noticias"],"_links":{"self":[{"href":"https:\/\/tvmasmagazine.com\/es\/wp-json\/wp\/v2\/posts\/38712","targetHints":{"allow":["GET"]}}],"collection":[{"href":"https:\/\/tvmasmagazine.com\/es\/wp-json\/wp\/v2\/posts"}],"about":[{"href":"https:\/\/tvmasmagazine.com\/es\/wp-json\/wp\/v2\/types\/post"}],"author":[{"embeddable":true,"href":"https:\/\/tvmasmagazine.com\/es\/wp-json\/wp\/v2\/users\/1"}],"replies":[{"embeddable":true,"href":"https:\/\/tvmasmagazine.com\/es\/wp-json\/wp\/v2\/comments?post=38712"}],"version-history":[{"count":1,"href":"https:\/\/tvmasmagazine.com\/es\/wp-json\/wp\/v2\/posts\/38712\/revisions"}],"predecessor-version":[{"id":38714,"href":"https:\/\/tvmasmagazine.com\/es\/wp-json\/wp\/v2\/posts\/38712\/revisions\/38714"}],"wp:attachment":[{"href":"https:\/\/tvmasmagazine.com\/es\/wp-json\/wp\/v2\/media?parent=38712"}],"wp:term":[{"taxonomy":"category","embeddable":true,"href":"https:\/\/tvmasmagazine.com\/es\/wp-json\/wp\/v2\/categories?post=38712"},{"taxonomy":"post_tag","embeddable":true,"href":"https:\/\/tvmasmagazine.com\/es\/wp-json\/wp\/v2\/tags?post=38712"}],"curies":[{"name":"wp","href":"https:\/\/api.w.org\/{rel}","templated":true}]}}