{"id":3926,"date":"2013-04-01T12:50:05","date_gmt":"2013-04-01T12:50:05","guid":{"rendered":"http:\/\/www.tvmasmagazine.com\/?p=3926"},"modified":"2015-01-27T12:08:11","modified_gmt":"2015-01-27T11:08:11","slug":"rtva-en-espana-busca-vias-para-fortalecer-al-sector-audiovisual-andaluz","status":"publish","type":"post","link":"https:\/\/tvmasmagazine.com\/es\/2013\/04\/01\/rtva-en-espana-busca-vias-para-fortalecer-al-sector-audiovisual-andaluz\/","title":{"rendered":"RTVA en Espa\u00f1a busca v\u00edas para fortalecer al sector audiovisual andaluz"},"content":{"rendered":"<p><\/p>\n<h3> Han abordado la dif\u00edcil situaci\u00f3n por la que atraviesa el sector consecuencia de la crisis econ\u00f3mica y tambi\u00e9n la reducci\u00f3n presupuestaria de la propia cadena RTVA<\/h3>\n<p><div id=\"attachment_3927\" style=\"width: 310px\" class=\"wp-caption alignleft\"><a href=\"http:\/\/www.tvmasmagazine.com\/wp-content\/uploads\/2013\/04\/Joaqu\u00edn-Dur\u00e1n-subdirector-general-de-Radio-Televisi\u00f3n-de-Andaluc\u00eda-RTVA-300.jpg\"><img loading=\"lazy\" decoding=\"async\" aria-describedby=\"caption-attachment-3927\" src=\"http:\/\/www.tvmasmagazine.com\/wp-content\/uploads\/2013\/04\/Joaqu\u00edn-Dur\u00e1n-subdirector-general-de-Radio-Televisi\u00f3n-de-Andaluc\u00eda-RTVA-300.jpg\" alt=\"\" title=\"Joaqu\u00edn Dur\u00e1n, subdirector general de Radio Televisi\u00f3n de Andaluc\u00eda (RTVA-300\" width=\"300\" height=\"451\" class=\"size-full wp-image-3927\" srcset=\"https:\/\/tvmasmagazine.com\/wp-content\/uploads\/2013\/04\/Joaqu\u00edn-Dur\u00e1n-subdirector-general-de-Radio-Televisi\u00f3n-de-Andaluc\u00eda-RTVA-300.jpg 300w, https:\/\/tvmasmagazine.com\/wp-content\/uploads\/2013\/04\/Joaqu\u00edn-Dur\u00e1n-subdirector-general-de-Radio-Televisi\u00f3n-de-Andaluc\u00eda-RTVA-300-199x300.jpg 199w\" sizes=\"auto, (max-width: 300px) 100vw, 300px\" \/><\/a><p id=\"caption-attachment-3927\" class=\"wp-caption-text\">Joaquin Dur\u00e1n (RTVA) comprometido con los productores para fortalecer al sector audiovisual andaluz<\/p><\/div>Joaqu\u00edn Dur\u00e1n, subdirector general de Radio Televisi\u00f3n de Andaluc\u00eda (RTVA), recibi\u00f3 la semana pasada a los representantes de la Asociaci\u00f3n de Empresas Productoras de Andaluc\u00eda (Aeppa-Apria) encabezados por su presidente Manuel G\u00f3mez Carde\u00f1a, con quienes se ha comprometido a buscar v\u00edas para fortalecer al sector audiovisual andaluz, seg\u00fan informa la RTVA en un comunicado.  Dur\u00e1n (RTVA) se compromete con los productores a buscar v\u00edas para fortalecer al sector audiovisual andaluz<\/p>\n<p>En este primer contacto tras el nombramiento de Dur\u00e1n, se ha abordado la dif\u00edcil situaci\u00f3n por la que atraviesa el sector consecuencia de la crisis econ\u00f3mica y tambi\u00e9n la reducci\u00f3n presupuestaria de la propia RTVA, al tiempo que las partes se han comprometido a avanzar en el dialogo y la negociaci\u00f3n que permita un nuevo convenio que d\u00e9 garant\u00edas de inversi\u00f3n de la cadena p\u00fablica.<\/p>\n<p>Desde la Asociaci\u00f3n de Productoras se ha puesto encima de la mesa la necesidad de un convenio global, que vaya m\u00e1s all\u00e1 de los acuerdos respecto del llamado seis por ciento para obras de cine, documentales y ficci\u00f3n. El sector ha pedido a RTVA apoyo para poder llegar a acuerdos de financiaci\u00f3n con la banca privada, dadas las dificultades crediticias que hay en este momento.<\/p>\n<p>El subdirector general de RTVA ha dicho estar dispuesto a buscar f\u00f3rmulas que permitan fortalecer la colaboraci\u00f3n conjugando las necesidades de la agencia p\u00fablica y las de los productores del audiovisual, consciente de la importancia que tiene este sector para la industria andaluza.<\/p>\n<p>En la reuni\u00f3n, junto con el presidente de Aeppa, Manuel G\u00f3mez Carde\u00f1a, han estado los productores Jos\u00e9 Flores, Gervasio Iglesias e Ignacio Gallego. Acompa\u00f1ando al subdirector general de RTVA, Joaqu\u00edn Duran, ha estado el director de Antena de Canal Sur Televisi\u00f3n, Antonio Ram\u00edrez.<\/p>\n<p>Joaqu\u00edn Dur\u00e1n ha manifestado ser consciente del dif\u00edcil momento por el que atraviesa esta industria, que genera cerca de 2.000 puestos de trabajo, y que a pesar de todo est\u00e1 consiguiendo numerosos \u00e9xitos nacionales e internacionales.<\/p>\n<p>Desde RTVA se ha querido asegurar el apoyo a este sector, tal y como viene recogido en la Ley de la Agencia P\u00fablica, que contempla entre sus deberes \u00abfomentar la producci\u00f3n audiovisual andaluza, facilitando el desarrollo de la industria audiovisual andaluza\u00bb, una obligaci\u00f3n recogida igualmente en la Carta de Servicio P\u00fablico y en el Contrato Programa.<\/p>\n<p>La Asociaci\u00f3n de empresas Productoras de Andaluc\u00eda, Aeppa-Apria, agrupa a cerca de 30 empresas del sector con una elevada experiencia y profesionalidad. Estas entidades han producido numerosos programas para RTVA desde sus comienzos. En los pr\u00f3ximos d\u00edas, se establecer\u00e1 un calendario de reuniones para intentar alcanzar un convenio de colaboraci\u00f3n.<\/p>","protected":false},"excerpt":{"rendered":"<p>Han abordado la dif\u00edcil situaci\u00f3n por la que atraviesa el sector consecuencia de la crisis econ\u00f3mica y tambi\u00e9n la reducci\u00f3n <a class=\"more-link\" href=\"https:\/\/tvmasmagazine.com\/es\/2013\/04\/01\/rtva-en-espana-busca-vias-para-fortalecer-al-sector-audiovisual-andaluz\/\">&#8230;<\/a><\/p>\n","protected":false},"author":1,"featured_media":3928,"comment_status":"closed","ping_status":"closed","sticky":false,"template":"","format":"standard","meta":{"footnotes":""},"categories":[41],"tags":[],"class_list":["post-3926","post","type-post","status-publish","format-standard","has-post-thumbnail","hentry","category-europa"],"_links":{"self":[{"href":"https:\/\/tvmasmagazine.com\/es\/wp-json\/wp\/v2\/posts\/3926","targetHints":{"allow":["GET"]}}],"collection":[{"href":"https:\/\/tvmasmagazine.com\/es\/wp-json\/wp\/v2\/posts"}],"about":[{"href":"https:\/\/tvmasmagazine.com\/es\/wp-json\/wp\/v2\/types\/post"}],"author":[{"embeddable":true,"href":"https:\/\/tvmasmagazine.com\/es\/wp-json\/wp\/v2\/users\/1"}],"replies":[{"embeddable":true,"href":"https:\/\/tvmasmagazine.com\/es\/wp-json\/wp\/v2\/comments?post=3926"}],"version-history":[{"count":1,"href":"https:\/\/tvmasmagazine.com\/es\/wp-json\/wp\/v2\/posts\/3926\/revisions"}],"predecessor-version":[{"id":3929,"href":"https:\/\/tvmasmagazine.com\/es\/wp-json\/wp\/v2\/posts\/3926\/revisions\/3929"}],"wp:featuredmedia":[{"embeddable":true,"href":"https:\/\/tvmasmagazine.com\/es\/wp-json\/wp\/v2\/media\/3928"}],"wp:attachment":[{"href":"https:\/\/tvmasmagazine.com\/es\/wp-json\/wp\/v2\/media?parent=3926"}],"wp:term":[{"taxonomy":"category","embeddable":true,"href":"https:\/\/tvmasmagazine.com\/es\/wp-json\/wp\/v2\/categories?post=3926"},{"taxonomy":"post_tag","embeddable":true,"href":"https:\/\/tvmasmagazine.com\/es\/wp-json\/wp\/v2\/tags?post=3926"}],"curies":[{"name":"wp","href":"https:\/\/api.w.org\/{rel}","templated":true}]}}