{"id":39524,"date":"2018-09-28T13:22:21","date_gmt":"2018-09-28T20:22:21","guid":{"rendered":"http:\/\/www.tvmasmagazine.com\/?p=39524"},"modified":"2018-10-05T13:33:27","modified_gmt":"2018-10-05T20:33:27","slug":"jornadas-atvc-2018-una-optica-en-positivo-y-en-negativo","status":"publish","type":"post","link":"https:\/\/tvmasmagazine.com\/es\/2018\/09\/28\/jornadas-atvc-2018-una-optica-en-positivo-y-en-negativo\/","title":{"rendered":"JORNADAS ATVC 2018 una \u00f3ptica  en positivo y en negativo"},"content":{"rendered":"<p><\/p>\n<h4>TV de Pago\/ Expos<\/h4>\n<p><strong>Las conferencias organizadas\u00a0 por\u00a0Cappsa,\u00a0\u00a0dieron\u00a0 brillo, renovaci\u00f3n y peso al evento centradas en contenidos.El d\u00eda martes, varias razones, entre ellas, el paro nacional convocado\u00a0 por los peronistas en contra del\u00a0 gobierno del presidente Mauricio Macri, golpe\u00f3 al evento sintetiz\u00e1ndolo pr\u00e1cticamente, a un d\u00eda y medio. Pero este tiempo demostr\u00f3 ser suficiente.<\/strong><\/p>\n<p><img loading=\"lazy\" decoding=\"async\" class=\" wp-image-39525 aligncenter\" src=\"http:\/\/www.tvmasmagazine.com\/wp-content\/uploads\/2018\/10\/JORNADAS-350x263.jpeg\" alt=\"\" width=\"478\" height=\"363\" \/><\/p>\n<p><span lang=\"ES-CO\">Con exposiciones comerciales, charlas t\u00e9cnicas y conferencias acad\u00e9micas, el evento convoc\u00f3 importantes exhibidores, operadores, asociaciones de TV por cable del pa\u00eds, pero se not\u00f3 la falta de\u00a0 cable operadores peque\u00f1os y medianos, as\u00ed como de Chile que redujo su presencia.\u00a0<\/span><u><\/u><u><\/u><\/p>\n<p><span lang=\"ES-CO\">Lo que es evidente, es la presi\u00f3n que tiene la TV tradicional de pago\u00a0 ante\u00a0 desaf\u00edos y oportunidades.\u00a0 Las empresas que entraron como telcos y telefon\u00eda m\u00f3vil, (Importantes capitales), hoy est\u00e1n disputando el negocio de la\u00a0 TV de pago en una vor\u00e1gine de inversiones y ofertas para los usuarios. Entre los Exhibidores estuvieron Atresmedia, Acontecem, AMC Networks, Artear, AZ TV de PAGA, Amphenol, Canal 9, \u00a0EKT, MBA Networks, HOT GO, Discovery, HBO, RFI, France 24, Turner, TyC Sports, Televisa, SGDG, Pontis, LatinoTCA.com, \u00a0RED Intercable, QVIX Media Solutions y Viacom entre otros.<\/span><u><\/u><u><\/u><\/p>\n<p><span lang=\"ES-CO\">El foro organizado por Cappsa titulado \u201cempresas de programaci\u00f3n y contenidos\u201d, en la que l\u00edderes de las empresas de programaci\u00f3n debatieron sobre el presente y futuro del consumo de contenidos le dio brillo y peso al evento. En estas jornadas qued\u00f3 claro que los programadores han demostrado su poder con competitivas ofertas directas al consumidor final. Asunto que en TV<\/span><span lang=\"ES-CO\">MAS<\/span><span lang=\"ES-CO\">\u00a0anticipamos de que, el negocio estar\u00eda basado en ofertas streaming, Premium versus precio. Y\u00a0 los cable operadores, con asombro, ver\u00edan\u00a0 la llegada directa de los programadores al consumidor final. Los cable operadores tuvieron por muchos a\u00f1os la sart\u00e9n por la manga, pero la tecnolog\u00eda desmantel\u00f3 la gran verdad: el contenido hoy como ayer y como ma\u00f1ana: es el rey.<\/span><u><\/u><u><\/u><\/p>\n<p><span lang=\"ES-CO\">El\u00a0<i>cu\u00e1druple play<\/i>\u00a0 har\u00e1 una variante significativa en este negocio, con\u00a0<b>Telecom<\/b>\u00a0y sus competidores trayendo\u00a0 productos IPTV. Otro operador,\u00a0<b>Claro<\/b>, tambi\u00e9n apuesta IPTV y se lanzar\u00e1 a principios de 2019, un proyecto casi finalizado que ya es\u00a0<i>voz populi.<\/i>\u00a0<\/span><u><\/u><u><\/u><\/p>\n<p><span lang=\"ES-CO\">CERTAL y sus asociados reguladores pretendieron entrar en\u00a0 el marco jur\u00eddico y regulatorio para las plataformas OTT en los pa\u00edses de Latinoam\u00e9rica. Pero su charla en estas JORNADAS result\u00f3 sin contexto y con un tinte pol\u00edtico, dejando m\u00e1s preguntas que resultados.\u00a0<\/span><u><\/u><u><\/u><\/p>\n<p><span lang=\"ES-CO\">El panel\u00a0 de convergencia y TICS, intent\u00f3\u00a0 acercarse\u00a0 a temas como la movilidad, las ofertas multipantalla, y los h\u00e1bitos actuales de consumo\u00a0 como imanes transformadores del sector. La excelente moderaci\u00f3n de Jos\u00e9 Crettaz, dej\u00f3\u00a0 varias preguntas en el auditorio, gracias\u00a0 a su\u00a0 conocimiento y gran visi\u00f3n y a sus importantes aportes a esta conversaci\u00f3n.<\/span><u><\/u><u><\/u><\/p>\n<p><span lang=\"ES-CO\">As\u00ed, la Expo de JORNADAS\u00a0 de ATVC\u00a0 2018 sabe que es la \u00fanica que queda bajo el manto de \u201casociaci\u00f3n\u201d\u00a0 en la regi\u00f3n y tiene el gran desaf\u00edo de innovar su formato. La\u00a0 Expo TEPAL\u00a0 que tras 28 a\u00f1os apag\u00f3 sus luces\u00a0 este 2018, deja en el muro de muchas Expos, grafitis\u00a0 y s\u00edmbolos de que la hora de la innovaci\u00f3n ha llegado.<\/span><\/p>","protected":false},"excerpt":{"rendered":"<p>TV de Pago\/ Expos Las conferencias organizadas\u00a0 por\u00a0Cappsa,\u00a0\u00a0dieron\u00a0 brillo, renovaci\u00f3n y peso al evento centradas en contenidos.El d\u00eda martes, varias <a class=\"more-link\" href=\"https:\/\/tvmasmagazine.com\/es\/2018\/09\/28\/jornadas-atvc-2018-una-optica-en-positivo-y-en-negativo\/\">&#8230;<\/a><\/p>\n","protected":false},"author":1,"featured_media":0,"comment_status":"closed","ping_status":"closed","sticky":false,"template":"","format":"standard","meta":{"footnotes":""},"categories":[32,80,47,13],"tags":[],"class_list":["post-39524","post","type-post","status-publish","format-standard","hentry","category-festival","category-ott","category-tv-de-pagp","category-ultimas-noticias"],"_links":{"self":[{"href":"https:\/\/tvmasmagazine.com\/es\/wp-json\/wp\/v2\/posts\/39524","targetHints":{"allow":["GET"]}}],"collection":[{"href":"https:\/\/tvmasmagazine.com\/es\/wp-json\/wp\/v2\/posts"}],"about":[{"href":"https:\/\/tvmasmagazine.com\/es\/wp-json\/wp\/v2\/types\/post"}],"author":[{"embeddable":true,"href":"https:\/\/tvmasmagazine.com\/es\/wp-json\/wp\/v2\/users\/1"}],"replies":[{"embeddable":true,"href":"https:\/\/tvmasmagazine.com\/es\/wp-json\/wp\/v2\/comments?post=39524"}],"version-history":[{"count":1,"href":"https:\/\/tvmasmagazine.com\/es\/wp-json\/wp\/v2\/posts\/39524\/revisions"}],"predecessor-version":[{"id":39526,"href":"https:\/\/tvmasmagazine.com\/es\/wp-json\/wp\/v2\/posts\/39524\/revisions\/39526"}],"wp:attachment":[{"href":"https:\/\/tvmasmagazine.com\/es\/wp-json\/wp\/v2\/media?parent=39524"}],"wp:term":[{"taxonomy":"category","embeddable":true,"href":"https:\/\/tvmasmagazine.com\/es\/wp-json\/wp\/v2\/categories?post=39524"},{"taxonomy":"post_tag","embeddable":true,"href":"https:\/\/tvmasmagazine.com\/es\/wp-json\/wp\/v2\/tags?post=39524"}],"curies":[{"name":"wp","href":"https:\/\/api.w.org\/{rel}","templated":true}]}}